{"id":2893,"date":"2021-11-23T11:50:52","date_gmt":"2021-11-23T08:50:52","guid":{"rendered":"http:\/\/mersin.mesiad.org\/index.php\/2021\/11\/23\/ptt-teskilati-178-yasinda\/"},"modified":"2021-11-23T11:50:52","modified_gmt":"2021-11-23T08:50:52","slug":"ptt-teskilati-178-yasinda","status":"publish","type":"post","link":"https:\/\/mersingazetesi.com\/index.php\/2021\/11\/23\/ptt-teskilati-178-yasinda\/","title":{"rendered":"PTT Te\u015fkilat\u0131 178 ya\u015f\u0131nda"},"content":{"rendered":"<p>Etkinlik kapsam\u0131nda Cumhuriyet Meydan\u0131nda \u00e7elenk sunma t\u00f6reninin ard\u0131ndan, PTT mobil ekipleri ve motorize ekipleri, Tevfik S\u0131rr\u0131 G\u00fcr Stadyumundan, PTT P.\u0130.M \u015fubesine kadar kortej olu\u015fturdu. PTT Mersin Ba\u015f M\u00fcd\u00fcr\u00fc Nurg\u00fcl Alt\u0131n\u00f6z, PTT olarak Mersin&#8217;de 103 i\u015f yeri ve 800 \u00e7al\u0131\u015fanla hizmet verdiklerini s\u00f6yledi.\u00a0<\/p>\n<p>&#8220;Bankalar\u0131n olmad\u0131\u011f\u0131 b\u00f6lgelere mobil ekipler hizmet g\u00f6t\u00fcr\u00fcyor&#8221;<\/p>\n<p>PTT&#8217;nin T\u00fcrkiye genelinde 42 bin \u00e7al\u0131\u015fan ve yakla\u015f\u0131k 5 bin i\u015f yeri ile hizmet verdi\u011fini belirten Alt\u0131n\u00f6z, &#8220;B\u00fcy\u00fck bir heyecanla 178\u2019inci y\u0131l\u0131m\u0131z\u0131 kutluyoruz. Posta nezareti olarak 23 Ekim 1840 y\u0131l\u0131nda kurulan \u015firketimiz, 2013 y\u0131l\u0131nda da Posta Telgraf A.\u015e. olarak anonim \u015firketi olmu\u015ftur. Mersin&#8217;de 4 tane mobil arac\u0131m\u0131zda yaylalarda hizmet veriyoruz. Toroslar\u2019\u0131n Arslank\u00f6y Mahallesi&#8217;nden, G\u00fclnar&#8217;\u0131n K\u00f6se\u00e7abal\u0131 Mahallesi&#8217;ne kadar bir\u00e7ok bankan\u0131n olmad\u0131\u011f\u0131 noktada hizmet vermekteyiz. Kent genelinde 67 tane 7 g\u00fcn 24 saat \u00e7al\u0131\u015fan &#8216;PTTmati\u011fimiz&#8217; mevcuttur. \u015eirket olarak banka, posta kargo lojistik ve e-ticaret alanlar\u0131nda vatanda\u015flara hizmet sunmaktay\u0131z&#8221; dedi.\u00a0<\/p>\n<p>&#8220;Y\u00f6resel \u00fcr\u00fcnlerin g\u00f6nderiminde y\u00fczde 30 indirim&#8221;\u00a0<\/p>\n<p>Kargoda y\u0131l sonuna kadar kampanyalar\u0131 oldu\u011funu da aktaran Alt\u0131n\u00f6z, &#8220;Bireysel m\u00fc\u015fterilerimize ve PTT\u2019lerimize gelen b\u00fct\u00fcn m\u00fc\u015fterilerimize y\u00fczde 25 kargo g\u00f6nderilerinde indirim uygulamaktay\u0131z. \u00dcniversite \u00f6\u011frencilerine okullar\u0131n a\u00e7\u0131l\u0131\u015f ve kapan\u0131\u015f d\u00f6nemlerinde birer bu\u00e7uk ayl\u0131k s\u00fcrelerde y\u00fczde 30 indirim yapmaktay\u0131z. Ayr\u0131ca, Mersin \u00f6zelinde y\u00f6resel \u00fcr\u00fcnlerimizi desteklemek amac\u0131yla narenciye, avokado, zeytin ve zeytin ya\u011f\u0131 gibi \u00fcr\u00fcnlere y\u00fczde 30 indirim uygulamaktay\u0131z. Sosyal sorumluluk projesi olarak kitap okumay\u0131 yayg\u0131nla\u015ft\u0131rmak i\u00e7in kitap g\u00f6nderilerinde y\u00fczde 50 indirim uygulamaktay\u0131z&#8221; ifadelerini kulland\u0131.\u00a0<br \/>\nKonu\u015fmalar\u0131n ard\u0131ndan Alt\u0131n\u00f6z ve beraberindeki personel, Mersin Valisi Ali \u0130hsan Su&#8217;yu ziyaret etti. Ziyaretin ard\u0131ndan 178&#8217;inci PTT m\u00fc\u015fterisine hediye verildi.<\/p>\n<p>\u0130HA<\/p>\n","protected":false},"excerpt":{"rendered":"<p>Mersin&#8217;de Posta ve Telgraf Te\u015fkilat\u0131&#8217;n\u0131n (PTT) 178&#8217;inci kurulu\u015f y\u0131l d\u00f6n\u00fcm\u00fcn\u00fc \u00e7e\u015fitli etkinliklerle kutland\u0131.<\/p>\n","protected":false},"author":2,"featured_media":0,"comment_status":"open","ping_status":"open","sticky":false,"template":"","format":"standard","meta":{"footnotes":""},"categories":[],"tags":[],"class_list":["post-2893","post","type-post","status-publish","format-standard","hentry"],"views":24,"_links":{"self":[{"href":"https:\/\/mersingazetesi.com\/index.php\/wp-json\/wp\/v2\/posts\/2893","targetHints":{"allow":["GET"]}}],"collection":[{"href":"https:\/\/mersingazetesi.com\/index.php\/wp-json\/wp\/v2\/posts"}],"about":[{"href":"https:\/\/mersingazetesi.com\/index.php\/wp-json\/wp\/v2\/types\/post"}],"author":[{"embeddable":true,"href":"https:\/\/mersingazetesi.com\/index.php\/wp-json\/wp\/v2\/users\/2"}],"replies":[{"embeddable":true,"href":"https:\/\/mersingazetesi.com\/index.php\/wp-json\/wp\/v2\/comments?post=2893"}],"version-history":[{"count":0,"href":"https:\/\/mersingazetesi.com\/index.php\/wp-json\/wp\/v2\/posts\/2893\/revisions"}],"wp:attachment":[{"href":"https:\/\/mersingazetesi.com\/index.php\/wp-json\/wp\/v2\/media?parent=2893"}],"wp:term":[{"taxonomy":"category","embeddable":true,"href":"https:\/\/mersingazetesi.com\/index.php\/wp-json\/wp\/v2\/categories?post=2893"},{"taxonomy":"post_tag","embeddable":true,"href":"https:\/\/mersingazetesi.com\/index.php\/wp-json\/wp\/v2\/tags?post=2893"}],"curies":[{"name":"wp","href":"https:\/\/api.w.org\/{rel}","templated":true}]}}