{"id":2887,"date":"2021-11-23T11:50:52","date_gmt":"2021-11-23T08:50:52","guid":{"rendered":"http:\/\/mersin.mesiad.org\/index.php\/2021\/11\/23\/saha-tatbikati-gercegini-aratmadi\/"},"modified":"2021-11-23T11:50:52","modified_gmt":"2021-11-23T08:50:52","slug":"saha-tatbikati-gercegini-aratmadi","status":"publish","type":"post","link":"https:\/\/mersingazetesi.com\/index.php\/2021\/11\/23\/saha-tatbikati-gercegini-aratmadi\/","title":{"rendered":"Saha tatbikat\u0131 ger\u00e7e\u011fini aratmad\u0131"},"content":{"rendered":"<p>Mersin \u0130l Afet M\u00fcdahale Plan\u0131 (TAMP-Mersin) kapsam\u0131nda, \u0130l Afet ve Acil Durum M\u00fcd\u00fcrl\u00fc\u011f\u00fc (AFAD) taraf\u0131ndan haz\u0131rlanan Tamp-Mersin Saha Tatbikat\u0131 Vali Ali \u0130hsan Su\u2019nun koordinesinde ger\u00e7e\u011fini aratmayacak \u015fekilde ger\u00e7ekle\u015ftirildi.<\/p>\n<p>Tatbikat\u0131 \u00f6ncesinde Vali Ali \u0130hsan Su ba\u015fkanl\u0131\u011f\u0131nda, \u00a0Akdeniz B\u00f6lge ve Garnizon Komutan\u0131 Tu\u011famiral \u00d6nder G\u00fcrb\u00fcz, B\u00fcy\u00fck\u015fehir Belediye Ba\u015fkan\u0131 Burhanettin Kocamaz, \u0130l Jandarma Komutan\u0131 Kd. Albay \u015eerafettin Y\u0131lmaz ve \u0130l Emniyet M\u00fcd\u00fcr\u00fc Mehmet \u015eahne\u2019nin yan\u0131 s\u0131ra, Sahil G\u00fcvenlik Akdeniz B\u00f6lge Komutanl\u0131\u011f\u0131, ilgili b\u00f6lge ve il m\u00fcd\u00fcrl\u00fc\u011f\u00fc yetkililerinin kat\u0131l\u0131m\u0131yla olu\u015fturulan \u201cAfet Acil Durum Y\u00f6netim Merkezi Kurulu Toplant\u0131s\u0131\u201d yap\u0131ld\u0131.<br \/>\n\u00a0<br \/>\n112 Acil \u00c7a\u011fr\u0131 Merkezi\u2019nde ger\u00e7ekle\u015ftirilen toplant\u0131 \u00f6ncesinde Vali Ali \u0130hsan Su bir konu\u015fma yapt\u0131. Su, ger\u00e7ekle\u015ftirilecek olan tatbikat\u0131n, fiziksel, ekonomik ve sosyal kay\u0131plar ya\u015fatarak toplumun bir\u00e7ok kesimini etkileyen bir sel afetinin meydana gelmesi halinde, m\u00fcdahale edecek hizmet gruplar\u0131n\u0131n mevcut hareket kabiliyetini g\u00f6rmek, varsa eksikliklerini gidermek, kamu kurum ve kurulu\u015flar\u0131 ile sivil toplum \u00f6rg\u00fctleri aras\u0131ndaki koordinasyonu art\u0131rmak ve bu sayede olas\u0131 bir afet durumunda meydana gelebilecek zararlar\u0131n en aza indirilebilmesi i\u00e7in gerekli tedbirlerin al\u0131nmas\u0131n\u0131 sa\u011flamak amac\u0131yla ger\u00e7ekle\u015ftirildi\u011fini ifade etti.<br \/>\n\u00a0<br \/>\nKonu\u015fman\u0131n ard\u0131ndan, \u0130l Afet ve Acil Durum M\u00fcd\u00fcr Vekili Y\u0131lmaz Ersoy\u2019un yapt\u0131\u011f\u0131 tatbikat senaryosu ile ilgili genel bilgiler i\u00e7eren sunumla s\u00fcren toplant\u0131 sonras\u0131nda, kurul \u00fcyeleriyle birlikte tatbikat\u0131n icra edilece\u011fi sahaya ge\u00e7ildi.\u00a0<br \/>\nBa\u015flama komutuyla birlikte Mersin\u2019in afetsel \u00f6zelliklerinden hareketle se\u00e7ilen \u2018Sel-Su Bask\u0131n\u0131\u2019 senaryosu sahada uyguland\u0131. Haz\u0131rlanan senaryo i\u00e7ersinde, g\u00f6revli hizmet gruplar\u0131 taraf\u0131ndan M\u00fcft\u00fc Deresi\u2019ne d\u00fc\u015fen ara\u00e7 i\u00e7erisinde, enkazda, derede ve denizde arama-kurtarma ve Kimyasal, Biyolojik, Radyolojik ve N\u00fckleer (KBRN) vakas\u0131; mahsur hastan\u0131n kurtar\u0131lmas\u0131 ve yolun trafi\u011fe kapanmas\u0131 olmak \u00fczere be\u015f farkl\u0131 vaka ile ilgili icra edilen olaylara m\u00fcdahale edildi.<br \/>\n\u00a0<br \/>\n21 kurum ve kurulu\u015fun, 65 ara\u00e7 ve 298 personelle kat\u0131larak ger\u00e7ekle\u015ftirdi\u011fi \u2018Mersin Afet M\u00fcdahale Plan\u0131 Saha Tatbikat\u0131\u2019 ba\u015far\u0131l\u0131 bir \u015fekilde icra edilmesinin ard\u0131ndan sona erdi.\u00a0<br \/>\nTatbikat senaryosunun tamamlanmas\u0131n\u0131n ard\u0131ndan, kurul \u00fcyeleriyle birlikte tatbikat\u0131n ger\u00e7ekle\u015ftirildi\u011fi M\u00fcft\u00fc Deresinin bat\u0131 yakas\u0131ndaki Ahmet Ayas Futbol Sahas\u0131\u2019nda olu\u015fturulan ge\u00e7ici bar\u0131nma merkezine ge\u00e7en Vali Ali \u0130hsan Su, protokol \u00fcyeleriyle birlikte afetzede \u00e7ad\u0131rlar\u0131nda incelemelerde bulundu.<\/p>\n<p>SEV\u0130M ESRA G\u00dcNG\u00d6R<\/p>\n","protected":false},"excerpt":{"rendered":"<p>Mersin \u0130l Afet M\u00fcdahale Plan\u0131 (TAMP-Mersin) kapsam\u0131nda, \u0130l Afet ve Acil Durum M\u00fcd\u00fcrl\u00fc\u011f\u00fc (AFAD) taraf\u0131ndan haz\u0131rlanan Tamp-Mersin Saha Tatbikat\u0131 Vali Ali \u0130hsan Su\u2019nun koordinesinde ger\u00e7e\u011fini aratmayacak \u015fekilde ger\u00e7ekle\u015ftirildi. Tatbikat\u0131 \u00f6ncesinde Vali Ali \u0130hsan Su ba\u015fkanl\u0131\u011f\u0131nda, \u00a0Akdeniz B\u00f6lge ve Garnizon Komutan\u0131 Tu\u011famiral \u00d6nder G\u00fcrb\u00fcz, B\u00fcy\u00fck\u015fehir Belediye Ba\u015fkan\u0131 Burhanettin Kocamaz, \u0130l Jandarma Komutan\u0131 Kd. Albay \u015eerafettin Y\u0131lmaz [&hellip;]<\/p>\n","protected":false},"author":2,"featured_media":0,"comment_status":"open","ping_status":"open","sticky":false,"template":"","format":"standard","meta":{"footnotes":""},"categories":[],"tags":[],"class_list":["post-2887","post","type-post","status-publish","format-standard","hentry"],"views":14,"_links":{"self":[{"href":"https:\/\/mersingazetesi.com\/index.php\/wp-json\/wp\/v2\/posts\/2887","targetHints":{"allow":["GET"]}}],"collection":[{"href":"https:\/\/mersingazetesi.com\/index.php\/wp-json\/wp\/v2\/posts"}],"about":[{"href":"https:\/\/mersingazetesi.com\/index.php\/wp-json\/wp\/v2\/types\/post"}],"author":[{"embeddable":true,"href":"https:\/\/mersingazetesi.com\/index.php\/wp-json\/wp\/v2\/users\/2"}],"replies":[{"embeddable":true,"href":"https:\/\/mersingazetesi.com\/index.php\/wp-json\/wp\/v2\/comments?post=2887"}],"version-history":[{"count":0,"href":"https:\/\/mersingazetesi.com\/index.php\/wp-json\/wp\/v2\/posts\/2887\/revisions"}],"wp:attachment":[{"href":"https:\/\/mersingazetesi.com\/index.php\/wp-json\/wp\/v2\/media?parent=2887"}],"wp:term":[{"taxonomy":"category","embeddable":true,"href":"https:\/\/mersingazetesi.com\/index.php\/wp-json\/wp\/v2\/categories?post=2887"},{"taxonomy":"post_tag","embeddable":true,"href":"https:\/\/mersingazetesi.com\/index.php\/wp-json\/wp\/v2\/tags?post=2887"}],"curies":[{"name":"wp","href":"https:\/\/api.w.org\/{rel}","templated":true}]}}