{"id":2766,"date":"2021-11-23T11:50:46","date_gmt":"2021-11-23T08:50:46","guid":{"rendered":"http:\/\/mersin.mesiad.org\/index.php\/2021\/11\/23\/ceferinin-yaptigi-aciklamalar-ulkemiz-adina-utanc-verici\/"},"modified":"2021-11-23T11:50:46","modified_gmt":"2021-11-23T08:50:46","slug":"ceferinin-yaptigi-aciklamalar-ulkemiz-adina-utanc-verici","status":"publish","type":"post","link":"https:\/\/mersingazetesi.com\/index.php\/2021\/11\/23\/ceferinin-yaptigi-aciklamalar-ulkemiz-adina-utanc-verici\/","title":{"rendered":"CEFER\u0130N\u2019\u0130N YAPTI\u011eI A\u00c7IKLAMALAR \u00dcLKEM\u0130Z ADINA UTAN\u00c7 VER\u0130C\u0130"},"content":{"rendered":"<p>CHP Mersin Milletvekili Ali Mahir Ba\u015far\u0131r, T\u00fcrkiye\u2019nin EURO 2024&#8217;\u00fc kaybetmesi ile ilgili baz\u0131 sorular\u0131 meclis g\u00fcndemine ta\u015f\u0131d\u0131.<br \/>\nCHP\u2019li Ba\u015far\u0131r, \u201cD\u00fcnyan\u0131n en g\u00fczel \u00fclkelerinden birini Nusret ile tan\u0131tmak kimin fikri olmu\u015ftur? Nusret\u2019in EURO 2024 i\u00e7in katk\u0131s\u0131 ne olarak d\u00fc\u015f\u00fcn\u00fclm\u00fc\u015ft\u00fcr?\u201dsorular\u0131n\u0131 sorarak ilgin\u00e7 noktalara temas etti.<\/p>\n<p>Ba\u015far\u0131r, Gen\u00e7lik ve Spor Bakan\u0131 Mehmet Muharrem Kasapo\u011flu\u2019nun yaz\u0131l\u0131 olarak yan\u0131tlamas\u0131 istemi ile vermi\u015f oldu\u011fu yaz\u0131l\u0131 soru \u00f6nergesinde, oylama sonras\u0131 UEFA Ba\u015fkan\u0131 Aleksander Ceferin yapt\u0131\u011f\u0131 \u201c T\u00fcrkiye\u2019nin insan haklar\u0131 aksiyon plan\u0131 eksikti. Otel kapasitesi limitliydi. Bir\u00e7ok \u015fehir i\u00e7in baz\u0131 endi\u015feler vard\u0131.\u201d a\u00e7\u0131klamalar\u0131na da yer veren CHP\u2019li Ba\u015far\u0131r,\u201cUEFA Ba\u015fkan\u0131 Aleksander Ceferin yapt\u0131\u011f\u0131 a\u00e7\u0131klamalar \u00fclkemiz ad\u0131na utan\u00e7 verici de\u011fil midir?\u201d sorusunu sorarak meclis g\u00fcndemini belirledi.<br \/>\nCHP Mersin Milletvekili Ali Mahir Ba\u015far\u0131r, \u201cGerek statlar\u0131n se\u00e7imi, gerek verilen yat\u0131r\u0131m s\u00f6zleri, insan haklar\u0131 a\u00e7\u0131s\u0131ndan g\u00fcven verememe, \u015fehirlerin se\u00e7imi ve tarafl\u0131 tarafs\u0131z herkesin merak etti\u011fi tan\u0131t\u0131m filminde Nusret adl\u0131 ki\u015finin yer almas\u0131d\u0131r. \u00dclkemiz i\u00e7in tarihi \u00f6neme sahip bir adayl\u0131k filminde yer verilmesine kimse anlam verememi\u015ftir.\u201d s\u00f6zlerini kulland\u0131.<\/p>\n<p>Ba\u015far\u0131r\u2019\u0131n \u00f6nergesinde \u015fu sorlar yer ald\u0131;\u00a0<br \/>\nEURO 2024 adayl\u0131\u011f\u0131 i\u00e7in yap\u0131lan ba\u015fvuruda belirlenen \u015fehirler ve statlar neye g\u00f6re belirlenmi\u015ftir?<br \/>\nEURO 2024 ba\u015fvurusu yap\u0131l\u0131rken Almanya, 2024 y\u0131l\u0131 i\u00e7in tamam\u0131 haz\u0131r stadyumlar\u0131 ile ba\u015fvuru yaparken biz neden dosyam\u0131zda \u00e7ivisi bile \u00e7ak\u0131lmayan stadyum projelerine yer verdik?<br \/>\nUEFA\u2019ya sunulan dosyaya g\u00f6re Atat\u00fcrk Olimpiyat Stadyumu, EURO 2024 \u00f6ncesinde y\u0131k\u0131l\u0131p tekrar yap\u0131laca\u011f\u0131 g\u00f6r\u00fclmektedir. 2020 y\u0131l\u0131ndaki \u015eampiyonlar Ligi finaline ev sahipli\u011fi yapacak ayn\u0131 stat i\u00e7in neden UEFA&#8217;ya b\u00f6yle bir ba\u015fvuru yap\u0131lm\u0131\u015ft\u0131r? Stad\u0131n bu durumu neden dikkate al\u0131nmam\u0131\u015ft\u0131r?<br \/>\nT\u00fcrkiye, ekonomik olarak 70 milyar Euro yat\u0131r\u0131m yapma s\u00f6z\u00fcn\u00fc neden vermi\u015ftir? Bu s\u00f6z nas\u0131l yerine getirilecektir?<br \/>\nTan\u0131t\u0131m filminde neden kendi futbolcular\u0131m\u0131zdan daha \u00e7ok yabanc\u0131 futbolcular \u00f6n plana \u00e7\u0131kar\u0131lmaya \u00e7al\u0131\u015f\u0131lm\u0131\u015ft\u0131r?<br \/>\nEURO 2024 tan\u0131t\u0131m filmi i\u00e7in bir yar\u0131\u015fma d\u00fczenlendi mi? Tan\u0131t\u0131m filmi i\u00e7in ka\u00e7 ajansla g\u00f6r\u00fc\u015f\u00fcld\u00fc?<br \/>\nEURO 2024 tan\u0131t\u0131m filmini hangi ajans haz\u0131rlam\u0131\u015ft\u0131r? Ajans\u0131 kim \u00f6nermi\u015ftir? Ajansa kim karar vermi\u015ftir? Bu tan\u0131t\u0131m filmi i\u00e7in ajansa ne kadar \u00f6deme yap\u0131lm\u0131\u015ft\u0131r?<br \/>\nNusret G\u00f6k\u00e7e, tan\u0131t\u0131m videosunda neden yer alm\u0131\u015ft\u0131r? Nusret&#8217;in yer almas\u0131na kim onay vermi\u015ftir? Tan\u0131t\u0131ma koyarken ne ama\u00e7lanm\u0131\u015ft\u0131r?<br \/>\nBu ki\u015finin T\u00fcrk Futboluna ne katk\u0131s\u0131 olmu\u015ftur? Futbol tan\u0131t\u0131m filmi ile \u201cetin\u201d alakas\u0131 nedir?<br \/>\nD\u00fcnyan\u0131n en g\u00fczel \u00fclkelerinden birini Nusret ile tan\u0131tmak kimin fikri olmu\u015ftur? Nusret\u2019in EURO 2024 i\u00e7in katk\u0131s\u0131 ne olarak d\u00fc\u015f\u00fcn\u00fclm\u00fc\u015ft\u00fcr?<br \/>\nNusret\u2019e bu tan\u0131t\u0131m filmi i\u00e7in \u00fccret \u00f6denmi\u015f midir? \u00d6denmi\u015fse bu \u00fccret nedir?<br \/>\nUEFA Ba\u015fkan\u0131 Aleksander Ceferin \u201c..T\u00fcrkiye\u2019nin insan haklar\u0131 aksiyon plan\u0131 eksikti..\u201d a\u00e7\u0131klamas\u0131na yer vermesi \u00fclkemiz ad\u0131na utan\u00e7 verici de\u011fil midir?<\/p>\n<p>SEV\u0130M ESRA G\u00dcNG\u00d6R<\/p>\n","protected":false},"excerpt":{"rendered":"<p>CHP Mersin Milletvekili Ali Mahir Ba\u015far\u0131r, T\u00fcrkiye\u2019nin EURO 2024&#8217;\u00fc kaybetmesi ile ilgili baz\u0131 sorular\u0131 meclis g\u00fcndemine ta\u015f\u0131d\u0131. CHP\u2019li Ba\u015far\u0131r, \u201cD\u00fcnyan\u0131n en g\u00fczel \u00fclkelerinden birini Nusret ile tan\u0131tmak kimin fikri olmu\u015ftur? Nusret\u2019in EURO 2024 i\u00e7in katk\u0131s\u0131 ne olarak d\u00fc\u015f\u00fcn\u00fclm\u00fc\u015ft\u00fcr?\u201dsorular\u0131n\u0131 sorarak ilgin\u00e7 noktalara temas etti. Ba\u015far\u0131r, Gen\u00e7lik ve Spor Bakan\u0131 Mehmet Muharrem Kasapo\u011flu\u2019nun yaz\u0131l\u0131 olarak yan\u0131tlamas\u0131 istemi [&hellip;]<\/p>\n","protected":false},"author":2,"featured_media":0,"comment_status":"open","ping_status":"open","sticky":false,"template":"","format":"standard","meta":{"footnotes":""},"categories":[],"tags":[],"class_list":["post-2766","post","type-post","status-publish","format-standard","hentry"],"views":18,"_links":{"self":[{"href":"https:\/\/mersingazetesi.com\/index.php\/wp-json\/wp\/v2\/posts\/2766","targetHints":{"allow":["GET"]}}],"collection":[{"href":"https:\/\/mersingazetesi.com\/index.php\/wp-json\/wp\/v2\/posts"}],"about":[{"href":"https:\/\/mersingazetesi.com\/index.php\/wp-json\/wp\/v2\/types\/post"}],"author":[{"embeddable":true,"href":"https:\/\/mersingazetesi.com\/index.php\/wp-json\/wp\/v2\/users\/2"}],"replies":[{"embeddable":true,"href":"https:\/\/mersingazetesi.com\/index.php\/wp-json\/wp\/v2\/comments?post=2766"}],"version-history":[{"count":0,"href":"https:\/\/mersingazetesi.com\/index.php\/wp-json\/wp\/v2\/posts\/2766\/revisions"}],"wp:attachment":[{"href":"https:\/\/mersingazetesi.com\/index.php\/wp-json\/wp\/v2\/media?parent=2766"}],"wp:term":[{"taxonomy":"category","embeddable":true,"href":"https:\/\/mersingazetesi.com\/index.php\/wp-json\/wp\/v2\/categories?post=2766"},{"taxonomy":"post_tag","embeddable":true,"href":"https:\/\/mersingazetesi.com\/index.php\/wp-json\/wp\/v2\/tags?post=2766"}],"curies":[{"name":"wp","href":"https:\/\/api.w.org\/{rel}","templated":true}]}}