{"id":2741,"date":"2021-11-23T11:50:44","date_gmt":"2021-11-23T08:50:44","guid":{"rendered":"http:\/\/mersin.mesiad.org\/index.php\/2021\/11\/23\/avukatlara-sikilan-kursunlar-yargiya-sikilmis-demektir\/"},"modified":"2021-11-23T11:50:44","modified_gmt":"2021-11-23T08:50:44","slug":"avukatlara-sikilan-kursunlar-yargiya-sikilmis-demektir","status":"publish","type":"post","link":"https:\/\/mersingazetesi.com\/index.php\/2021\/11\/23\/avukatlara-sikilan-kursunlar-yargiya-sikilmis-demektir\/","title":{"rendered":"\u201cAVUKATLARA SIKILAN KUR\u015eUNLAR, YARGIYA SIKILMI\u015e DEMEKT\u0130R\u201d"},"content":{"rendered":"<p><span style=\"line-height: 1.6em;\">Bilgin Ye\u015filbo\u011faz \u201cEski\u015fehir Barosu\u2019na kay\u0131tl\u0131 Av. Heval Y\u0131ld\u0131z Karasu\u2019nun ofisi zannedilerek b\u00fcrosunun bulundu\u011fu giri\u015f kat\u0131ndaki bir eve silahl\u0131 sald\u0131r\u0131da bulunulmu\u015f, avukat\u0131n tabelas\u0131n\u0131n alt\u0131na da \u2018Odunpazar\u0131\u2019nda HDP\u2019li istemiyoruz\u2019 \u015feklinde bir yaz\u0131 yaz\u0131lm\u0131\u015ft\u0131r.\u201d dedi. Ye\u015filbo\u011faz, Avukatl\u0131k mesle\u011finin bir kamu hizmeti ve hukuki sorunlar\u0131 \u00e7\u00f6z\u00fcmleyen, toplumsal sorunlarda her daim vatanda\u015f\u0131n yan\u0131nda olan, onlar\u0131n haklar\u0131n\u0131 arayan ve savunan, \u00f6zg\u00fcr ve e\u015fit bir ya\u015fam hakk\u0131 i\u00e7in \u00e7\u0131rp\u0131nan, ba\u011f\u0131ms\u0131z ve tarafs\u0131z bir meslek \u00f6rg\u00fct\u00fc oldu\u011fu asla unutulmamal\u0131d\u0131r, vurgusunu yapt\u0131.\u00a0<\/span><\/p>\n<p>Bu sald\u0131r\u0131 hukuk devleti ilkesine yap\u0131lan sald\u0131r\u0131d\u0131r<\/p>\n<p>Yarg\u0131n\u0131n \u00fc\u00e7 sacaya\u011f\u0131ndan birisi olan, ba\u011f\u0131ms\u0131z ve tarafs\u0131z yarg\u0131n\u0131n savunucusu avukatlar\u0131n siyasi g\u00f6r\u00fc\u015fleri ki\u015fiselle\u015ftirilmemeli, \u015fahs\u0131 hedef al\u0131nmamal\u0131d\u0131r. diyen Ye\u015filbo\u011faz, \u201cHem savunma, hem de savunulma hakk\u0131na yap\u0131lan bu gibi sald\u0131r\u0131lar, asl\u0131nda yarg\u0131y\u0131 hedef alarak hukuk devleti ilkesine yap\u0131lan sald\u0131r\u0131d\u0131r. Yarg\u0131n\u0131n vazge\u00e7ilmez unsurlar\u0131ndan biri olan avukatlara s\u0131k\u0131lan kur\u015funlar, yarg\u0131ya s\u0131k\u0131lm\u0131\u015f demektir. Bu t\u00fcr sald\u0131r\u0131lar\u0131n avukatl\u0131k mesle\u011fini y\u00fcr\u00fctmemize engel olmayaca\u011f\u0131n\u0131, savunman\u0131n susmayaca\u011f\u0131n\u0131 bir kez daha y\u00fcksek sesle dillendiriyoruz. \u00a0Savunman\u0131n susturulmas\u0131na y\u00f6nelik yap\u0131lan her t\u00fcrl\u00fc giri\u015fimi ve sald\u0131r\u0131lar\u0131 k\u0131n\u0131yoruz. Savunma yoksa yarg\u0131 da yoktur, adalette yoktur. Ba\u011f\u0131ms\u0131z ve tarafs\u0131z bir yarg\u0131n\u0131n olmad\u0131\u011f\u0131 yerde hukuk devleti yoktur. Meslekta\u015flar\u0131m\u0131za yap\u0131lan s\u00f6zl\u00fc ve fiili \u00a0sald\u0131r\u0131lara kar\u015f\u0131 t\u00fcm meslekta\u015flar\u0131m\u0131z\u0131 tepkisini g\u00f6stermeye davet ediyorum. \u00c7\u00fcnk\u00fc bug\u00fcn susarsak, yar\u0131n ba\u015fka bir meslekta\u015f\u0131m\u0131z hedef g\u00f6sterilecektir.\u201d dedi.<\/p>\n<p>Ye\u015filbo\u011faz, Meslekta\u015f\u0131m\u0131z Av. Heval Y\u0131ld\u0131z\u2019a yap\u0131lan \u00e7irkin sald\u0131r\u0131y\u0131 bir kes daha k\u0131n\u0131yorum, kendisine ve Eski\u015fehir Barosu\u2019na ge\u00e7mi\u015f olsun dileklerimizi iletiyor, yarg\u0131n\u0131n \u00fc\u00e7 sa\u00e7 aya\u011f\u0131ndan biri olan savunmaya, yani avukatlara y\u00f6nelik yap\u0131lan bu t\u00fcr sald\u0131r\u0131lara kar\u015f\u0131 susmayaca\u011f\u0131m\u0131z\u0131, meslekta\u015flar\u0131m\u0131z\u0131n her zaman yan\u0131nda olaca\u011f\u0131m\u0131z\u0131, sald\u0131rgan\u0131n yakalanarak hak etti\u011fi cezalara \u00e7arpt\u0131r\u0131lmas\u0131 i\u00e7in olayla ilgili s\u00fcrecin takip\u00e7isi olaca\u011f\u0131m\u0131z\u0131 t\u00fcm kamuoyunun ve meslekta\u015flar\u0131m\u0131z\u0131n bilgisine sayg\u0131lar\u0131m\u0131zla sunar\u0131z\u201d diyerek s\u00f6zlerini tamamlad\u0131<\/p>\n<p>TURAN DAL<\/p>\n","protected":false},"excerpt":{"rendered":"<p>Eski\u015fehir Barosu\u2019na kay\u0131tl\u0131 Av. Heval Y\u0131ld\u0131z\u2019\u0131n b\u00fcrosunun bulundu\u011fu binan\u0131n giri\u015f kat\u0131na kimli\u011fi belirsiz ki\u015fi ya da ki\u015filerce silahl\u0131 sald\u0131r\u0131da bulunuldu. Bu sald\u0131r\u0131 sonras\u0131 Mersin Barosu Ba\u015fkan\u0131 Av. Bilgin Ye\u015filbo\u011faz, yaz\u0131l\u0131 a\u00e7\u0131klama yaparak bu sald\u0131r\u0131y\u0131 k\u0131nad\u0131. Ye\u015filbo\u011faz, \u201cAvukatlara s\u0131k\u0131lan kur\u015fun, yarg\u0131ya s\u0131k\u0131lm\u0131\u015f demektir\u201d dedi ve t\u00fcm barolar\u0131 ve avukatlar\u0131 bu \u00e7irkin sald\u0131r\u0131ya tepki g\u00f6stermeye davet etti.<\/p>\n","protected":false},"author":2,"featured_media":0,"comment_status":"open","ping_status":"open","sticky":false,"template":"","format":"standard","meta":{"footnotes":""},"categories":[],"tags":[],"class_list":["post-2741","post","type-post","status-publish","format-standard","hentry"],"views":18,"_links":{"self":[{"href":"https:\/\/mersingazetesi.com\/index.php\/wp-json\/wp\/v2\/posts\/2741","targetHints":{"allow":["GET"]}}],"collection":[{"href":"https:\/\/mersingazetesi.com\/index.php\/wp-json\/wp\/v2\/posts"}],"about":[{"href":"https:\/\/mersingazetesi.com\/index.php\/wp-json\/wp\/v2\/types\/post"}],"author":[{"embeddable":true,"href":"https:\/\/mersingazetesi.com\/index.php\/wp-json\/wp\/v2\/users\/2"}],"replies":[{"embeddable":true,"href":"https:\/\/mersingazetesi.com\/index.php\/wp-json\/wp\/v2\/comments?post=2741"}],"version-history":[{"count":0,"href":"https:\/\/mersingazetesi.com\/index.php\/wp-json\/wp\/v2\/posts\/2741\/revisions"}],"wp:attachment":[{"href":"https:\/\/mersingazetesi.com\/index.php\/wp-json\/wp\/v2\/media?parent=2741"}],"wp:term":[{"taxonomy":"category","embeddable":true,"href":"https:\/\/mersingazetesi.com\/index.php\/wp-json\/wp\/v2\/categories?post=2741"},{"taxonomy":"post_tag","embeddable":true,"href":"https:\/\/mersingazetesi.com\/index.php\/wp-json\/wp\/v2\/tags?post=2741"}],"curies":[{"name":"wp","href":"https:\/\/api.w.org\/{rel}","templated":true}]}}