{"id":2729,"date":"2021-11-23T11:50:43","date_gmt":"2021-11-23T08:50:43","guid":{"rendered":"http:\/\/mersin.mesiad.org\/index.php\/2021\/11\/23\/tuna-mersini-dunya-kenti-yapacak-donanima-sahibiz\/"},"modified":"2021-11-23T11:50:43","modified_gmt":"2021-11-23T08:50:43","slug":"tuna-mersini-dunya-kenti-yapacak-donanima-sahibiz","status":"publish","type":"post","link":"https:\/\/mersingazetesi.com\/index.php\/2021\/11\/23\/tuna-mersini-dunya-kenti-yapacak-donanima-sahibiz\/","title":{"rendered":"Tuna: &#8220;Mersin&#8217;i d\u00fcnya kenti yapacak donan\u0131ma sahibiz&#8221;"},"content":{"rendered":"<p>Ziyarette konu\u015fan Olcay K\u0131lavuz, herkesi birlik ve beraberli\u011fe davet ederek, Mersin halk\u0131na hizmet etmek i\u00e7in \u00e7al\u0131\u015fmalar\u0131n\u0131 ola\u011fan\u00fcst\u00fc \u015fekilde s\u00fcrd\u00fcreceklerini s\u00f6yledi. K\u0131lavuz, &#8220;Herhangi bir \u015fekilde fitneye, fesata, ayr\u0131l\u0131\u011fa f\u0131rsat vermeyece\u011fiz. Omuz omuza, g\u00f6n\u00fcl g\u00f6n\u00fcle ve el ele davam\u0131z\u0131n muzaffer olmas\u0131, te\u015fkilatlar\u0131m\u0131z\u0131n y\u00fcz\u00fcn\u00fcn g\u00fclmesi ve en \u00f6nemlisi Mersinli vatanda\u015flar\u0131m\u0131za hizmet etmek i\u00e7in \u00e7al\u0131\u015fmalar\u0131m\u0131z\u0131 ola\u011fan\u00fcst\u00fc \u015fekilde devam ettirmek zorunday\u0131z. Burada herkese her zamankinden daha fazla sorumluluk d\u00fc\u015fmektedir\u201d dedi.\u00a0<br \/>\nMHP Genel Ba\u015fkan\u0131 Devlet Bah\u00e7eli taraf\u0131ndan bu d\u00f6nem Ba\u015fkan Tuna\u2019n\u0131n Mersin B\u00fcy\u00fck\u015fehir Belediye Ba\u015fkan aday\u0131 olarak g\u00f6sterildi\u011fini vurgulayan K\u0131lavuz, huzursuzluk ve d\u00fczen bozmaya y\u00f6nelik hareketleri yapmaya kimsenin hakk\u0131 ve haddinin olmad\u0131\u011f\u0131n\u0131 dile getirdi. K\u0131lavuz, &#8220;Liderimiz Devlet Bah\u00e7eli Beyefendi takdir buyurmu\u015ftur. Dolay\u0131s\u0131yla bunun d\u0131\u015f\u0131nda her hangi bir huzursuzlu\u011fa ve d\u00fczeni bozmaya kimsenin hakk\u0131 ve haddi yoktur. Burada bir vazife vard\u0131r. Mersin\u2019de 13 il\u00e7emiz ve B\u00fcy\u00fck\u015fehir Belediyemiz var. \u0130n\u015fallah hepsini kazanma amac\u0131yla yola \u00e7\u0131kt\u0131k&#8221; diye konu\u015ftu.\u00a0<br \/>\nMevcut B\u00fcy\u00fck\u015fehir Belediye Ba\u015fkan\u0131 Burhanettin Kocamaz\u2019a da 25 y\u0131ll\u0131k belediye ba\u015fkanl\u0131\u011f\u0131 d\u00f6neminde yapt\u0131\u011f\u0131 hizmetlerden dolay\u0131 te\u015fekk\u00fcr eden K\u0131lavuz, provakasyonlara ve provakat\u00f6rlere f\u0131rsat verilmemesi gerekti\u011fini vurgulad\u0131.\u00a0<br \/>\nZiyaretten duydu\u011fu memnuniyeti dile getiren Ba\u015fkan Tuna ise te\u015fkilat\u0131n kendisini nerede i\u015faret ederse orada durdu\u011funu ifade ederek, &#8220;Bug\u00fcne kadar hep insanlar\u0131n g\u00f6nl\u00fcn\u00fc almaya \u00e7al\u0131\u015ft\u0131k. \u0130n\u015fallah bu g\u00f6n\u00fcl alma seferberli\u011fimiz bundan sonra ki s\u00fcre\u00e7te de devam edecektir. Ben her zaman te\u015fkilat\u0131m beni nerede i\u015faret ederse orada dururum. 2014 se\u00e7imlerinde aday aday\u0131yd\u0131k. O zamanda Genel Ba\u015fkan\u0131m\u0131za aday adayl\u0131\u011f\u0131 m\u00fcracaat\u0131 ve iznini almak i\u00e7in gitti\u011fimde ayn\u0131 \u015feyi ifade etmi\u015ftim\u201d ifadelerini kulland\u0131.\u00a0<br \/>\nDevlet Bah\u00e7eli taraf\u0131ndan Mersin B\u00fcy\u00fck\u015fehir Belediye Ba\u015fkan adayl\u0131\u011f\u0131 g\u00f6revinin verilmesinin ard\u0131ndan se\u00e7im \u00e7al\u0131\u015fmalar\u0131na ba\u015flad\u0131klar\u0131 12 g\u00fcnl\u00fck s\u00fcre\u00e7 i\u00e7erisinde insanlar\u0131n kendisini sahiplendi\u011fini g\u00f6rd\u00fc\u011f\u00fcn\u00fc kaydeden Tuna, &#8220;Bu g\u00f6rev o d\u00f6nemde de\u011fil, bu d\u00f6nemde hem de a\u011f\u0131r bir y\u00fck \u015feklinde s\u0131rt\u0131m\u0131za y\u00fcklendi. Bu g\u00f6revin alt\u0131nda ezilmemek ad\u0131na te\u015fkilatlar\u0131m\u0131z ba\u015fta olmak \u00fczere b\u00fct\u00fcn dava arkada\u015flar\u0131m\u0131z sa\u011folsunlar omuz verdiler. Yola \u00e7\u0131kt\u0131\u011f\u0131m\u0131z 12 g\u00fcnl\u00fck s\u00fcre\u00e7te Mersin\u2019i gezdik, dola\u015ft\u0131k ve gezmeye de devam ediyoruz. Hakikaten bir silkini\u015f, insanlar\u0131n bizi bir sahiplenme olgusunu g\u00f6rd\u00fck ve g\u00f6zlemledik. \u0130n\u015fallah herkes omuzunu att\u0131\u011f\u0131nda y\u00fck\u00fcm\u00fcz \u00e7ok hafifleyecektir&#8221; \u015feklinde konu\u015ftu.\u00a0<br \/>\nMersin\u2019de ya\u015fayan herkesin problemini bildiklerini ve milletle birlikte ayn\u0131 derdi \u00e7ektiklerinin alt\u0131n\u0131 \u00e7izen Tuna, 31 Mart\u2019ta kendilerine g\u00f6rev verilmesi halinde Mersin\u2019i d\u00fcnya kenti yapacak bilgi birikimi ve donan\u0131ma sahip olduklar\u0131n\u0131 vurgulad\u0131. Tuna, &#8220;Tabi ki ba\u015fta var olan B\u00fcy\u00fck\u015fehir Belediyemizi sabitte tutmak \u015fart\u0131 ile ge\u00e7en d\u00f6nem 13+1 demi\u015ftik, 8+1 olmu\u015ftu bu d\u00f6nem in\u015fallah 13+1 hedefini yeniden takip edece\u011fiz. Bu iddiam\u0131za ve idealimize ula\u015fmak i\u00e7in gece g\u00fcnd\u00fcz \u00e7al\u0131\u015faca\u011f\u0131z. Do\u011fdu\u011fumuz kentte insanlar\u0131n ya\u015fad\u0131\u011f\u0131 her t\u00fcrl\u00fc problemi biliyoruz. Millet ortalamas\u0131 ya\u015fant\u0131m\u0131zla milletle birlikte ayn\u0131 derdi \u00e7ekiyoruz. Dolay\u0131s\u0131yla derdi bilen derman olma konusunda daha \u00f6nde olan insand\u0131r. Bu y\u00f6n\u00fcm\u00fczle de bu kenti sadece ulusal bazda de\u011fil, uluslararas\u0131 d\u00fczeyde d\u00fcnya kenti Mersin yapabilecek donan\u0131m\u0131m\u0131z var Allah\u2019a \u015f\u00fck\u00fcr. Yeter ki yetki ve sorumluluk bize verilsin. \u0130n\u015fallah bu g\u00fczel tevecc\u00fch\u00fcn kar\u015f\u0131l\u0131\u011f\u0131n\u0131 biz de insanlar\u0131m\u0131za hizmet olarak yans\u0131taca\u011f\u0131z&#8221; dedi.\u00a0<\/p>\n<p>\u0130HA<\/p>\n","protected":false},"excerpt":{"rendered":"<p>\u00dclk\u00fc Ocaklar\u0131 Genel Ba\u015fkan\u0131 ve Milliyet\u00e7i Hareket Partisi (MHP) Mersin Milletvekili Olcay K\u0131lavuz, Toroslar Beledyie Ba\u015fkan\u0131 ve MHP Mersin B\u00fcy\u00fck\u015fehir Belediye Ba\u015fkan aday\u0131 Hamit Tuna&#8217;y\u0131 makam\u0131nda ziyaret etti.<\/p>\n","protected":false},"author":2,"featured_media":0,"comment_status":"open","ping_status":"open","sticky":false,"template":"","format":"standard","meta":{"footnotes":""},"categories":[],"tags":[],"class_list":["post-2729","post","type-post","status-publish","format-standard","hentry"],"views":16,"_links":{"self":[{"href":"https:\/\/mersingazetesi.com\/index.php\/wp-json\/wp\/v2\/posts\/2729","targetHints":{"allow":["GET"]}}],"collection":[{"href":"https:\/\/mersingazetesi.com\/index.php\/wp-json\/wp\/v2\/posts"}],"about":[{"href":"https:\/\/mersingazetesi.com\/index.php\/wp-json\/wp\/v2\/types\/post"}],"author":[{"embeddable":true,"href":"https:\/\/mersingazetesi.com\/index.php\/wp-json\/wp\/v2\/users\/2"}],"replies":[{"embeddable":true,"href":"https:\/\/mersingazetesi.com\/index.php\/wp-json\/wp\/v2\/comments?post=2729"}],"version-history":[{"count":0,"href":"https:\/\/mersingazetesi.com\/index.php\/wp-json\/wp\/v2\/posts\/2729\/revisions"}],"wp:attachment":[{"href":"https:\/\/mersingazetesi.com\/index.php\/wp-json\/wp\/v2\/media?parent=2729"}],"wp:term":[{"taxonomy":"category","embeddable":true,"href":"https:\/\/mersingazetesi.com\/index.php\/wp-json\/wp\/v2\/categories?post=2729"},{"taxonomy":"post_tag","embeddable":true,"href":"https:\/\/mersingazetesi.com\/index.php\/wp-json\/wp\/v2\/tags?post=2729"}],"curies":[{"name":"wp","href":"https:\/\/api.w.org\/{rel}","templated":true}]}}