{"id":2705,"date":"2021-11-23T11:50:42","date_gmt":"2021-11-23T08:50:42","guid":{"rendered":"http:\/\/mersin.mesiad.org\/index.php\/2021\/11\/23\/400-milyon-dolara-ucak-alinirken-ogrenciye-ekmek-ucretli-yapildi\/"},"modified":"2021-11-23T11:50:42","modified_gmt":"2021-11-23T08:50:42","slug":"400-milyon-dolara-ucak-alinirken-ogrenciye-ekmek-ucretli-yapildi","status":"publish","type":"post","link":"https:\/\/mersingazetesi.com\/index.php\/2021\/11\/23\/400-milyon-dolara-ucak-alinirken-ogrenciye-ekmek-ucretli-yapildi\/","title":{"rendered":"400 M\u0130LYON DOLARA U\u00c7AK ALINIRKEN \u00d6\u011eRENC\u0130YE EKMEK \u00dcCRETL\u0130 YAPILDI"},"content":{"rendered":"<p>CHP Mersin Milletvekili Alpay Antmen, KYK yurtlar\u0131nda \u00f6\u011frencilere ekme\u011fin paral\u0131 verilmeye ba\u015flanmas\u0131 iddialar\u0131n\u0131 TBMM G\u00fcndemine ta\u015f\u0131d\u0131.<br \/>\n\u00a0<br \/>\nAntmen, Gen\u00e7lik ve Spor Bakan\u0131 Mehmet Kasapo\u011flu taraf\u0131ndan yan\u0131tlanmas\u0131 istemiyle verdi\u011fi \u00f6nergesinde \u201cSarayda ejder meyvesi ikram edilece\u011fine ve 400 milyon dolara l\u00fcks u\u00e7ak al\u0131naca\u011f\u0131na \u00f6\u011frencilerimize g\u0131da yard\u0131m\u0131n\u0131n artt\u0131r\u0131lmas\u0131 hem \u00fclkemiz hem gelece\u011fimiz gem de gen\u00e7lerimiz a\u00e7\u0131s\u0131ndan daha yararl\u0131 de\u011fil midir? Bu y\u00f6nde bir a\u00e7\u0131klama yapmay\u0131 d\u00fc\u015f\u00fcn\u00fcyor musunuz?\u201d sorusunu y\u00f6neltti.<br \/>\n\u00a0<br \/>\nGen\u00e7lik ve Spor Bakan\u0131 Mehmet Kasapo\u011flu\u2019nun 6 Eyl\u00fcl 2018 tarihinde Kredi ve Yurtlar Kurumu Genel M\u00fcd\u00fcrl\u00fc\u011f\u00fc\u2019ne ba\u011fl\u0131 yurt \u00fccretlerinde herhangi bir zam yap\u0131lmayaca\u011f\u0131n\u0131 s\u00f6yledi\u011fini belirten CHP\u2019li Vekil \u201cSay\u0131n Bakan\u0131n bu a\u00e7\u0131klamas\u0131ndan 13 g\u00fcn sonra KYK yurtlar\u0131nda ekmek ba\u015fta olmak \u00fczere bir\u00e7ok g\u0131da \u00fcr\u00fcn\u00fcne zam yap\u0131ld\u0131\u201d dedi.<br \/>\n\u00a0<br \/>\n\u00dcniversitelerde yeni e\u011fitim d\u00f6nemi a\u00e7\u0131l\u0131rken, KYK yurtlar\u0131nda yemek \u00fccretlerine y\u00fczde 30\u2019u a\u015fan oranlarda zam yap\u0131ld\u0131\u011f\u0131 bilgisini veren Antmen \u201cYine taraf\u0131m\u0131za iletilen bilgi ve iddialara g\u00f6re ekmek \u00fccretsizken 25 kuru\u015f, Tavuk 4 TL iken 5,25, \u00c7orba ve Pilav 2 TL iken 2,5, Kuru Fasulye 2,5 TL iken 3,5, Makarna 2,25 iken 2,75 TL olmu\u015ftur\u201d ifadelerini kulland\u0131.<br \/>\n\u00a0<br \/>\nAntmen\u2019in \u00f6nergesinde yer alan sorular \u015fu \u015fekilde;<br \/>\n\u00a0<br \/>\n\u2013 Bahsi ge\u00e7en iddialar do\u011fru mudur? Yurtlarda kalan \u00f6\u011frencilerden ekmek i\u00e7in \u00fccret al\u0131nmaya ba\u015flanm\u0131\u015f m\u0131d\u0131r?<br \/>\n\u00a0<br \/>\n\u2013 Son 1 y\u0131lda yurtlarda yeme\u011fe yap\u0131lan zamlar nedir? Yine son 1 y\u0131lda \u00f6\u011frencilere ne kadar g\u0131da deste\u011fi verilmektedir? \u0130ki art\u0131\u015f aras\u0131ndaki genel fark ne kadard\u0131r?<br \/>\n\u00a0<br \/>\n\u2013 2003 ila 2018 y\u0131llar\u0131 aras\u0131nda yurt \u00fccretleri ne kadard\u0131r? 2003 ila 2018 y\u0131llar\u0131 aras\u0131nda \u00f6\u011frencilere yap\u0131lan g\u0131da yard\u0131m\u0131 ne kadard\u0131r?<br \/>\n\u00a0<br \/>\n&#8211; 2002 ila 2018 y\u0131llar\u0131 aras\u0131nda Kredi Yurtlar Kurumu\u2019na m\u00fcracaat eden ancak herhangi bir devlet yurduna yerle\u015ftirilmeyen \u00f6\u011frenci say\u0131s\u0131 y\u0131llara g\u00f6re ka\u00e7t\u0131r?<br \/>\n\u00a0<br \/>\n\u2013 2018 y\u0131l\u0131 itibariyle T\u00fcrkiye\u2019de toplamda yurt ve yatak a\u00e7\u0131\u011f\u0131 say\u0131s\u0131 ka\u00e7t\u0131r? Bahsi ge\u00e7en a\u00e7\u0131klar\u0131 kapatman\u0131n toplam maliyeti ne kadard\u0131r? Konuyla ilgili hangi \u00e7al\u0131\u015fmalar y\u00fcr\u00fct\u00fclmektedir?<br \/>\n\u00a0<br \/>\n\u2013 Sarayda ejder meyvesi ikram edilece\u011fine ve 400 milyon dolara l\u00fcks u\u00e7ak al\u0131naca\u011f\u0131na \u00f6\u011frencilerimize g\u0131da yard\u0131m\u0131n\u0131n artt\u0131r\u0131lmas\u0131 hem \u00fclkemiz hem gelece\u011fimiz gem de gen\u00e7lerimiz a\u00e7\u0131s\u0131ndan daha yararl\u0131 de\u011fil midir? Bu y\u00f6nde bir a\u00e7\u0131klama yapmay\u0131 d\u00fc\u015f\u00fcn\u00fcyor musunuz?\u00a0<\/p>\n<p>B\u00fcltendir<\/p>\n","protected":false},"excerpt":{"rendered":"<p>CHP Mersin Milletvekili Alpay Antmen, KYK yurtlar\u0131nda \u00f6\u011frencilere ekme\u011fin paral\u0131 verilmeye ba\u015flanmas\u0131 iddialar\u0131n\u0131 TBMM G\u00fcndemine ta\u015f\u0131d\u0131. \u00a0 Antmen, Gen\u00e7lik ve Spor Bakan\u0131 Mehmet Kasapo\u011flu taraf\u0131ndan yan\u0131tlanmas\u0131 istemiyle verdi\u011fi \u00f6nergesinde \u201cSarayda ejder meyvesi ikram edilece\u011fine ve 400 milyon dolara l\u00fcks u\u00e7ak al\u0131naca\u011f\u0131na \u00f6\u011frencilerimize g\u0131da yard\u0131m\u0131n\u0131n artt\u0131r\u0131lmas\u0131 hem \u00fclkemiz hem gelece\u011fimiz gem de gen\u00e7lerimiz a\u00e7\u0131s\u0131ndan daha yararl\u0131 [&hellip;]<\/p>\n","protected":false},"author":2,"featured_media":0,"comment_status":"open","ping_status":"open","sticky":false,"template":"","format":"standard","meta":{"footnotes":""},"categories":[],"tags":[],"class_list":["post-2705","post","type-post","status-publish","format-standard","hentry"],"views":24,"_links":{"self":[{"href":"https:\/\/mersingazetesi.com\/index.php\/wp-json\/wp\/v2\/posts\/2705","targetHints":{"allow":["GET"]}}],"collection":[{"href":"https:\/\/mersingazetesi.com\/index.php\/wp-json\/wp\/v2\/posts"}],"about":[{"href":"https:\/\/mersingazetesi.com\/index.php\/wp-json\/wp\/v2\/types\/post"}],"author":[{"embeddable":true,"href":"https:\/\/mersingazetesi.com\/index.php\/wp-json\/wp\/v2\/users\/2"}],"replies":[{"embeddable":true,"href":"https:\/\/mersingazetesi.com\/index.php\/wp-json\/wp\/v2\/comments?post=2705"}],"version-history":[{"count":0,"href":"https:\/\/mersingazetesi.com\/index.php\/wp-json\/wp\/v2\/posts\/2705\/revisions"}],"wp:attachment":[{"href":"https:\/\/mersingazetesi.com\/index.php\/wp-json\/wp\/v2\/media?parent=2705"}],"wp:term":[{"taxonomy":"category","embeddable":true,"href":"https:\/\/mersingazetesi.com\/index.php\/wp-json\/wp\/v2\/categories?post=2705"},{"taxonomy":"post_tag","embeddable":true,"href":"https:\/\/mersingazetesi.com\/index.php\/wp-json\/wp\/v2\/tags?post=2705"}],"curies":[{"name":"wp","href":"https:\/\/api.w.org\/{rel}","templated":true}]}}