{"id":2665,"date":"2021-11-23T11:50:40","date_gmt":"2021-11-23T08:50:40","guid":{"rendered":"http:\/\/mersin.mesiad.org\/index.php\/2021\/11\/23\/tuna-aday-gosterildim\/"},"modified":"2021-11-23T11:50:40","modified_gmt":"2021-11-23T08:50:40","slug":"tuna-aday-gosterildim","status":"publish","type":"post","link":"https:\/\/mersingazetesi.com\/index.php\/2021\/11\/23\/tuna-aday-gosterildim\/","title":{"rendered":"TUNA: ADAY  G\u00d6STER\u0130LD\u0130M"},"content":{"rendered":"<p>Toroslar Belediye Ba\u015fkan\u0131 Hamit Tuna, siyasette 24&#8217;\u00fcnc\u00fc y\u0131l\u0131na girdi\u011fini belirterek, &#8220;\u0130n\u015fallah \u00f6n\u00fcm\u00fczdeki 6-7 ayl\u0131k s\u00fcre\u00e7te B\u00fcy\u00fck\u015fehir Belediye Ba\u015fkan\u0131m\u0131z Burhanettin Kocamaz bey ile de birlikte \u00e7al\u0131\u015farak, kendisinin de belediyecilik noktas\u0131ndaki tecr\u00fcbelerinden yararlanarak, ortak ak\u0131lla hem Toroslar\u0131m\u0131z\u2019a hizmeti hem de adayl\u0131k konusunda \u00e7al\u0131\u015fmalar\u0131m\u0131z\u0131 devam ettirece\u011fiz&#8221; dedi.\u00a0<br \/>\nTuna, belediye meclis \u00fcyeleri ve belediye personeliyle Yunus Emre K\u00fclt\u00fcr Merkezi\u2019nde bir araya gelerek, siyasi geli\u015fmelerle ilgili bilgi verdi. B\u00fcy\u00fck\u015fehir Belediye Ba\u015fkan\u0131 Burhanettin Kocamaz&#8217;\u0131n aday olmayaca\u011f\u0131n\u0131 a\u00e7\u0131klamas\u0131n\u0131n ard\u0131ndan Milliyet\u00e7i Hareket Partisi&#8217;nin (MHP) daveti \u00fczerine genel merkeze giden Tuna, MHP Genel Ba\u015fkan\u0131 Devlet Bah\u00e7eli&#8217;nin geli\u015fmeler hakk\u0131ndaki d\u00fc\u015f\u00fcncelerini personellere aktard\u0131. Tuna, &#8220;Bu \u015fehir hepimizin. \u0130n\u015fallah durmayaca\u011f\u0131z ve uyumayaca\u011f\u0131z. Mersin B\u00fcy\u00fck\u015fehir Belediyemizi yeni d\u00f6nemde de kazanmak ad\u0131na provoke edeceklere meydan vermeden \u00f6mr\u00fcn\u00fcn 25 y\u0131l\u0131n\u0131 Mersin&#8217;e hizmet vermeye adayan Kocamaz bey ile birlikte hareket edece\u011fiz&#8221; dedi.\u00a0<\/p>\n<p>&#8220;Toroslar&#8217;\u0131 ya\u015fanabilir bir kent haline getirdik&#8221;<br \/>\n\u00a0<br \/>\nToroslar&#8217;\u0131 t\u00fcm mesai arkada\u015flar\u0131yla birlikte k\u00f6y stat\u00fcs\u00fcnden \u00e7\u0131kararak ya\u015fanabilir bir kent haline getirdiklerini belirten Tuna, &#8220;K\u00f6y g\u00f6r\u00fcnt\u00fcs\u00fc i\u00e7erisinde olan bir yerle\u015fim yerini d\u00fcnden bug\u00fcne daha ya\u015fan\u0131labilir bir kent haline getirdik. \u0130nsanlar\u0131m\u0131z\u0131n bizim yapt\u0131klar\u0131m\u0131z\u0131 bize kar\u015f\u0131 anlat\u0131rken ve bize olan sevgilerini g\u00f6rd\u00fck\u00e7e \u00e7al\u0131\u015fma azmimiz daha da art\u0131yor. Toroslar&#8217;\u0131m\u0131z\u0131 \u015fuan gelinen noktada herkesin yat\u0131r\u0131m yapmak i\u00e7in yer arad\u0131\u011f\u0131 en cazip yerle\u015fim yeri konumu haline getirdik. Tabi bunlar kaliteli hizmetle oluyor. \u00dcreten belediyecilik yan\u0131m\u0131zla, beynimizi ve y\u00fcre\u011fimizi ortaya koymak suretiyle biz i\u015faret ettik sizler yapt\u0131n\u0131z&#8221; ifadelerini kulland\u0131.\u00a0<\/p>\n<p>&#8220;Bah\u00e7eli&#8217;den davet geldi&#8221;<\/p>\n<p>Kocamaz&#8217;\u0131n aday olmayaca\u011f\u0131n\u0131 a\u00e7\u0131klamas\u0131n\u0131n ard\u0131ndan MHP lideri Bah\u00e7eli taraf\u0131ndan genel merkeze davet edildi\u011fini kaydeden Tuna, &#8220;Bizi anlatt\u0131 ve \u00e7ok da gurur duydum. &#8216;Te\u015fkilat kademelerinde yapt\u0131\u011f\u0131n\u0131z g\u00f6revle ve belediyecilik anlam\u0131nda verdi\u011finiz hizmetlerle g\u00fcvendi\u011fimiz bir insans\u0131n\u0131z. Hem Toroslar Belediye Ba\u015fkanl\u0131\u011f\u0131 g\u00f6revini bundan sonraki s\u00fcre\u00e7te y\u00f6neteceksiniz hem de B\u00fcy\u00fck\u015fehir aday\u0131 olarak \u00e7\u0131k\u0131p \u00e7al\u0131\u015fman\u0131z\u0131 yapacaks\u0131n\u0131z&#8217; dedi. Biz, 15 y\u0131ll\u0131k Belediye Ba\u015fkanl\u0131\u011f\u0131m\u0131zda hep insana yat\u0131r\u0131m yapt\u0131k. Her zaman al\u00e7ak g\u00f6n\u00fcll\u00fc olduk. Devlete olan kar\u015f\u0131 sald\u0131r\u0131lar\u0131 ya da de\u011ferlerimize herhangi bir s\u0131k\u0131nt\u0131 geldi\u011fi zaman yavuz duru\u015fumuzla da siyasetimizi d\u00fcnden bug\u00fcne devam ettirdik. Siyasette 24\u2019\u00fcnc\u00fc y\u0131l\u0131m\u0131za giriyoruz. Siyasetimizin devam\u0131 noktas\u0131nda makamlar\u0131m\u0131z, mevkilerimiz de\u011fi\u015fti ama insanl\u0131\u011f\u0131m\u0131z, ki\u015fili\u011fimiz ve duru\u015fumuz asla de\u011fi\u015fmedi. \u0130n\u015fallah \u00f6n\u00fcm\u00fczdeki 6-7 ayl\u0131k s\u00fcre\u00e7te B\u00fcy\u00fck\u015fehir Belediye Ba\u015fkan\u0131m\u0131z Burhanettin Kocamaz bey ile de birlikte \u00e7al\u0131\u015farak, kendisinin de belediyecilik noktas\u0131ndaki tecr\u00fcbelerinden yararlanarak, ortak ak\u0131lla hem Toroslar\u0131m\u0131z\u2019a hizmeti hem de adayl\u0131k konusunda \u00e7al\u0131\u015fmalar\u0131m\u0131z\u0131 devam ettirece\u011fiz&#8221; \u015feklinde konu\u015ftu.\u00a0<\/p>\n<p>\u0130HA<\/p>\n","protected":false},"excerpt":{"rendered":"<p>Toroslar Belediye Ba\u015fkan\u0131 Hamit Tuna, MHP lideri Devlet Bah\u00e7eli taraf\u0131ndan Mersin B\u00fcy\u00fck\u015fehir Belediye ba\u015fkanl\u0131\u011f\u0131na aday g\u00f6sterildi\u011fini a\u00e7\u0131klad\u0131.<\/p>\n","protected":false},"author":2,"featured_media":0,"comment_status":"open","ping_status":"open","sticky":false,"template":"","format":"standard","meta":{"footnotes":""},"categories":[],"tags":[],"class_list":["post-2665","post","type-post","status-publish","format-standard","hentry"],"views":24,"_links":{"self":[{"href":"https:\/\/mersingazetesi.com\/index.php\/wp-json\/wp\/v2\/posts\/2665","targetHints":{"allow":["GET"]}}],"collection":[{"href":"https:\/\/mersingazetesi.com\/index.php\/wp-json\/wp\/v2\/posts"}],"about":[{"href":"https:\/\/mersingazetesi.com\/index.php\/wp-json\/wp\/v2\/types\/post"}],"author":[{"embeddable":true,"href":"https:\/\/mersingazetesi.com\/index.php\/wp-json\/wp\/v2\/users\/2"}],"replies":[{"embeddable":true,"href":"https:\/\/mersingazetesi.com\/index.php\/wp-json\/wp\/v2\/comments?post=2665"}],"version-history":[{"count":0,"href":"https:\/\/mersingazetesi.com\/index.php\/wp-json\/wp\/v2\/posts\/2665\/revisions"}],"wp:attachment":[{"href":"https:\/\/mersingazetesi.com\/index.php\/wp-json\/wp\/v2\/media?parent=2665"}],"wp:term":[{"taxonomy":"category","embeddable":true,"href":"https:\/\/mersingazetesi.com\/index.php\/wp-json\/wp\/v2\/categories?post=2665"},{"taxonomy":"post_tag","embeddable":true,"href":"https:\/\/mersingazetesi.com\/index.php\/wp-json\/wp\/v2\/tags?post=2665"}],"curies":[{"name":"wp","href":"https:\/\/api.w.org\/{rel}","templated":true}]}}