{"id":2655,"date":"2021-11-23T11:50:38","date_gmt":"2021-11-23T08:50:38","guid":{"rendered":"http:\/\/mersin.mesiad.org\/index.php\/2021\/11\/23\/hukuk-mucadelesini-kazandik\/"},"modified":"2021-11-23T11:50:38","modified_gmt":"2021-11-23T08:50:38","slug":"hukuk-mucadelesini-kazandik","status":"publish","type":"post","link":"https:\/\/mersingazetesi.com\/index.php\/2021\/11\/23\/hukuk-mucadelesini-kazandik\/","title":{"rendered":"Hukuk m\u00fccadelesini kazand\u0131k"},"content":{"rendered":"<p><span style=\"line-height: 1.6em;\">Hakan Boyar, \u201cMilli E\u011fitim Bakanl\u0131\u011f\u0131 1 Eyl\u00fcl 2018 tarihli Resmi Gazetede yay\u0131mlanan y\u00f6netmelik de\u011fi\u015fiklikleri ile Orta\u00f6\u011fretim Kurumlar\u0131 Y\u00f6netmeli\u011fine Atat\u00fcrk\u00e7\u00fcl\u00fck konular\u0131n\u0131, Sosyal Etkinlikler Y\u00f6netmeli\u011fine ise Milli Bayramlar\u0131 koymu\u015ftur. Bu hukuk m\u00fccadelemizin sonucunun yerine getirilmesinden ibaret olan d\u00fczenlemelerdir.\u201d \u015feklinde konu\u015ftu.<\/span><\/p>\n<p>CUMHUR\u0130YET BAYRAMLARINI HEDEF ALAN Y\u00d6NETMEL\u0130\u011eE DAVA A\u00c7TIK<\/p>\n<p>AKP\u2019nin Cumhuriyet de\u011ferlerine sald\u0131r\u0131s\u0131n\u0131n son \u00f6rneklerinden biri olan milli bayramlar\u0131n okullarda kutlanmas\u0131n\u0131 engelleyen y\u00f6netmeli\u011fi de yarg\u0131ya ta\u015f\u0131d\u0131klar\u0131n\u0131 s\u00f6yleyen Boyar, \u201cHat\u0131rlanaca\u011f\u0131 \u00fczere, 8 Haziran 2017 tarih ve 30090 say\u0131l\u0131 Resmi Gazete yay\u0131mlanarak y\u00fcr\u00fcrl\u00fc\u011fe giren Mill\u00ee E\u011fitim Bakanl\u0131\u011f\u0131 E\u011fitim Kurumlar\u0131 Sosyal Etkinlikler Y\u00f6netmeli\u011fi ile Mill\u00ee E\u011fitim Bakanl\u0131\u011f\u0131 \u0130lk\u00f6\u011fretim Ve Orta \u00d6\u011fretim Kurumlar\u0131 Sosyal Etkinlikler Y\u00f6netmeli\u011fi ve Milli E\u011fitim Bakanl\u0131\u011f\u0131 Sosyal ve K\u00fclt\u00fcrel Yar\u0131\u015fmalar Y\u00f6netmeli\u011fi y\u00fcr\u00fcrl\u00fckten kald\u0131r\u0131lm\u0131\u015ft\u0131.<br \/>\nY\u00f6netmelik ile okullarda Milli Bayramlar\u0131m\u0131z ve Yerel Kurtulu\u015f g\u00fcnlerinin kutlanmas\u0131 kald\u0131r\u0131lm\u0131\u015f, Atat\u00fcrk Milliyet\u00e7ili\u011fi ile Atat\u00fcrk \u0130lke ve \u0130nk\u0131laplar\u0131 vurgular\u0131 y\u00f6netmelikten \u00e7\u0131kar\u0131lm\u0131\u015ft\u0131.\u201d dedi.<\/p>\n<p>S\u00d6Z KONUSU GER\u0130C\u0130LE\u015eT\u0130RME OPERASYONU<\/p>\n<p>Boyar, konu\u015fmas\u0131n\u0131 \u015f\u00f6yle s\u00fcrd\u00fcrd\u00fc;<br \/>\nT\u00fcrkiye\u2019nin ulusal ve milli de\u011ferleri a\u00e7\u0131s\u0131ndan hayati \u00f6neme sahip bayramlar\u0131m\u0131z\u0131n kutlanmas\u0131na yer verilmemesine ra\u011fmen, 15 Temmuz Demokrasi ve Milli Birlik G\u00fcn\u00fc, Kut\u2019\u00fcl Amare Zaferi, Kutlu Do\u011fum Haftas\u0131 ad\u0131nda yeni etkinlik g\u00fcnleri belirli g\u00fcn ve haftalar \u00e7izelgesine eklenmi\u015fti.<br \/>\nS\u00f6z konusu gericile\u015ftirme operasyonu bununla da kalmam\u0131\u015f; y\u00f6netmeli\u011fe yeni bir kavram olarak eklenen \u201cg\u00f6n\u00fcll\u00fcler\u201d ifadesi ile okullarda dini faaliyetler y\u00fcr\u00fctmesi ama\u00e7lanan dernek, vak\u0131f, tarikat, cemaatlerin etkinliklerine ve bu etkinlikleri finanse edebilmelerine yasal dayanak yaratma amac\u0131 ortaya konulmu\u015ftu.<br \/>\n\u00a0<br \/>\nSistematik olarak mevzuattan ve okullardan Ulu \u00d6nder Atat\u00fcrk\u2019e ve Cumhuriyet de\u011ferlerine dair her t\u00fcrl\u00fc izin silinmesi gayretine sessiz kalmayaca\u011f\u0131m\u0131z\u0131, Milli Bayramlar\u0131m\u0131za sahip \u00e7\u0131kaca\u011f\u0131m\u0131z\u0131, okullar\u0131m\u0131zda laik e\u011fitimin geriletilmesine izin vermeyece\u011fimizi ifade ederek, Y\u00f6netmeli\u011fe dava a\u00e7aca\u011f\u0131m\u0131z\u0131 duyurmu\u015ftuk.<br \/>\nBu do\u011frultuda da Sendikam\u0131zca Dan\u0131\u015ftay nezdinde Y\u00f6netmeli\u011fin ilgili d\u00fczenlemelerinin iptali talebi ile dava a\u00e7\u0131lm\u0131\u015ft\u0131r. E\u011fitim-\u0130\u015f olarak bu davan\u0131n takip\u00e7isi ve her bask\u0131ya ra\u011fmen laik, \u00e7a\u011fda\u015f e\u011fitimin savunucusu \u00a0olaca\u011f\u0131m\u0131z\u0131 bir kez daha ilan ediyoruz.<\/p>\n<p>TURAN DAL<\/p>\n","protected":false},"excerpt":{"rendered":"<p>Mersin E\u011fitim \u0130\u015f Y\u00f6netim Kurulu Ba\u015fkan\u0131 Hakan Boyar Resmi Gazetede yay\u0131mlanan y\u00f6netmelik de\u011fi\u015fiklikleri ile yaz\u0131l\u0131 a\u00e7\u0131klamalarda bulundu.<\/p>\n","protected":false},"author":2,"featured_media":0,"comment_status":"open","ping_status":"open","sticky":false,"template":"","format":"standard","meta":{"footnotes":""},"categories":[],"tags":[],"class_list":["post-2655","post","type-post","status-publish","format-standard","hentry"],"views":24,"_links":{"self":[{"href":"https:\/\/mersingazetesi.com\/index.php\/wp-json\/wp\/v2\/posts\/2655","targetHints":{"allow":["GET"]}}],"collection":[{"href":"https:\/\/mersingazetesi.com\/index.php\/wp-json\/wp\/v2\/posts"}],"about":[{"href":"https:\/\/mersingazetesi.com\/index.php\/wp-json\/wp\/v2\/types\/post"}],"author":[{"embeddable":true,"href":"https:\/\/mersingazetesi.com\/index.php\/wp-json\/wp\/v2\/users\/2"}],"replies":[{"embeddable":true,"href":"https:\/\/mersingazetesi.com\/index.php\/wp-json\/wp\/v2\/comments?post=2655"}],"version-history":[{"count":0,"href":"https:\/\/mersingazetesi.com\/index.php\/wp-json\/wp\/v2\/posts\/2655\/revisions"}],"wp:attachment":[{"href":"https:\/\/mersingazetesi.com\/index.php\/wp-json\/wp\/v2\/media?parent=2655"}],"wp:term":[{"taxonomy":"category","embeddable":true,"href":"https:\/\/mersingazetesi.com\/index.php\/wp-json\/wp\/v2\/categories?post=2655"},{"taxonomy":"post_tag","embeddable":true,"href":"https:\/\/mersingazetesi.com\/index.php\/wp-json\/wp\/v2\/tags?post=2655"}],"curies":[{"name":"wp","href":"https:\/\/api.w.org\/{rel}","templated":true}]}}