{"id":2593,"date":"2021-11-23T11:50:35","date_gmt":"2021-11-23T08:50:35","guid":{"rendered":"http:\/\/mersin.mesiad.org\/index.php\/2021\/11\/23\/yargimiz-bagimsiz-olsaydi-amerika-papazini-isteyemezdi\/"},"modified":"2021-11-23T11:50:35","modified_gmt":"2021-11-23T08:50:35","slug":"yargimiz-bagimsiz-olsaydi-amerika-papazini-isteyemezdi","status":"publish","type":"post","link":"https:\/\/mersingazetesi.com\/index.php\/2021\/11\/23\/yargimiz-bagimsiz-olsaydi-amerika-papazini-isteyemezdi\/","title":{"rendered":"\u201cYARGIMIZ BA\u011eIMSIZ OLSAYDI, AMER\u0130KA PAPAZINI \u0130STEYEMEZD\u0130\u201d"},"content":{"rendered":"<p>Avukatlar\u0131n en b\u00fcy\u00fck \u00f6zelli\u011finin, ba\u011f\u0131ms\u0131z, \u00f6zg\u00fcr ve biat etmeyen bir kitle oldu\u011funu ifade eden Mersin Barosu Ba\u015fkan\u0131 Av. Bilgin Ye\u015filbo\u011faz, \u201cYa\u015fanan siyasi s\u00fcre\u00e7te her zaman dik duran avukatlar ve barolar olmu\u015ftur. Bu s\u00fcre\u00e7te yarg\u0131\u00e7lar\u0131m\u0131z iyi bir s\u0131nav veremedi. \u00dclkemizin i\u00e7inde bulundu\u011fu durumun sebebi, Amerika\u2019n\u0131n ve Avrupa\u2019n\u0131n hukukumuza, adalet sistemimize inanmamas\u0131n\u0131n sebebi yarg\u0131\u00e7lar\u0131m\u0131zd\u0131r. Yarg\u0131\u00e7lar\u0131m\u0131z, siyasi irade ile \u00e7ok i\u00e7 i\u00e7e ge\u00e7tiler. Ke\u015fke kendilerini ay\u0131rabilselerdi ama bunu yapamad\u0131lar. Bu y\u00fczden Amerika papaz\u0131n\u0131 ister. E\u011fer yarg\u0131 ba\u011f\u0131ms\u0131z, kimse kar\u0131\u015famaz diyebilseydik, Amerika da susard\u0131 ve papaz\u0131n\u0131 isteyemezdi. Yarg\u0131\u00e7lar\u0131m\u0131z b\u00f6yle bir \u00e7\u0131kmaz i\u00e7indeler. Umar\u0131m bir an \u00f6nce onlar da bizimi gibi tarafs\u0131z, biat etmeyen bir adalet sava\u015f\u00e7\u0131s\u0131 haline d\u00f6nebilirler. Bizim kendilerinden beklentimiz budur\u201d diye konu\u015ftu.<\/p>\n<p>\u201cBAROLAR STAJYER AVUKAT ALIMINA KONTENJAN UYGULAMASI GET\u0130RD\u0130\u201d<\/p>\n<p>T\u00fcrkiye\u2019de hukuk fak\u00fcltesi mezunu say\u0131s\u0131n\u0131n \u00e7ok fazla olmas\u0131 sebebiyle, bir\u00e7ok baronun stajyer avukatlar\u0131n al\u0131m\u0131 konusunda kontenjan uygulamas\u0131 getirdi\u011fini belirten Mersin Barosu Ba\u015fkan\u0131 Av. Bilgin Ye\u015filbo\u011faz, \u201cFiziki \u015fartlar\u0131 yeterli olmayan baz\u0131 barolar belli bir kontenjan belirleyerek, onun \u00fcst\u00fcnde stajyer avukat almamaya ba\u015flad\u0131. Bu konuyu Ege, Marmara B\u00f6lge Baro Ba\u015fkanlar\u0131 Toplant\u0131s\u0131\u2019nda da g\u00fcndeme getirdik. Bu konuda sizin de, bizim de g\u00fcnah\u0131m\u0131z yok ama \u00e7\u00f6z\u00fcm\u00fc biz \u00fcretmek zorunday\u0131z. Mersin Barosu bu konuda \u015fansl\u0131. Kendi imk\u00e2nlar\u0131m\u0131zla G\u00f6kdelen 16. katta konferans, e\u011fitim ve toplant\u0131 salonunu baromuza kazand\u0131rarak, fiziki \u015fartlar\u0131m\u0131z\u0131 yeterli hale getirdik. B\u00f6yle geni\u015f bir komplekse sahip olan ba\u015fka bir baro yok. Mersin Barosu her zaman hukuktaki geli\u015fmelere \u00f6nc\u00fc olmu\u015f bir barodur\u201d \u015feklinde konu\u015ftu.<\/p>\n<p>Ama\u00e7lar\u0131n\u0131n, stajyer avukatlara daha kaliteli e\u011fitim hizmeti sunmak oldu\u011funu ifade eden Mersin Barosu Ba\u015fkan\u0131 Bilgin Ye\u015filbo\u011faz, \u201c\u00c7\u00fcnk\u00fc sizler ilerde bizi temsil edeceksiniz. Hukuk mesle\u011fine sahip \u00e7\u0131k\u0131n. Mesleki kurallar\u0131m\u0131za, de\u011ferlerimize sahip \u00e7\u0131k\u0131n. Mesle\u011finizi itibars\u0131zla\u015ft\u0131rmak isteyenlere m\u00fcsaade etmeyin. Hukuk mesle\u011finin tehlikesini hi\u00e7bir zaman g\u00f6z ard\u0131 etmeyin. \u00c7\u00fcnk\u00fc orada bir insan\u0131n gelece\u011fi s\u00f6z konusudur. Hi\u00e7bir dosya, bir ka\u011f\u0131t par\u00e7as\u0131ndan ibaret de\u011fildir\u201d ifadesini kulland\u0131.\u00a0<\/p>\n<p>B\u00fcltendir<\/p>\n","protected":false},"excerpt":{"rendered":"<p>Hukuk fak\u00fcltelerinden mezun olup avukatl\u0131k staj\u0131na ba\u015flayacak olan 11 stajyer avukat,  Mersin Baro Ba\u015fkan\u0131 Av. Bilgin Ye\u015filbo\u011faz\u2019\u0131 makam\u0131nda ziyaret etti. Ye\u015filbo\u011faz, \u201c\u00dclkemizin i\u00e7inde bulundu\u011fu durumun sebebi, Amerika\u2019n\u0131n ve Avrupa\u2019n\u0131n hukukumuza, adalet sistemimize inanmamas\u0131n\u0131n sebebi yarg\u0131\u00e7lar\u0131m\u0131zd\u0131r.\u201d dedi.<\/p>\n","protected":false},"author":2,"featured_media":0,"comment_status":"open","ping_status":"open","sticky":false,"template":"","format":"standard","meta":{"footnotes":""},"categories":[],"tags":[],"class_list":["post-2593","post","type-post","status-publish","format-standard","hentry"],"views":16,"_links":{"self":[{"href":"https:\/\/mersingazetesi.com\/index.php\/wp-json\/wp\/v2\/posts\/2593","targetHints":{"allow":["GET"]}}],"collection":[{"href":"https:\/\/mersingazetesi.com\/index.php\/wp-json\/wp\/v2\/posts"}],"about":[{"href":"https:\/\/mersingazetesi.com\/index.php\/wp-json\/wp\/v2\/types\/post"}],"author":[{"embeddable":true,"href":"https:\/\/mersingazetesi.com\/index.php\/wp-json\/wp\/v2\/users\/2"}],"replies":[{"embeddable":true,"href":"https:\/\/mersingazetesi.com\/index.php\/wp-json\/wp\/v2\/comments?post=2593"}],"version-history":[{"count":0,"href":"https:\/\/mersingazetesi.com\/index.php\/wp-json\/wp\/v2\/posts\/2593\/revisions"}],"wp:attachment":[{"href":"https:\/\/mersingazetesi.com\/index.php\/wp-json\/wp\/v2\/media?parent=2593"}],"wp:term":[{"taxonomy":"category","embeddable":true,"href":"https:\/\/mersingazetesi.com\/index.php\/wp-json\/wp\/v2\/categories?post=2593"},{"taxonomy":"post_tag","embeddable":true,"href":"https:\/\/mersingazetesi.com\/index.php\/wp-json\/wp\/v2\/tags?post=2593"}],"curies":[{"name":"wp","href":"https:\/\/api.w.org\/{rel}","templated":true}]}}