{"id":2585,"date":"2021-11-23T11:50:35","date_gmt":"2021-11-23T08:50:35","guid":{"rendered":"http:\/\/mersin.mesiad.org\/index.php\/2021\/11\/23\/mersinde-bayram-coskusu\/"},"modified":"2021-11-23T11:50:35","modified_gmt":"2021-11-23T08:50:35","slug":"mersinde-bayram-coskusu","status":"publish","type":"post","link":"https:\/\/mersingazetesi.com\/index.php\/2021\/11\/23\/mersinde-bayram-coskusu\/","title":{"rendered":"MERS\u0130N\u2019DE BAYRAM CO\u015eKUSU"},"content":{"rendered":"<p>30 A\u011fustos Zaferi\u2019nin 96\u2019\u0131nc\u0131 y\u0131l d\u00f6n\u00fcm\u00fc dolay\u0131s\u0131yla sabah saat 09.00\u2019da Cumhuriyet Meydan\u0131\u2019nda t\u00f6ren d\u00fczenlendi. Vali Ali \u0130hsan Su\u2019nun t\u00f6ren k\u0131tas\u0131n\u0131 selamlamas\u0131yla ba\u015flayan t\u00f6rene, Akdeniz B\u00f6lge ve Garnizon Komutan\u0131 Tu\u011famiral \u00d6nder G\u00fcrb\u00fcz, B\u00fcy\u00fck\u015fehir Belediye Ba\u015fkan\u0131 Burhanettin Kocamaz, milletvekilleri, askerler, gaziler, il protokol\u00fc ve vatanda\u015flar kat\u0131ld\u0131. T\u00f6rende, Vali Su, Tu\u011famiral G\u00fcrb\u00fcz ve Ba\u015fkan Kocamaz\u2019\u0131n Atat\u00fcrk An\u0131t\u0131\u2019na \u00e7elenk sunmalar\u0131n\u0131n ard\u0131ndan sayg\u0131 duru\u015fu ve \u0130stiklal Mar\u015f\u0131 e\u015fli\u011finde T\u00fcrk bayra\u011f\u0131 g\u00f6ndere \u00e7ekildi.\u00a0<br \/>\nDaha sonra Cumhuriyet Meydan\u0131\u2019ndaki K\u00fclt\u00fcr Merkezi\u2019ne ge\u00e7en Vali Su, Tu\u011famiral G\u00fcrb\u00fcz ve Ba\u015fkan Kocamaz ile birlikte \u015eeref Salonu\u2019nda tebrikleri kabul etti.\u00a0<br \/>\nT\u00f6renin ikinci b\u00f6l\u00fcm\u00fcnde yeniden Cumhuriyet Meydan\u0131na \u00e7\u0131kan Su, G\u00fcrb\u00fcz ve Kocamaz, t\u00f6rene kat\u0131lanlar\u0131n ve halk\u0131n bayram\u0131n\u0131 kutlad\u0131lar.\u00a0<\/p>\n<p>Bir \u00f6\u011frencinin \u015fiir okumas\u0131n\u0131n ard\u0131ndan g\u00fcn\u00fcn anlam ve \u00f6nemine ili\u015fkin konu\u015fmay\u0131n Akdeniz B\u00f6lge ve Garnizon Komutanl\u0131\u011f\u0131\u2019nda g\u00f6revli Deniz Piyade Binba\u015f\u0131 Mustafa Karahasano\u011flu, &#8220;Y\u00fcce T\u00fcrk ulusunun ba\u011f\u0131ms\u0131zl\u0131k ve ulusal onuru u\u011fruna neleri ba\u015farabilece\u011finin m\u00fckemmel ve anlaml\u0131 \u00f6rne\u011fi olan, T\u00fcrk tarihine 96 y\u0131l \u00f6nce alt\u0131n harflerle yaz\u0131lan b\u00fcy\u00fck taarruzu b\u00fcy\u00fck bir co\u015fkuyla kutluyoruz. 30 A\u011fustos tarihin her d\u00f6neminde h\u00fcr ya\u015fam\u0131\u015f y\u00fcce T\u00fcrk ulusunun ulu \u00d6nderin etraf\u0131ndan kenetlenerek, milli birlik ve beraberlik i\u00e7erisinde &#8216;ya istiklal ya \u00f6l\u00fcm&#8217; parolas\u0131yla s\u00fcrd\u00fcrd\u00fc\u011f\u00fc ba\u011f\u0131ms\u0131zl\u0131k m\u00fccadelesinin zaferidir. T\u00fcrk milletine esareti reva g\u00f6renlere kar\u015f\u0131 ulu \u00d6nder Gazi Mustafa Kemal Atat\u00fcrk\u2019\u00fcn \u00f6nderli\u011finde ba\u015flat\u0131lan h\u00fcrriyet m\u00fccadelesi zincirinin en \u00f6nemli halkas\u0131 30 A\u011fustos zaferiyle tamamlanm\u0131\u015ft\u0131r. Her safhas\u0131yla d\u00fc\u015f\u00fcn\u00fclm\u00fc\u015f, planlanm\u0131\u015f, \u00fcst\u00fcn bir ba\u015far\u0131yla sevk ve idare edilmi\u015f bir harekat\u0131n neticesinde elde edilen bu zafer T\u00fcrk milletinin h\u00fcrriyet ve istiklal fikrinin, vatan\u0131n\u0131, kan\u0131 ve can\u0131 pahas\u0131na koruma azim ile kararl\u0131l\u0131\u011f\u0131n\u0131n, ordusunun y\u00fcksek kudret ve kahramanl\u0131\u011f\u0131n\u0131n bir yans\u0131mas\u0131d\u0131r&#8221; dedi.\u00a0<br \/>\n30 A\u011fustos zaferiyle T\u00fcrk milleti taraf\u0131ndan egemenli\u011fin kay\u0131ts\u0131z ve \u015farts\u0131z olarak elde edildi\u011fini vurgulayan Karahasano\u011flu, &#8220;Yeni T\u00fcrk devletinin ve gen\u00e7 T\u00fcrkiye Cumhuriyetinin temelleri at\u0131lm\u0131\u015f, Dumlup\u0131nar\u2019da ak\u0131tt\u0131klar\u0131 kanla bu semalarda y\u00fckselen \u015fehit ruhlar\u0131 T\u00fcrkiye Cumhuriyeti Devletinin ebedi muhaf\u0131zlar\u0131 olarak yerlerini alm\u0131\u015flard\u0131r. Bug\u00fcn T\u00fcrk Silahl\u0131 Kuvvetleri (TSK) mensuplar\u0131 olarak 96. y\u0131l d\u00f6n\u00fcm\u00fcn\u00fc kutlad\u0131\u011f\u0131m\u0131z bu b\u00fcy\u00fck zaferi olu\u015fturan b\u00fcy\u00fck T\u00fcrk milletinin ve ordusunun mensubu olman\u0131n onur ve gururu i\u00e7inde oldu\u011fumuzu bir kez daha ifade etmek istiyorum. 30 A\u011fustos 1922\u2019de kazan\u0131lan zafer sadece T\u00fcrk ulusunun kesin ba\u011f\u0131ms\u0131zl\u0131\u011f\u0131n\u0131 sa\u011flamakla kalmam\u0131\u015f, Asya ve Afrika\u2019da s\u00f6m\u00fcrge durumunda olan uluslara kurtulu\u015f m\u00fccadeleleri i\u00e7in emsalsiz bir \u00f6rnek te\u015fkil etmi\u015f, mazlumlara yol g\u00f6stermi\u015f, \u0131\u015f\u0131k tutmu\u015f, t\u00fcm d\u00fcnyada ulus bilincinin ilk k\u0131v\u0131lc\u0131m\u0131 olmu\u015ftur. Bu zaferi takip eden s\u00fcre\u00e7te ulu \u00d6nder Mustafa Kemal Atat\u00fcrk sayesinde en \u00e7a\u011fda\u015f y\u00f6netim \u015fekli olan Cumhuriyet ile idare edilen yeni bir T\u00fcrk devleti kurulmu\u015ftur. Kurulan T\u00fcrkiye Cumhuriyeti Atat\u00fcrk\u2019\u00fcn e\u015fsiz \u00f6ng\u00f6r\u00fcs\u00fcyle belirledi\u011fi somut hedefler sayesinde sa\u011fl\u0131kl\u0131 ve istikrarl\u0131 bir \u015fekilde bug\u00fcnlere gelmi\u015f ve \u00e7a\u011fda\u015f uygarl\u0131k hedefine ula\u015fma yolunda \u00f6nemli ad\u0131mlar atm\u0131\u015ft\u0131r. T\u00fcrk ulusu ve onun ayr\u0131lmaz par\u00e7as\u0131 olan TSK 30 A\u011fustos Zaferini, ba\u015fta ulu \u00d6nderimiz olmak \u00fczere bu zaferi olu\u015fturan t\u00fcm kahramanlar\u0131n\u0131 hi\u00e7bir zaman unutmayacak, kendisine emanet edilen bu eseri daha y\u00fckseklere ta\u015f\u0131mak i\u00e7in var g\u00fcc\u00fcyle \u00e7al\u0131\u015facakt\u0131r. TSK d\u00fcn oldu\u011fu gibi bug\u00fcnde demokrasinin tesis ve idaresi i\u00e7in halk\u0131yla b\u00fct\u00fcnle\u015ferek, milletinin emrinde ve kendisine verilecek her t\u00fcrl\u00fc g\u00f6revi yapmaya daima haz\u0131rd\u0131r&#8221; diye konu\u015ftu.\u00a0<br \/>\nKonu\u015fman\u0131n ard\u0131ndan bir \u00f6\u011frencinin \u015fiir okumas\u0131 ve B\u00fcy\u00fck\u015fehir Belediyesi Halk Oyunlar\u0131 Ekibi\u2019nin g\u00f6sterileriyle devam eden t\u00f6ren, resmi ge\u00e7itle sona erdi.\u00a0<\/p>\n<p>\u0130HA<\/p>\n","protected":false},"excerpt":{"rendered":"<p>Mersin&#8217;de 30 A\u011fustos Zafer Bayram\u0131, co\u015fkuyla kutland\u0131. Mersin Valisi Ali \u0130hsan Su, kutlamalar \u00e7er\u00e7evesinde K\u00fclt\u00fcr Merkezi\u2019nde tebrikleri kabul etti.<\/p>\n","protected":false},"author":2,"featured_media":0,"comment_status":"open","ping_status":"open","sticky":false,"template":"","format":"standard","meta":{"footnotes":""},"categories":[],"tags":[],"class_list":["post-2585","post","type-post","status-publish","format-standard","hentry"],"views":32,"_links":{"self":[{"href":"https:\/\/mersingazetesi.com\/index.php\/wp-json\/wp\/v2\/posts\/2585","targetHints":{"allow":["GET"]}}],"collection":[{"href":"https:\/\/mersingazetesi.com\/index.php\/wp-json\/wp\/v2\/posts"}],"about":[{"href":"https:\/\/mersingazetesi.com\/index.php\/wp-json\/wp\/v2\/types\/post"}],"author":[{"embeddable":true,"href":"https:\/\/mersingazetesi.com\/index.php\/wp-json\/wp\/v2\/users\/2"}],"replies":[{"embeddable":true,"href":"https:\/\/mersingazetesi.com\/index.php\/wp-json\/wp\/v2\/comments?post=2585"}],"version-history":[{"count":0,"href":"https:\/\/mersingazetesi.com\/index.php\/wp-json\/wp\/v2\/posts\/2585\/revisions"}],"wp:attachment":[{"href":"https:\/\/mersingazetesi.com\/index.php\/wp-json\/wp\/v2\/media?parent=2585"}],"wp:term":[{"taxonomy":"category","embeddable":true,"href":"https:\/\/mersingazetesi.com\/index.php\/wp-json\/wp\/v2\/categories?post=2585"},{"taxonomy":"post_tag","embeddable":true,"href":"https:\/\/mersingazetesi.com\/index.php\/wp-json\/wp\/v2\/tags?post=2585"}],"curies":[{"name":"wp","href":"https:\/\/api.w.org\/{rel}","templated":true}]}}