{"id":2552,"date":"2021-11-23T11:50:33","date_gmt":"2021-11-23T08:50:33","guid":{"rendered":"http:\/\/mersin.mesiad.org\/index.php\/2021\/11\/23\/chp-intihari-meclise-tasidi\/"},"modified":"2021-11-23T11:50:33","modified_gmt":"2021-11-23T08:50:33","slug":"chp-intihari-meclise-tasidi","status":"publish","type":"post","link":"https:\/\/mersingazetesi.com\/index.php\/2021\/11\/23\/chp-intihari-meclise-tasidi\/","title":{"rendered":"CHP intihar\u0131 Meclise ta\u015f\u0131d\u0131"},"content":{"rendered":"<p>Milli \u0130stihbarat Te\u015fkilat\u0131nda ya\u015fad\u0131\u011f\u0131 mobbingi M\u00fcste\u015far Hakan Fidan\u2019a \u015fikayet edip sonu\u00e7 alamay\u0131nca M\u0130T personeli M.Y\u2019nin zorla emekli edilmesinin ard\u0131ndan Nisan\u2019da intihar etti\u011fi ortaya \u00e7\u0131kt\u0131. CHP konuyu Meclise ta\u015f\u0131d\u0131.<br \/>\n\u00a0<br \/>\nCumhurba\u015fkan\u0131 Yard\u0131mc\u0131s\u0131 Fuat Oktay taraf\u0131ndan yan\u0131tlanmas\u0131 istemiyle Meclis Ba\u015fkanl\u0131\u011f\u0131na soru \u00f6nergesi veren CHP Mersin Milletvekili Alpay Antmen \u00f6nergesinde, M\u0130T\u2019te bir m\u00fcd\u00fcr\u00fcn kendisine zorla \u2018g\u00fcnayd\u0131n\u2019 ve \u2018iyi ak\u015famlar\u2019 dedirtti\u011finin, personelin en ufak konuda dahi azarland\u0131\u011f\u0131n\u0131n, yoklama al\u0131nd\u0131\u011f\u0131n\u0131n ve ciddi bir mobbing uyguland\u0131\u011f\u0131 i\u00e7in bir\u00e7ok ki\u015finin psikolojik tedavi g\u00f6rd\u00fc\u011f\u00fcn\u00fcn ve antidepresan kulland\u0131\u011f\u0131n\u0131n iddia edildi\u011fini belirterek \u201c\u00dclkenin en \u00f6nemli kurumlar\u0131ndan birisi olan ve g\u00fcvenli\u011fimizle ilgili \u00e7ok hassas bir yer olmas\u0131 gereken Milli \u0130stihbarat Te\u015fkilat\u0131\u2019nda baz\u0131 m\u00fcd\u00fcrlerin yoklama ald\u0131\u011f\u0131, mobbing uygulad\u0131\u011f\u0131, personeli a\u015fa\u011f\u0131lad\u0131\u011f\u0131 iddialar\u0131 do\u011fru mudur? Devlette liyakatin i\u015fletilmemesinin kurumda bu tip olaylar\u0131n ya\u015fanmas\u0131na yol a\u00e7t\u0131\u011f\u0131n\u0131 d\u00fc\u015f\u00fcnmekte misiniz?\u201d diye sordu.<br \/>\n\u00a0<br \/>\nAntmen\u2019in \u00f6nergesinde yer alan sorular \u015fu \u015fekilde;<br \/>\n\u00a0<br \/>\n\u2013\u00dclkenin en \u00f6nemli kurumlar\u0131ndan birisi olan ve g\u00fcvenli\u011fimizle ilgili \u00e7ok hassas bir yer olmas\u0131 gereken Milli \u0130stihbarat Te\u015fkilat\u0131\u2019nda baz\u0131 m\u00fcd\u00fcrlerin yoklama ald\u0131\u011f\u0131, mobbing uygulad\u0131\u011f\u0131, personeli a\u015fa\u011f\u0131lad\u0131\u011f\u0131 iddialar\u0131 do\u011fru mudur? Do\u011fruysa bu ki\u015fi ya da ki\u015filerle ilgili hangi idari i\u015flemler uygulanm\u0131\u015ft\u0131r? Personele bask\u0131 uygulayan bu ki\u015fi ya da ki\u015filer kurumda \u00e7al\u0131\u015fmaya devam etmekte midir? \u00c7al\u0131\u015fmaya devam ediyorlarsa bu ki\u015filerin g\u00f6rev yerlerinde ne t\u00fcr de\u011fi\u015fikliklere gidilmi\u015f ve hangi yapt\u0131r\u0131mlar uygulanm\u0131\u015ft\u0131r?<br \/>\n\u2013 Milli \u0130stihbarat Te\u015fkilat\u0131nda ka\u00e7 ki\u015fi mobbinge maruz kalm\u0131\u015ft\u0131r? Ka\u00e7 ki\u015fi u\u011frad\u0131\u011f\u0131 mobbing y\u00fcz\u00fcnden tedavi g\u00f6rm\u00fc\u015f ve ila\u00e7 kullanmaktad\u0131r?<br \/>\n\u2013 Konuyla ilgili olarak ka\u00e7 ki\u015fi \u015fikayette bulunmu\u015ftur? Bu \u015fikayetler sonras\u0131 ne t\u00fcr giri\u015fimler yap\u0131lm\u0131\u015f ve \u015fikayetlerin sonu\u00e7lar\u0131 ne olmu\u015ftur?<br \/>\n\u2013 2002 ila 2018 y\u0131llar\u0131 aras\u0131nda M\u0130T\u2019ten ka\u00e7 ki\u015fi ihra\u00e7 edilmi\u015f, ka\u00e7 ki\u015fi istifa etmi\u015f, ka\u00e7 ki\u015fi intihar etmi\u015ftir?<br \/>\n\u2013Devlette liyakatin i\u015fletilmemesinin kurumda bu tip olaylar\u0131n ya\u015fanmas\u0131na yol a\u00e7t\u0131\u011f\u0131n\u0131 d\u00fc\u015f\u00fcnmekte misiniz? Bu tip olaylar\u0131n bir daha ya\u015fanmamas\u0131 ad\u0131na ne t\u00fcr \u00f6nlemler alacaks\u0131n\u0131z?<\/p>\n<p>SEV\u0130M ESRA G\u00dcNG\u00d6R<\/p>\n","protected":false},"excerpt":{"rendered":"<p>CHP Mersin Milletvekili Alpay Antmen, Cumhurba\u015fkan\u0131 Yard\u0131mc\u0131s\u0131 Fuat Oktay taraf\u0131ndan yan\u0131tlanmas\u0131 istemiyle Meclis Ba\u015fkanl\u0131\u011f\u0131na soru \u00f6nergesi verdi.<\/p>\n","protected":false},"author":2,"featured_media":0,"comment_status":"open","ping_status":"open","sticky":false,"template":"","format":"standard","meta":{"footnotes":""},"categories":[],"tags":[],"class_list":["post-2552","post","type-post","status-publish","format-standard","hentry"],"views":29,"_links":{"self":[{"href":"https:\/\/mersingazetesi.com\/index.php\/wp-json\/wp\/v2\/posts\/2552","targetHints":{"allow":["GET"]}}],"collection":[{"href":"https:\/\/mersingazetesi.com\/index.php\/wp-json\/wp\/v2\/posts"}],"about":[{"href":"https:\/\/mersingazetesi.com\/index.php\/wp-json\/wp\/v2\/types\/post"}],"author":[{"embeddable":true,"href":"https:\/\/mersingazetesi.com\/index.php\/wp-json\/wp\/v2\/users\/2"}],"replies":[{"embeddable":true,"href":"https:\/\/mersingazetesi.com\/index.php\/wp-json\/wp\/v2\/comments?post=2552"}],"version-history":[{"count":0,"href":"https:\/\/mersingazetesi.com\/index.php\/wp-json\/wp\/v2\/posts\/2552\/revisions"}],"wp:attachment":[{"href":"https:\/\/mersingazetesi.com\/index.php\/wp-json\/wp\/v2\/media?parent=2552"}],"wp:term":[{"taxonomy":"category","embeddable":true,"href":"https:\/\/mersingazetesi.com\/index.php\/wp-json\/wp\/v2\/categories?post=2552"},{"taxonomy":"post_tag","embeddable":true,"href":"https:\/\/mersingazetesi.com\/index.php\/wp-json\/wp\/v2\/tags?post=2552"}],"curies":[{"name":"wp","href":"https:\/\/api.w.org\/{rel}","templated":true}]}}