{"id":2544,"date":"2021-11-23T11:50:33","date_gmt":"2021-11-23T08:50:33","guid":{"rendered":"http:\/\/mersin.mesiad.org\/index.php\/2021\/11\/23\/engelli-aileleri-icin-prim-teklifi\/"},"modified":"2021-11-23T11:50:33","modified_gmt":"2021-11-23T08:50:33","slug":"engelli-aileleri-icin-prim-teklifi","status":"publish","type":"post","link":"https:\/\/mersingazetesi.com\/index.php\/2021\/11\/23\/engelli-aileleri-icin-prim-teklifi\/","title":{"rendered":"Engelli aileleri i\u00e7in prim teklifi"},"content":{"rendered":"<p>Cumhuriyet Halk Partisi, engelli aileleri i\u00e7in Meclis Ba\u015fkanl\u0131\u011f\u0131na kanun teklifi verdi. CHP Mersin Milletvekili Alpay Antmen\u2019in verdi\u011fi teklifte engelli bireylere bakan ki\u015filerin sigorta primlerinin kamu kaynaklar\u0131nca kar\u015f\u0131lanmas\u0131 \u00f6ng\u00f6r\u00fcl\u00fcyor.<\/p>\n<p>Antmen, Sosyal Hizmetler Kanunu \u0130le Sosyal Sigortalar Ve Genel Sa\u011fl\u0131k Sigortas\u0131 Kanununda De\u011fi\u015fiklik Yap\u0131lmas\u0131 Hakk\u0131ndaki kanun teklifinin gerek\u00e7esinde, engelli yurtta\u015flar\u0131n sosyal, siyasal, ekonomik ve toplumsal hayata kat\u0131l\u0131mlar\u0131n\u0131n \u00f6n\u00fcndeki engellerin ortadan kald\u0131r\u0131lmas\u0131n\u0131n devletin asli g\u00f6revlerinden oldu\u011funu belirterek \u201cEngelli bireylere bakan ki\u015filerin g\u00fcvenceye al\u0131nmas\u0131 hayati \u00f6nem arz etmektedir. Bunun i\u00e7in de hem engelli bireyin hayat\u0131 hem de ona hayat\u0131 kolayla\u015ft\u0131ranlar\u0131n hayat\u0131n\u0131n kalitesi ve g\u00fcvencesi artt\u0131r\u0131lmal\u0131d\u0131r. Engelli vatanda\u015flar\u0131m\u0131za bakan ki\u015filerin sigortas\u0131n\u0131n devlet kayna\u011f\u0131ndan kar\u015f\u0131lanmas\u0131 bu yolda bir ad\u0131m olacakt\u0131r.\u201d dedi.<\/p>\n<p>Kanun teklifinde bir\u00e7ok engelli ailesinin sosyal desteklerden mahrum b\u0131rak\u0131ld\u0131\u011f\u0131n\u0131 ifade eden CHP\u2019li vekil \u201cEngellilere y\u00f6nelik hizmetler de\u011ferlendirildi\u011finde sosyal hizmet, g\u00fcn\u00fcm\u00fcz\u00fcn karma\u015f\u0131k ve s\u00fcrekli de\u011fi\u015fen toplumunda vazge\u00e7ilemez bir unsur durumuna gelmektedir. Bu nedenle aile bireyi olsun ya da olmas\u0131n, engelli bireye evde ve d\u0131\u015far\u0131da bak\u0131m hizmeti veren ki\u015fi ayn\u0131 zamanda sosyal bir g\u00f6revi de yerine getirmektedir. Anayasan\u0131n \u2018sosyal devlet\u2019 ilkesi \u00e7er\u00e7evesinde; engelli vatanda\u015flara bakan aile \u00fcyesinin sigorta priminin devlet b\u00fct\u00e7esinden kar\u015f\u0131lanmas\u0131 hem ailenin sosyo-ekonomik durumunun korunmas\u0131nda, hem de bir\u00e7ok y\u00f6nden dezavantajl\u0131 durumda bulunan engelli bireylerin bak\u0131m, e\u011fitim ve sa\u011fl\u0131k hizmetlerinin g\u00fc\u00e7lendirilmesinin \u00f6n\u00fcn\u00fc a\u00e7acakt\u0131r\u201d ifadelerini kulland\u0131.<\/p>\n<p>TURAN DAL<\/p>\n","protected":false},"excerpt":{"rendered":"<p>Cumhuriyet Halk Partisi, engelli aileleri i\u00e7in Meclis Ba\u015fkanl\u0131\u011f\u0131na kanun teklifi verdi. CHP Mersin Milletvekili Alpay Antmen\u2019in verdi\u011fi teklifte engelli bireylere bakan ki\u015filerin sigorta primlerinin kamu kaynaklar\u0131nca kar\u015f\u0131lanmas\u0131 \u00f6ng\u00f6r\u00fcl\u00fcyor. Antmen, Sosyal Hizmetler Kanunu \u0130le Sosyal Sigortalar Ve Genel Sa\u011fl\u0131k Sigortas\u0131 Kanununda De\u011fi\u015fiklik Yap\u0131lmas\u0131 Hakk\u0131ndaki kanun teklifinin gerek\u00e7esinde, engelli yurtta\u015flar\u0131n sosyal, siyasal, ekonomik ve toplumsal hayata kat\u0131l\u0131mlar\u0131n\u0131n [&hellip;]<\/p>\n","protected":false},"author":2,"featured_media":0,"comment_status":"open","ping_status":"open","sticky":false,"template":"","format":"standard","meta":{"footnotes":""},"categories":[],"tags":[],"class_list":["post-2544","post","type-post","status-publish","format-standard","hentry"],"views":20,"_links":{"self":[{"href":"https:\/\/mersingazetesi.com\/index.php\/wp-json\/wp\/v2\/posts\/2544","targetHints":{"allow":["GET"]}}],"collection":[{"href":"https:\/\/mersingazetesi.com\/index.php\/wp-json\/wp\/v2\/posts"}],"about":[{"href":"https:\/\/mersingazetesi.com\/index.php\/wp-json\/wp\/v2\/types\/post"}],"author":[{"embeddable":true,"href":"https:\/\/mersingazetesi.com\/index.php\/wp-json\/wp\/v2\/users\/2"}],"replies":[{"embeddable":true,"href":"https:\/\/mersingazetesi.com\/index.php\/wp-json\/wp\/v2\/comments?post=2544"}],"version-history":[{"count":0,"href":"https:\/\/mersingazetesi.com\/index.php\/wp-json\/wp\/v2\/posts\/2544\/revisions"}],"wp:attachment":[{"href":"https:\/\/mersingazetesi.com\/index.php\/wp-json\/wp\/v2\/media?parent=2544"}],"wp:term":[{"taxonomy":"category","embeddable":true,"href":"https:\/\/mersingazetesi.com\/index.php\/wp-json\/wp\/v2\/categories?post=2544"},{"taxonomy":"post_tag","embeddable":true,"href":"https:\/\/mersingazetesi.com\/index.php\/wp-json\/wp\/v2\/tags?post=2544"}],"curies":[{"name":"wp","href":"https:\/\/api.w.org\/{rel}","templated":true}]}}