{"id":2500,"date":"2021-11-23T11:50:31","date_gmt":"2021-11-23T08:50:31","guid":{"rendered":"http:\/\/mersin.mesiad.org\/index.php\/2021\/11\/23\/incir-festivaline-yogun-ilgi\/"},"modified":"2021-11-23T11:50:31","modified_gmt":"2021-11-23T08:50:31","slug":"incir-festivaline-yogun-ilgi","status":"publish","type":"post","link":"https:\/\/mersingazetesi.com\/index.php\/2021\/11\/23\/incir-festivaline-yogun-ilgi\/","title":{"rendered":"\u0130NC\u0130R FEST\u0130VAL\u0130NE YO\u011eUN \u0130LG\u0130"},"content":{"rendered":"<p>G\u00f6\u00e7\u00fck Mahallesi\u2019nde ger\u00e7ekle\u015fen programa Mersin B\u00fcy\u00fck\u015fehir Belediye Ba\u015fkan\u0131 Burhanettin Kocamaz, Tarsus Belediye Ba\u015fkan\u0131 \u015eevket Can, MHP Mersin Milletvekili Baki \u015eim\u015fek, CHP Mersin Milletvekili Ali Mahir Ba\u015far\u0131r, MHP Mersin \u0130l Ba\u015fkan\u0131 Zeynel U\u011fur G\u00f6lgeli, Tarsus \u0130l\u00e7e Jandarma Komutan\u0131 Binba\u015f\u0131 Burak Demirta\u015f, MHP Tarsus \u0130l\u00e7e Ba\u015fkan\u0131 Ertu\u011frul Bodur, MHP \u00c7aml\u0131yayla \u0130l\u00e7e Ba\u015fkan\u0131 Ali R\u0131za Gen\u00e7, Tarsus Ziraat Odas\u0131 Ba\u015fkan\u0131 Ali Ergezer, G\u00f6\u00e7\u00fck Mahalle Muhtar\u0131 Murat Ramazan Benli, meclis \u00fcyeleri ile \u00e7ok say\u0131da davetli kat\u0131ld\u0131. \u015e\u00f6lende sahne alan T\u00fcrk Halk M\u00fczi\u011fi\u2019nin g\u00fc\u00e7l\u00fc seslerinden Sevcan Orhan ve O\u011fuz Y\u0131lmaz t\u00fcrk\u00fclerini t\u00fcm G\u00f6\u00e7\u00fckl\u00fcler i\u00e7in seslendirdi. Ak\u015fam saatlerinde ba\u015flayan \u015f\u00f6len dolu dolu ge\u00e7ti. G\u00f6\u00e7\u00fck Mahallesi 3. \u0130ncir \u015e\u00f6leni\u2019nde sahneye ilk olarak y\u00f6resel sanat\u00e7\u0131lardan Metin \u015eirinkaya \u00e7\u0131kt\u0131 ve t\u00fcrk\u00fclerini G\u00f6\u00e7\u00fckl\u00fc hem\u015ferileri ile birlikte seslendirdi. Y\u00f6resel sanat\u00e7\u0131 \u015eirinkaya\u2019n\u0131n ard\u0131ndan sahne alan K\u0131rg\u0131zl\u0131 sanat\u00e7\u0131lar da k\u00f6yl\u00fclerden b\u00fcy\u00fck ilgi g\u00f6rd\u00fc. Y\u00f6resel k\u0131yafetleri ve komuzlar\u0131 ile par\u00e7alar\u0131n\u0131 seslendiren sanat\u00e7\u0131lar K\u0131rg\u0131z T\u00fcrk\u00e7esi ile \u015fark\u0131lar\u0131n\u0131 s\u00f6yledi.<\/p>\n<p>BA\u015eKAN KOCAMAZ:\u00a0<br \/>\n\u201cB\u0130Z\u0130M \u0130NSANIMIZ \u00c7ALI\u015eKAN\u2019\u2019<\/p>\n<p>Mersin B\u00fcy\u00fck\u015fehir Belediye Ba\u015fkan\u0131 Burhanettin Kocamaz konu\u015fmas\u0131n\u0131n ba\u015f\u0131nda, \u00a0G\u00f6\u00e7\u00fck Mahallesi 3. \u0130ncir Festivali\u2019nde vatanda\u015flar ile bir araya gelmekten dolay\u0131 duydu\u011fu mutlulu\u011fu dile getirerek, \u201cBizim insan\u0131m\u0131z \u00e7al\u0131\u015fkan. Bizim insan\u0131m\u0131z \u00fcretiyor. Bizim insan\u0131m\u0131z \u00fclkenin kalk\u0131nmas\u0131 i\u00e7in bir \u015feyler yapmak, \u00fcretmek ve \u00fclkeyi kalk\u0131nd\u0131rmak i\u00e7in kendisini sorumlu addediyor. Ama ne yaz\u0131k ki \u00fcretti\u011fimiz \u00fcr\u00fcnler maalesef \u00e7ekti\u011fimiz emeklerin, al\u0131n terinin kar\u015f\u0131l\u0131\u011f\u0131n\u0131 bulam\u0131yor. Bunun y\u0131llard\u0131r s\u0131k\u0131nt\u0131s\u0131 i\u00e7erisindeyiz. Ama bizim insan\u0131m\u0131z belki kazanam\u0131yor fakat bu \u00fclke insan\u0131n\u0131 doyurmak i\u00e7in bu \u00fclke insan\u0131na katk\u0131 sunabilmek i\u00e7in gece g\u00fcnd\u00fcz demeden m\u00fccadele ediyor. Bu m\u00fccadeleyi g\u00f6steren b\u00fct\u00fcn hem\u015ferilerimize huzurlar\u0131n\u0131zda te\u015fekk\u00fcr ediyorum\u201d dedi.<\/p>\n<p>\u201cBARI\u015e VE KARDE\u015eL\u0130K DUYGULARI GEL\u0130\u015e\u0130YOR\u2019\u2019<\/p>\n<p>Ba\u015fkan Kocamaz, bu t\u00fcr etkinliklerin insanlar aras\u0131 g\u00fczel ba\u011flar kurulmas\u0131na vesile oldu\u011fundan s\u00f6z ederek, \u201cElbette \u00fcretece\u011fiz ama bunu bayram\u0131n\u0131 da hep birlikte yapaca\u011f\u0131z. B\u00f6yle bir etkinlikte sizlerle bizleri bulu\u015fturan ba\u015fta G\u00f6\u00e7\u00fck K\u00f6y\u00fc Muhtar\u0131m\u0131z olmak \u00fczere, Tarsus Belediye Ba\u015fkan\u0131m\u0131za ve B\u00fcy\u00fck\u015fehir Belediyesi \u00e7al\u0131\u015fanlar\u0131m\u0131za huzurlar\u0131n\u0131zda te\u015fekk\u00fcr ediyorum. Tabi ki bu t\u00fcr etkinlikler bizi bir araya getiriyor. Birlik ve beraberli\u011fimizi peki\u015ftiriyor ve gelece\u011fe emin ad\u0131mlarla y\u00fcr\u00fcmemizi sa\u011fl\u0131yor. Bu t\u00fcr etkinlikler b\u00f6lgeye, ya\u015fad\u0131\u011f\u0131m\u0131z yerlere aidiyet duygusu ta\u015f\u0131mam\u0131z\u0131 sa\u011fl\u0131yor. Birbirimizi daha yak\u0131ndan tan\u0131mam\u0131z\u0131 sa\u011fl\u0131yor. \u00dclkemizdeki ve ilimizdeki sevgi, ho\u015fg\u00f6r\u00fc, bar\u0131\u015f ve karde\u015flik duygular\u0131n\u0131 geli\u015ftiriyor\u201d \u015feklinde konu\u015ftu. \u015e\u00f6lende g\u00f6rd\u00fc\u011f\u00fc tablonun kendisini heyecanland\u0131rd\u0131\u011f\u0131n\u0131 belirten Ba\u015fkan Kocamaz, \u201cBizim Mersin\u2019de bar\u0131\u015f ve ho\u015fg\u00f6r\u00fcy\u00fc geli\u015ftirmeye ihtiyac\u0131m\u0131z var. Bizim Mersin\u2019de birbirimize sahip \u00e7\u0131kmaya ihtiyac\u0131m\u0131z var. Bizim Mersin\u2019de birbirimize ho\u015fg\u00f6r\u00fcyle yakla\u015fmaya ihtiyac\u0131m\u0131z var. Onun i\u00e7in bu t\u00fcr etkinlikler gerekli ve biz de yerel y\u00f6netimler olarak gerek Tarsus Belediyesi, gerekse de Mersin B\u00fcy\u00fck\u015fehir Belediyesi olarak bu t\u00fcr etkinliklere sonuna kadar destek veriyoruz. Yaz aylar\u0131 art\u0131k Mersin\u2019de bir bayram mevsimi haline d\u00f6n\u00fc\u015ft\u00fc. Gece g\u00fcnd\u00fcz demeden bu bayramlar devam ediyor\u201d ifadelerine yer verdi.<\/p>\n<p>\u015e\u0130M\u015eEK: \u201cFEST\u0130VAL SAYES\u0130NDE G\u00d6\u00c7\u00dcK K\u00d6Y\u00dcN\u00dcN \u0130SM\u0130N\u0130 T\u00dcM D\u00dcNYA DUYUYOR\u2019\u2019<\/p>\n<p>MHP Mersin Milletvekili Baki \u015eim\u015fek yapt\u0131\u011f\u0131 konu\u015fmada, \u201cBen \u00f6ncelikle 3 y\u0131ld\u0131r \u0130ncir Festivali\u2019ni d\u00fczenlemek i\u00e7in b\u00fcy\u00fck gayret g\u00f6steren, Tarsus\u2019un ve Mersin\u2019in her yerini kar\u0131\u015f kar\u0131\u015f gezen say\u0131n muhtar\u0131m\u0131za te\u015fekk\u00fcr ediyorum. Ger\u00e7ekten g\u00f6\u00e7\u00fck k\u00f6y\u00fcnde on binleri 3 y\u0131ld\u0131r bir araya getiriyor ve G\u00f6\u00e7\u00fck k\u00f6y\u00fcn\u00fcn ismini b\u00fct\u00fcn d\u00fcnyaya festival sayesinde duyuruyor. Eme\u011fi ge\u00e7en herkese \u00e7ok te\u015fekk\u00fcr ediyorum\u201d ifadelerini kulland\u0131.<\/p>\n<p>CAN: \u201cRABB\u0130M\u0130N RIZASINI KAZANMAK \u0130\u00c7\u0130N VE S\u0130ZLER \u0130\u00c7\u0130N VAR G\u00dcC\u00dcM\u00dcZLE \u00c7ALI\u015eIYORUZ\u2019\u2019<\/p>\n<p>Tarsus Belediye Ba\u015fkan\u0131 \u015eevket Can, Mersin B\u00fcy\u00fck\u015fehir Belediyesi ile Tarsus Belediyesi\u2019nin bug\u00fcne kadar yapm\u0131\u015f oldu\u011fu ve bug\u00fcnden sonra da hayata ge\u00e7irece\u011fi hizmetlerden bahsederek \u201c\u015eehrimize hizmet ederken, ayr\u0131m yapmadan, ay\u0131rmadan, dini, dili, \u0131rk\u0131, milleti, memleketi, partisi ne olursa olsun Rabbimin r\u0131zas\u0131n\u0131 kazanmak i\u00e7in g\u00fcnd\u00fcz yorulmadan, gece uyumadan var g\u00fcc\u00fcm\u00fczle \u00e7al\u0131\u015f\u0131yoruz. \u00c7al\u0131\u015fmaya da devam edece\u011fiz. Cenab-\u0131 Allah\u2019a binlerce \u015f\u00fck\u00fcrler olsun diyorum. Cenab-\u0131 Allah \u015fahs\u0131ma do\u011fdu\u011fum, b\u00fcy\u00fcd\u00fc\u011f\u00fcm, ya\u015fad\u0131\u011f\u0131m \u015fehrime hizmet etme imkan\u0131 veriyor. Bu vesileyle binlerce \u015f\u00fck\u00fcrler olsun. Biz b\u00fct\u00fcn k\u00f6ylerimize hizmet ederken Say\u0131n Ba\u015fkan\u0131mla birlikte var g\u00fcc\u00fcm\u00fczle hizmet ediyoruz. \u00c7\u00fcnk\u00fc 1994 y\u0131l\u0131ndan bu g\u00fcne kadar sizler bizlerden duan\u0131z\u0131 ve deste\u011finizi esirgemediniz. Bizler bug\u00fcn bu koltuklarda, bu makamlardaysak \u00f6nce Rabbimin izniyle, ondan sonra da k\u00f6yl\u00fc vatanda\u015flar\u0131m\u0131z olarak sizlerin duas\u0131n\u0131 ve deste\u011fini alarak buraday\u0131z. Allah hepinizden raz\u0131 olsun\u201d diye belirtti.<\/p>\n<p>BENL\u0130: \u201cFEST\u0130VAL B\u00d6LGEN\u0130N TANITIMINA KATKI SUNUYOR\u2019\u2019<\/p>\n<p>G\u00f6\u00e7\u00fck Mahalle Muhtar\u0131 Murat Ramazan Benli ise \u015f\u00f6lenin amac\u0131n\u0131n y\u00f6renin ve y\u00f6rede yeti\u015fen \u00fcr\u00fcnlerini tan\u0131t\u0131lmas\u0131 ile insanlar aras\u0131nda k\u00fclt\u00fcrel kayna\u015fman\u0131n sa\u011flanmas\u0131 oldu\u011funu belirterek, \u201cY\u00f6remiz ve b\u00f6lgemiz tan\u0131t\u0131m\u0131na katk\u0131 sundu\u011funa inand\u0131\u011f\u0131m\u0131z \u015f\u00f6lenimizin yap\u0131lmas\u0131 i\u00e7in desteklerini ve katk\u0131lar\u0131n\u0131 esirgemeyen Mersinimizin ve Tarsusumuzun gece g\u00fcnd\u00fcz \u00e7al\u0131\u015fan ve her kesimin takdirini alan B\u00fcy\u00fck\u015fehir Belediye Ba\u015fkan\u0131m\u0131z Say\u0131n Burhanettin Kocamaz ve Tarsus Belediye Ba\u015fkan\u0131m\u0131z Say\u0131n \u015eevket Can\u2019a \u015fahs\u0131m ve G\u00f6\u00e7\u00fck halk\u0131 ad\u0131na \u015f\u00fckranlar\u0131m\u0131 sunuyorum\u201d dedi.<\/p>\n<p>KONSERLER \u00c7O\u015eKULU B\u0130R \u015eEK\u0130LDE GE\u00c7T\u0130<\/p>\n<p>G\u00f6\u00e7\u00fck Mahallesi\u2019nde d\u00fczenlenen \u0130ncir \u015e\u00f6leni\u2019nin konser b\u00f6l\u00fcm\u00fcnde O\u011fuz Y\u0131lmaz ve Sevcan Orhan konser verdi. T\u00fcrk Halk M\u00fczi\u011fi sanat\u00e7\u0131s\u0131 O\u011fuz Y\u0131lmaz birbirinden g\u00fczel t\u00fcrk\u00fclerini G\u00f6\u00e7\u00fck Mahalle sakinleri ile hep bir a\u011f\u0131zdan s\u00f6yledi. Y\u0131lmaz, \u2018Gelmezsen Gelme\u2019, \u2018Vay Ben \u00d6leydim\u2019, \u2018Fidayda\u2019, \u2018Kesik \u00c7ay\u0131r\u2019, \u2018\u00c7ekirge\u2019 ve \u2018Hayat\u0131 Tespih Yapm\u0131\u015f\u0131m\u2019 gibi t\u00fcrk\u00fcler ile sevenleriyle co\u015fkulu bir gece ge\u00e7irdi.<br \/>\nGecenin sonunda sahne alan T\u00fcrk Halk M\u00fczi\u011fi\u2019nin g\u00fc\u00e7l\u00fc seslerinden Sevcan Orhan ise, \u2018Arab\u0131m Fellahi\u2019, \u2018Bah\u00e7ada Ye\u015fil \u00c7\u0131nar\u2019, \u2018\u00c7i\u00e7ekten Harman Olmaz\u2019, \u2018Mihriban\u2019, \u2018Candan \u0130leri\u2019, \u2018Aynal\u0131 K\u00f6r\u00fck\u2019 ve \u2018Seni Seven Sevmesini Bilmemi\u015f\u2019 gibi halk m\u00fczi\u011finin birbirinden g\u00fczel t\u00fcrk\u00fclerini okudu. Alan\u0131n\u0131 dolduran binlerce ki\u015fi i\u00e7in t\u00fcrk\u00fclerini seslendiren \u00fcn\u00fc sanat\u00e7\u0131 Sevcan Orhan, performans\u0131yla vatanda\u015flar\u0131 co\u015fturdu.<br \/>\nAyr\u0131ca \u015f\u00f6lende En iyi \u0130ncir Yeti\u015ftiricilerine \u00f6d\u00fclleri takdim edildi. \u00a0Birinci olan Salih Bolat, ikinci olan Veli Bozga\u00e7 ve \u00fc\u00e7\u00fcnc\u00fc olan \u00a0Yusuf Kenan Ayd\u0131n isimli \u00fcreticilere \u00a0plaketleri protokol \u00fcyeleri taraf\u0131ndan verildi.<\/p>\n<p>SEV\u0130M ESRA G\u00dcNG\u00d6R<\/p>\n","protected":false},"excerpt":{"rendered":"<p>Mersin B\u00fcy\u00fck\u015fehir Belediyesi, Tarsus Belediyesi ve G\u00f6\u00e7\u00fck Mahalle Muhtarl\u0131\u011f\u0131&#8217;n\u0131n i\u015fbirli\u011fiyle d\u00fczenlenen \u2018G\u00f6\u00e7\u00fck Mahallesi 3. \u0130ncir \u015e\u00f6leni\u2019 co\u015fkuyla kutland\u0131.<\/p>\n","protected":false},"author":2,"featured_media":0,"comment_status":"open","ping_status":"open","sticky":false,"template":"","format":"standard","meta":{"footnotes":""},"categories":[],"tags":[],"class_list":["post-2500","post","type-post","status-publish","format-standard","hentry"],"views":28,"_links":{"self":[{"href":"https:\/\/mersingazetesi.com\/index.php\/wp-json\/wp\/v2\/posts\/2500","targetHints":{"allow":["GET"]}}],"collection":[{"href":"https:\/\/mersingazetesi.com\/index.php\/wp-json\/wp\/v2\/posts"}],"about":[{"href":"https:\/\/mersingazetesi.com\/index.php\/wp-json\/wp\/v2\/types\/post"}],"author":[{"embeddable":true,"href":"https:\/\/mersingazetesi.com\/index.php\/wp-json\/wp\/v2\/users\/2"}],"replies":[{"embeddable":true,"href":"https:\/\/mersingazetesi.com\/index.php\/wp-json\/wp\/v2\/comments?post=2500"}],"version-history":[{"count":0,"href":"https:\/\/mersingazetesi.com\/index.php\/wp-json\/wp\/v2\/posts\/2500\/revisions"}],"wp:attachment":[{"href":"https:\/\/mersingazetesi.com\/index.php\/wp-json\/wp\/v2\/media?parent=2500"}],"wp:term":[{"taxonomy":"category","embeddable":true,"href":"https:\/\/mersingazetesi.com\/index.php\/wp-json\/wp\/v2\/categories?post=2500"},{"taxonomy":"post_tag","embeddable":true,"href":"https:\/\/mersingazetesi.com\/index.php\/wp-json\/wp\/v2\/tags?post=2500"}],"curies":[{"name":"wp","href":"https:\/\/api.w.org\/{rel}","templated":true}]}}