{"id":2421,"date":"2021-11-23T11:50:25","date_gmt":"2021-11-23T08:50:25","guid":{"rendered":"http:\/\/mersin.mesiad.org\/index.php\/2021\/11\/23\/surdurulebilir-kalkinma-hedefleri-kacinilmaz\/"},"modified":"2021-11-23T11:50:25","modified_gmt":"2021-11-23T08:50:25","slug":"surdurulebilir-kalkinma-hedefleri-kacinilmaz","status":"publish","type":"post","link":"https:\/\/mersingazetesi.com\/index.php\/2021\/11\/23\/surdurulebilir-kalkinma-hedefleri-kacinilmaz\/","title":{"rendered":"S\u00fcrd\u00fcr\u00fclebilir Kalk\u0131nma Hedefleri ka\u00e7\u0131n\u0131lmaz"},"content":{"rendered":"<p>Mezitli Belediyesi taraf\u0131ndan ge\u00e7ti\u011fimiz y\u0131l restore edilerek k\u00fclt\u00fcrel ya\u015fama kazand\u0131r\u0131lan tarihi Ta\u015fmektep\u2019te d\u00fczenlenen \u00e7al\u0131\u015ftaya, Mezitli Belediye Ba\u015fkan\u0131 Ne\u015fet Tarhan, Birle\u015fmi\u015f Kentler ve Yerel Y\u00f6netimler Orta Do\u011fu ve Bat\u0131 Asya B\u00f6lge Te\u015fkilat\u0131 (UCLG-MEWA) Genel Sekreteri Mehmet Duman ile projenin orta\u011f\u0131 ve finans\u00f6r\u00fc olan D\u00fcnya Yerel Y\u00f6netim ve Demokrasi Akademisi Vakf\u0131\u2019n\u0131n (WALD) Akademi Direkt\u00f6r\u00fc H\u00fclya Alper\u2019in yan\u0131 s\u0131ra belediye meclis \u00fcyeleri, mahalle muhtarlar\u0131, \u00e7e\u015fitli sivil toplum kurulu\u015fu temsilcisi ve belediye \u00e7al\u0131\u015fanlar\u0131 kat\u0131ld\u0131.<br \/>\n2030 S\u00fcrd\u00fcr\u00fclebilir Kalk\u0131nma Hedefleri do\u011frultusunda T\u00fcrkiye Haritaland\u0131rmas\u0131 Pilot Projesi konulu \u00e7al\u0131\u015ftay\u0131n a\u00e7\u0131l\u0131\u015f t\u00f6reninde s\u00f6z alan Mezitli Belediye Ba\u015fkan\u0131 Ne\u015fet Tarhan, \u201cSizleri 20. Y\u00fczy\u0131l ba\u015flar\u0131nda in\u015fa edilmi\u015f yakla\u015f\u0131k 20 y\u0131ldan uzun s\u00fcredir at\u0131l duran ve bu y\u0131l belediyemiz taraf\u0131ndan restore edilerek kullan\u0131ma a\u00e7\u0131lan Ta\u015f Mektep\u2019te a\u011f\u0131rlamaktan \u00e7ok memnunuz\u201d dedi.<br \/>\n\u00a0<br \/>\nS\u00dcRD\u00dcR\u00dcLEB\u0130L\u0130R KALKINMA HEDEFLER\u0130, K\u00dcRESEL B\u0130R TAAHH\u00dcD\u00dcN ADIDIR<\/p>\n<p>Mezitli Belediyesi\u2019nin UCLG ve UCLG-MEWA\u2019ya 2016 y\u0131l\u0131nda \u00fcye oldu\u011funu hat\u0131rlatan Ba\u015fkan Tarhan, \u00e7al\u0131\u015ftayla ilgili \u201cD\u00fcnya liderleri Eyl\u00fcl 2015\u2019te kabul edilen S\u00fcrd\u00fcr\u00fclebilir Kalk\u0131nma Hedefleri ile 2030\u2019a kadar izlenecek yeni kalk\u0131nma g\u00fcndemini belirlemi\u015flerdir. S\u00fcrd\u00fcr\u00fclebilir Kalk\u0131nma Hedefleri, geli\u015fmi\u015flik d\u00fczeyine bak\u0131lmaks\u0131z\u0131n Birle\u015fmi\u015f Milletler \u00fcyesi t\u00fcm \u00fclkeler nezdindeki ba\u011flay\u0131c\u0131l\u0131\u011f\u0131 ve somut g\u00f6stergelere dayanmas\u0131 ba\u011flam\u0131nda \u00f6nemli bir d\u00f6n\u00fc\u015f\u00fcme i\u015faret etmektedir. A\u015f\u0131r\u0131 yoksullu\u011fu sona erdirmek, e\u015fitsizlik ve adaletsizlik ile m\u00fccadele etmek ve iklim de\u011fi\u015fikli\u011fini d\u00fczeltmek gibi \u00fc\u00e7 ana tema \u00fczerinde \u015fekillenen S\u00fcrd\u00fcr\u00fclebilir Kalk\u0131nma Hedefleri, k\u00fcresel bir taahh\u00fcd\u00fcn ad\u0131d\u0131r. \u0130nsan onuruna yak\u0131\u015f\u0131r ya\u015fam ko\u015fullar\u0131; bug\u00fcnk\u00fc kalk\u0131nmay\u0131 gelecek nesillerin kalk\u0131nma haklar\u0131n\u0131 ipotek alt\u0131na almayacak bi\u00e7imde \u015fekillendirmek ve gezegeni d\u00fc\u015f\u00fcnmek; insan odakl\u0131 kalk\u0131nma s\u00fcre\u00e7lerini m\u00fcmk\u00fcn k\u0131lmak; hakkaniyet ve adaletin herkes i\u00e7in eri\u015filebilir olmas\u0131n\u0131 sa\u011flamak ve kalk\u0131nma s\u00fcre\u00e7leri sonunda edinilen zenginli\u011fin yayg\u0131n payla\u015f\u0131m\u0131n\u0131 sa\u011flayacak ekonomik sistemleri geli\u015ftirmek S\u00fcrd\u00fcr\u00fclebilir Kalk\u0131nma Hedefleri\u2019nin ana eksenleri olarak tan\u0131mlanm\u0131\u015ft\u0131r. S\u00fcrd\u00fcr\u00fclebilir Kalk\u0131nma Hedefleri ka\u00e7\u0131n\u0131lmaz olarak her d\u00fczeydeki kamu kurulu\u015funun ve yerel y\u00f6netimlerin, hizmetin planlanmas\u0131nda, sunumunda ve etkisinin izlenmesinde yeni bir yakla\u015f\u0131m ve y\u00f6ntem benimsemelerini zorunlu k\u0131lmaktad\u0131r\u201d \u015feklinde bilgilere yer verdi.<br \/>\n\u00a0<br \/>\nMUTLU MEZ\u0130TL\u0130 HEDEF\u0130M\u0130ZE KATKI SUNACAKTIR<\/p>\n<p>Bu \u00e7al\u0131\u015fma ile ama\u00e7lar\u0131n\u0131n ger\u00e7ekle\u015ftirdi\u011fimiz \u00e7al\u0131\u015fmalar\u0131 D\u00fcnya \u00f6l\u00e7e\u011finde tan\u0131mlamak ve di\u011fer belediyelerle payla\u015farak \u00e7o\u011falmas\u0131na katk\u0131da bulunarak kendi kapasitemizi de geli\u015ftirmek oldu\u011funun alt\u0131n\u0131 \u00e7izen Ba\u015fkan Tarhan, \u201cBu kapsamda UCLG-MEWA ve WALD ile birlikte \u2018S\u00fcrd\u00fcr\u00fclebilir Kalk\u0131nma Hedefleri T\u00fcrkiye Haritaland\u0131rma Pilot Projesi\u2019nde Mezitli Belediyesi olarak siz payda\u015flar\u0131m\u0131z ve personellerimizle birlikte iki g\u00fcnl\u00fck \u00e7al\u0131\u015ftay ile kat\u0131l\u0131m g\u00f6stermek istedik. Sizlerin bu \u00e7al\u0131\u015ftayda iki g\u00fcn boyunca \u00f6zellikle 2014 y\u0131l\u0131ndan bug\u00fcne yakla\u015f\u0131k son be\u015f y\u0131ll\u0131k d\u00f6nemde \u2018Mutlu Mezitli\u2019 slogan\u0131m\u0131z ve \u00e7al\u0131\u015fma ilkemiz ile ger\u00e7ekle\u015ftirdi\u011fimiz etkinlikler ve faaliyetleri uzmanlar\u0131m\u0131zla payla\u015fman\u0131z \u00e7ok de\u011ferli olacakt\u0131r\u201d diye konu\u015ftu.<br \/>\n\u00a0<br \/>\n\u00c7ALI\u015eTAYIN ULUSLARARSI ALANDA SES GET\u0130RMES\u0130N\u0130 D\u0130L\u0130YORUM<\/p>\n<p>UCLG-MEWA Genel Sekreteri Mehmet Duman ise yapt\u0131\u011f\u0131 konu\u015fmada, halka en yak\u0131n kurumlar olan belediyelerin S\u00fcrd\u00fcr\u00fclebilir Kalk\u0131nma Hedefleri program\u0131na dahil ettiklerini ifade etti\u011fi konu\u015fmas\u0131nda \u201cBelediyelerimiz insan onuruna uygun daha g\u00fc\u00e7l\u00fc hedefler konusunda katk\u0131 sa\u011flayacakt\u0131r. Bug\u00fcn Mezitli Belediyesi ile birlikte S\u00fcrd\u00fcr\u00fclebilir Yerel kalk\u0131nma konusunda ilk ad\u0131m\u0131 atm\u0131\u015f bulunuyoruz. T\u00fcrkiye\u2019nin farkl\u0131 b\u00f6lgelerinde \u00e7al\u0131\u015fmalar\u0131m\u0131z\u0131 ger\u00e7ekle\u015ftirecek di\u011fer \u00fclkelere de yayg\u0131nla\u015fmas\u0131n\u0131 sa\u011flayaca\u011f\u0131z. \u00c7al\u0131\u015ftay\u0131m\u0131z\u0131n yerelde oldu\u011fu kadar ulusal ve uluslararas\u0131 d\u00fczeyde \u00f6nemli sonu\u00e7lar do\u011furmas\u0131n\u0131 diliyorum\u201d dedi.<br \/>\nA\u00e7\u0131l\u0131\u015f t\u00f6reni sonras\u0131 UCLG-MEWA Genel Koordinat\u00f6r\u00fc Salim Korkmaz taraf\u0131ndan bilgilendirme yap\u0131ld\u0131.<br \/>\n\u00c7al\u015ftay nedeniyle kentimizde bulunan (UCLG-MEWA) Genel Sekreteri Mehmet Duman ve WALD Akademi Direkt\u00f6r\u00fc H\u00fclya Alper, Mezitli Belediye Ba\u015fkan\u0131 Ne\u015fet Tarhan\u2019\u0131 makam\u0131nda ziyaret ederek verdi\u011fi katk\u0131lar nedeniyle te\u015fekk\u00fcrlerini iletti. S\u00fcrd\u00fcr\u00fclebilir Kalk\u0131nma Hedefleri konusunda belediyelerin rol\u00fc hakk\u0131nda fikir al\u0131\u015fveri\u015finde bulunulan ziyarette Ba\u015fkan Tarhan konuklara, Soli Pompeiopolis S\u00fctunlar\u0131n\u0131n resmedildi\u011fi cam blok hediye etti.<br \/>\n\u00a0<\/p>\n<p>B\u00fcltendir<\/p>\n","protected":false},"excerpt":{"rendered":"<p>\u2018Birle\u015fmi\u015f Milletler S\u00fcrd\u00fcr\u00fclebilir Kalk\u0131nma Hedeflerinin T\u00fcrkiye Haritaland\u0131r\u0131lmas\u0131 Projesi\u2019 kapsam\u0131nda \u00e7al\u0131\u015ftay Mersin\u2019de ilk olarak Mezitli Belediyesi taraf\u0131ndan d\u00fczenlendi.<\/p>\n","protected":false},"author":2,"featured_media":0,"comment_status":"open","ping_status":"open","sticky":false,"template":"","format":"standard","meta":{"footnotes":""},"categories":[],"tags":[],"class_list":["post-2421","post","type-post","status-publish","format-standard","hentry"],"views":21,"_links":{"self":[{"href":"https:\/\/mersingazetesi.com\/index.php\/wp-json\/wp\/v2\/posts\/2421","targetHints":{"allow":["GET"]}}],"collection":[{"href":"https:\/\/mersingazetesi.com\/index.php\/wp-json\/wp\/v2\/posts"}],"about":[{"href":"https:\/\/mersingazetesi.com\/index.php\/wp-json\/wp\/v2\/types\/post"}],"author":[{"embeddable":true,"href":"https:\/\/mersingazetesi.com\/index.php\/wp-json\/wp\/v2\/users\/2"}],"replies":[{"embeddable":true,"href":"https:\/\/mersingazetesi.com\/index.php\/wp-json\/wp\/v2\/comments?post=2421"}],"version-history":[{"count":0,"href":"https:\/\/mersingazetesi.com\/index.php\/wp-json\/wp\/v2\/posts\/2421\/revisions"}],"wp:attachment":[{"href":"https:\/\/mersingazetesi.com\/index.php\/wp-json\/wp\/v2\/media?parent=2421"}],"wp:term":[{"taxonomy":"category","embeddable":true,"href":"https:\/\/mersingazetesi.com\/index.php\/wp-json\/wp\/v2\/categories?post=2421"},{"taxonomy":"post_tag","embeddable":true,"href":"https:\/\/mersingazetesi.com\/index.php\/wp-json\/wp\/v2\/tags?post=2421"}],"curies":[{"name":"wp","href":"https:\/\/api.w.org\/{rel}","templated":true}]}}