{"id":2411,"date":"2021-11-23T11:50:24","date_gmt":"2021-11-23T08:50:24","guid":{"rendered":"http:\/\/mersin.mesiad.org\/index.php\/2021\/11\/23\/gelecegin-iletisimcileri-odulu-mersinden\/"},"modified":"2021-11-23T11:50:24","modified_gmt":"2021-11-23T08:50:24","slug":"gelecegin-iletisimcileri-odulu-mersinden","status":"publish","type":"post","link":"https:\/\/mersingazetesi.com\/index.php\/2021\/11\/23\/gelecegin-iletisimcileri-odulu-mersinden\/","title":{"rendered":"GELECE\u011e\u0130N \u0130LET\u0130\u015e\u0130MC\u0130LER\u0130 \u00d6D\u00dcL\u00dc MERS\u0130N&#8217;DEN"},"content":{"rendered":"<p>T\u00fcrkiye Radyo-Televizyon Kurumu (TRT) taraf\u0131ndan bu y\u0131l 4\u2019\u00fcnc\u00fcs\u00fc d\u00fczenlenen \u201cTRT Gelece\u011fin \u0130leti\u015fimcileri Yar\u0131\u015fmas\u0131\u201dnda \u0130leti\u015fim Fak\u00fcltesi Radyo, Televizyon ve Sinema B\u00f6l\u00fcm\u00fc \u00f6\u011frencileri Yap\u0131m-Y\u00f6netim dersi kapsam\u0131nda haz\u0131rlad\u0131klar\u0131 \u00e7al\u0131\u015fmalar ile Televizyon Yay\u0131nc\u0131l\u0131\u011f\u0131 dal\u0131nda iki birincilik \u00f6d\u00fcl\u00fc almaya lay\u0131k g\u00f6r\u00fcld\u00fc.<\/p>\n<p>26 Temmuz Per\u015fembe g\u00fcn\u00fc TRT Tepeba\u015f\u0131 St\u00fcdyosu\u2019nda ger\u00e7ekle\u015fen \u00f6d\u00fcl t\u00f6reni; Gen\u00e7lik ve Spor Bakan\u0131 Mehmet Muharrem Kasapo\u011flu, TRT Genel M\u00fcd\u00fcr\u00fc \u0130brahim Eren ve \u00e7ok say\u0131da davetlinin kat\u0131l\u0131m\u0131yla ger\u00e7ekle\u015ftirildi.<br \/>\nT\u00fcrkiye&#8217;nin yan\u0131 s\u0131ra yar\u0131\u015fmaya Orta Asya, Balkanlar ve KKTC&#8217;de ileti\u015fim e\u011fitimi alan 351 \u00f6\u011frenci kat\u0131ld\u0131.<br \/>\n\u00a0Mersin \u00dcniversitesi \u0130leti\u015fim Fak\u00fcltesi Radyo, Televizyon ve Sinema B\u00f6l\u00fcm\u00fc 4. s\u0131n\u0131f \u00f6\u011frencilerinden; Muhammed Enes Erta\u015f, Ayg\u00fcl Y\u0131ld\u0131z, Melih Bilgin ve Aykut Karata\u015f Belgesel Film kategorisinde \u00a0\u201cDuvardaki Sanat\u201d isimli ortak eserleri ile birincilik \u00f6d\u00fcl\u00fcn\u00fcn sahibi oldu. \u00a0\u00d6\u011frencilerimize \u00f6d\u00fclleri TRT Genel M\u00fcd\u00fcr\u00fc \u0130brahim Eren taraf\u0131ndan takdim edildi.<br \/>\nMuhammed Enes Erta\u015f, Aykut Karata\u015f ve Melih Bilgin Televizyon Haber Program\u0131 kategorisinde de ekmek israf\u0131n\u0131 ele ald\u0131klar\u0131 \u201cBir Lokma Ekmek\u201d adl\u0131 projeleriyle birincilik \u00f6d\u00fcl\u00fcne lay\u0131k g\u00f6r\u00fcld\u00fc. \u00a0\u00d6\u011frencilerimize \u00f6d\u00fclleri Radyo, Televizyon Yay\u0131nc\u0131lar\u0131 Meslek Birli\u011fi Ba\u015fkan\u0131 Yusuf G\u00fcrsoy taraf\u0131ndan verildi.<\/p>\n<p>NURDANE KARAKU\u015e<\/p>\n","protected":false},"excerpt":{"rendered":"<p>Gelece\u011fin ileti\u015fimcileri yar\u0131\u015fmas\u0131yla 4 y\u0131ld\u0131r d\u00fczenlen ve \u00e7e\u015fitli \u00e7al\u0131\u015fmalarla radyo, televizyon ve sinema dal\u0131nda boy g\u00f6steren TRT&#8217;nin \u00e7al\u0131\u015fmalar\u0131 bu y\u0131l da sahiplerine kavu\u015ftu. Bu kez adres Mersin \u00dcniversitesi \u00f6\u011frencileri.<\/p>\n","protected":false},"author":2,"featured_media":0,"comment_status":"open","ping_status":"open","sticky":false,"template":"","format":"standard","meta":{"footnotes":""},"categories":[],"tags":[],"class_list":["post-2411","post","type-post","status-publish","format-standard","hentry"],"views":23,"_links":{"self":[{"href":"https:\/\/mersingazetesi.com\/index.php\/wp-json\/wp\/v2\/posts\/2411","targetHints":{"allow":["GET"]}}],"collection":[{"href":"https:\/\/mersingazetesi.com\/index.php\/wp-json\/wp\/v2\/posts"}],"about":[{"href":"https:\/\/mersingazetesi.com\/index.php\/wp-json\/wp\/v2\/types\/post"}],"author":[{"embeddable":true,"href":"https:\/\/mersingazetesi.com\/index.php\/wp-json\/wp\/v2\/users\/2"}],"replies":[{"embeddable":true,"href":"https:\/\/mersingazetesi.com\/index.php\/wp-json\/wp\/v2\/comments?post=2411"}],"version-history":[{"count":0,"href":"https:\/\/mersingazetesi.com\/index.php\/wp-json\/wp\/v2\/posts\/2411\/revisions"}],"wp:attachment":[{"href":"https:\/\/mersingazetesi.com\/index.php\/wp-json\/wp\/v2\/media?parent=2411"}],"wp:term":[{"taxonomy":"category","embeddable":true,"href":"https:\/\/mersingazetesi.com\/index.php\/wp-json\/wp\/v2\/categories?post=2411"},{"taxonomy":"post_tag","embeddable":true,"href":"https:\/\/mersingazetesi.com\/index.php\/wp-json\/wp\/v2\/tags?post=2411"}],"curies":[{"name":"wp","href":"https:\/\/api.w.org\/{rel}","templated":true}]}}