{"id":2405,"date":"2021-11-23T11:50:24","date_gmt":"2021-11-23T08:50:24","guid":{"rendered":"http:\/\/mersin.mesiad.org\/index.php\/2021\/11\/23\/es-deger-ilaclar-cebinize-dosttur\/"},"modified":"2021-11-23T11:50:24","modified_gmt":"2021-11-23T08:50:24","slug":"es-deger-ilaclar-cebinize-dosttur","status":"publish","type":"post","link":"https:\/\/mersingazetesi.com\/index.php\/2021\/11\/23\/es-deger-ilaclar-cebinize-dosttur\/","title":{"rendered":"\u201cE\u015f de\u011fer ila\u00e7lar cebinize dosttur\u201d"},"content":{"rendered":"<p>Son y\u0131llarda giderek artan muadil (e\u015f de\u011fer) ila\u00e7 tart\u0131\u015fmalar\u0131 yayg\u0131n bir sorun haline geldi.\u00a0<br \/>\nMersin&#8217;in Tarsus il\u00e7esinde ge\u00e7en haftalarda meydana gelen kavga sonras\u0131nda \u00fclke genelinde daha fazla merak uyand\u0131ran e\u015f de\u011fer ila\u00e7lar, bir\u00e7ok vatanda\u015f i\u00e7in halen soru i\u015faretleri bar\u0131nd\u0131r\u0131yor. 9. B\u00f6lge Eski\u015fehir Eczac\u0131 Odas\u0131 Ba\u015fkan\u0131 Y\u00fcksel Yenilmez yapt\u0131\u011f\u0131 a\u00e7\u0131klamada muadil ila\u00e7lar\u0131n orijinal ila\u00e7tan hi\u00e7bir fark\u0131n\u0131n olmad\u0131\u011f\u0131n\u0131, eczac\u0131n\u0131n vatanda\u015f\u0131n b\u00fct\u00e7esine daha uygun muadilleri \u00f6nerdiklerini belirtti.\u00a0<\/p>\n<p>\u201cE\u015f de\u011fer ila\u00e7lar cebinize dosttur\u201d<br \/>\n\u00a0<br \/>\nMuadil yani di\u011fer bir ad\u0131yla e\u015f de\u011fer ila\u00e7lar\u0131n vatanda\u015flar\u0131n cebine k\u00e2r ettiren bir uygulama oldu\u011funu, e\u015f de\u011fer ila\u00e7 al\u0131nd\u0131\u011f\u0131nda \u00fccret \u00f6denmedi\u011fini ya da \u00e7ok d\u00fc\u015f\u00fck bir miktar \u00f6dendi\u011fini s\u00f6yleyen Yenilmez, \u201cBiz sa\u011fl\u0131k meslek mensubuyuz. Bizim \u00f6nceli\u011fimiz hastan\u0131n sa\u011fl\u0131\u011f\u0131n\u0131n d\u00fczene girmesi ve kavu\u015fmas\u0131. Onun i\u00e7in biz hem hastam\u0131z\u0131n sa\u011fl\u0131\u011f\u0131n\u0131 hem de cebini d\u00fc\u015f\u00fcnd\u00fc\u011f\u00fcm\u00fcz i\u00e7in e\u015f de\u011fer ila\u00e7 veriyoruz. E\u015f de\u011fer ila\u00e7lar hem \u00fclkenin yerlile\u015fme politikas\u0131na hem de Sa\u011fl\u0131k Bakanl\u0131\u011f\u0131\u2019n\u0131n ila\u00e7 kullanma politikas\u0131na destek olan bir \u015fey. Bu konu bundan sonra da g\u00fcndemde olacakt\u0131r, artarak da kullan\u0131lmaya devam edecektir\u201d \u015feklinde konu\u015ftu.\u00a0<\/p>\n<p>&#8220;Hekim e\u015f de\u011fer ilaca kar\u015f\u0131 \u00e7\u0131kmaz&#8221;\u00a0<\/p>\n<p>Sa\u011fl\u0131k Bakanl\u0131\u011f\u0131\u2019n\u0131n genelgesinde &#8216;E\u015fde\u011fer ilaca ayk\u0131r\u0131 davran\u0131\u015fta bulunan hekim ya bilgisizlikten ya da art niyetten bunu yap\u0131yordur&#8217; diye bir c\u00fcmle oldu\u011funu, normal bir hekimin kesinlikle e\u015f de\u011fer ilac\u0131n kullan\u0131lmas\u0131na kar\u015f\u0131 \u00e7\u0131kmayaca\u011f\u0131n\u0131 s\u00f6yleyen Eski\u015fehir Eczac\u0131 Odas\u0131 Ba\u015fkan\u0131 Y\u00fcksel Yenilmez, \u201cEczac\u0131n\u0131n g\u00f6rev tan\u0131m\u0131 i\u00e7erisinde yapaca\u011f\u0131 bir uygulama bu. Hi\u00e7bir vatanda\u015f\u0131n, eczac\u0131n\u0131n da bir sa\u011fl\u0131k meslek mensubu oldu\u011funu unutmamas\u0131 gerekir\u201d \u015feklindeki a\u00e7\u0131klamalar\u0131yla vatanda\u015f\u0131n kafalar\u0131ndaki soru i\u015faretlerini gidermeleri gerekti\u011fini ve eczac\u0131lara g\u00fcvenmeleri gerekti\u011fini belirtti.\u00a0<\/p>\n<p>\u201cE\u015f de\u011fer ila\u00e7lar bilgisizlik y\u00fcz\u00fcnden yanl\u0131\u015f anla\u015f\u0131l\u0131yor\u201d<\/p>\n<p>E\u015fde\u011fer ila\u00e7lar\u0131n halk\u0131n bilin\u00e7sizli\u011finden dolay\u0131 yanl\u0131\u015f anla\u015f\u0131ld\u0131\u011f\u0131n\u0131 belirten Yenilmez, \u201cT\u00fcrkiye\u2019de hasta okur-yazarl\u0131\u011f\u0131 \u00e7ok d\u00fc\u015f\u00fck. Halk bilmedi\u011fi i\u00e7in e\u015f de\u011fer ila\u00e7lar\u0131 yanl\u0131\u015f anl\u0131yor bu y\u00fczden de ne yaz\u0131k ki bu t\u00fcr sorunlar ya\u015fan\u0131yor. Eczac\u0131lar hastalara bunu anlatabilirler ama eczanelerinde \u00e7ok fazla i\u015f y\u00fck\u00fcne, b\u00fcrokrasiye bo\u011fulmu\u015f durumdalar. Hastaya ay\u0131racak vakitleri k\u0131s\u0131tl\u0131 olabiliyor. Eczac\u0131lar e\u015f de\u011fer ila\u00e7lar\u0131 hastaya anlatt\u0131\u011f\u0131nda hasta da g\u00f6n\u00fcl rahatl\u0131\u011f\u0131yla kullanabilir duruma gelecektir. E\u015fde\u011fer ilac\u0131n do\u011fru olmad\u0131\u011f\u0131yla ilgili s\u00f6ylemler duyuyoruz maalesef. D\u0131\u015f etkenler ne yaz\u0131k ki vatanda\u015flar\u0131 etkiliyor\u201d dedi.\u00a0<\/p>\n<p>\u0130HA<\/p>\n","protected":false},"excerpt":{"rendered":"<p>Son y\u0131llarda giderek artan muadil (e\u015f de\u011fer) ila\u00e7 tart\u0131\u015fmalar\u0131 yayg\u0131n bir sorun haline geldi.\u00a0 Mersin&#8217;in Tarsus il\u00e7esinde ge\u00e7en haftalarda meydana gelen kavga sonras\u0131nda \u00fclke genelinde daha fazla merak uyand\u0131ran e\u015f de\u011fer ila\u00e7lar, bir\u00e7ok vatanda\u015f i\u00e7in halen soru i\u015faretleri bar\u0131nd\u0131r\u0131yor. 9. B\u00f6lge Eski\u015fehir Eczac\u0131 Odas\u0131 Ba\u015fkan\u0131 Y\u00fcksel Yenilmez yapt\u0131\u011f\u0131 a\u00e7\u0131klamada muadil ila\u00e7lar\u0131n orijinal ila\u00e7tan hi\u00e7bir fark\u0131n\u0131n [&hellip;]<\/p>\n","protected":false},"author":2,"featured_media":0,"comment_status":"open","ping_status":"open","sticky":false,"template":"","format":"standard","meta":{"footnotes":""},"categories":[],"tags":[],"class_list":["post-2405","post","type-post","status-publish","format-standard","hentry"],"views":21,"_links":{"self":[{"href":"https:\/\/mersingazetesi.com\/index.php\/wp-json\/wp\/v2\/posts\/2405","targetHints":{"allow":["GET"]}}],"collection":[{"href":"https:\/\/mersingazetesi.com\/index.php\/wp-json\/wp\/v2\/posts"}],"about":[{"href":"https:\/\/mersingazetesi.com\/index.php\/wp-json\/wp\/v2\/types\/post"}],"author":[{"embeddable":true,"href":"https:\/\/mersingazetesi.com\/index.php\/wp-json\/wp\/v2\/users\/2"}],"replies":[{"embeddable":true,"href":"https:\/\/mersingazetesi.com\/index.php\/wp-json\/wp\/v2\/comments?post=2405"}],"version-history":[{"count":0,"href":"https:\/\/mersingazetesi.com\/index.php\/wp-json\/wp\/v2\/posts\/2405\/revisions"}],"wp:attachment":[{"href":"https:\/\/mersingazetesi.com\/index.php\/wp-json\/wp\/v2\/media?parent=2405"}],"wp:term":[{"taxonomy":"category","embeddable":true,"href":"https:\/\/mersingazetesi.com\/index.php\/wp-json\/wp\/v2\/categories?post=2405"},{"taxonomy":"post_tag","embeddable":true,"href":"https:\/\/mersingazetesi.com\/index.php\/wp-json\/wp\/v2\/tags?post=2405"}],"curies":[{"name":"wp","href":"https:\/\/api.w.org\/{rel}","templated":true}]}}