{"id":2385,"date":"2021-11-23T11:50:23","date_gmt":"2021-11-23T08:50:23","guid":{"rendered":"http:\/\/mersin.mesiad.org\/index.php\/2021\/11\/23\/mersin-sahillerinde\/"},"modified":"2021-11-23T11:50:23","modified_gmt":"2021-11-23T08:50:23","slug":"mersin-sahillerinde","status":"publish","type":"post","link":"https:\/\/mersingazetesi.com\/index.php\/2021\/11\/23\/mersin-sahillerinde\/","title":{"rendered":"Mersin sahillerinde"},"content":{"rendered":"<p>Mersin B\u00fcy\u00fck\u015fehir Belediyesi taraf\u0131ndan, hem kent sahilinin tan\u0131t\u0131lmas\u0131 hem de k\u0131y\u0131da vakit ge\u00e7irenlerin daha ferah ula\u015f\u0131m imkan\u0131 bulmas\u0131 i\u00e7in \u00fcst\u00fc a\u00e7\u0131k otob\u00fcs uygulamas\u0131 ba\u015flat\u0131ld\u0131. &#8216;Hayat Mersin&#8217;de g\u00fczel&#8217; ve &#8216;Denizin, g\u00fcne\u015fin ve medeniyetin kenti Mersin&#8217; sloganlar\u0131n\u0131n yer ald\u0131\u011f\u0131 belediye otob\u00fcs\u00fc, her g\u00fcn saat 07.00 ile 12.00 ve 16.00 ile 24.00 saatleri aras\u0131nda hizmet verecek. \u00dccretleri di\u011fer otob\u00fcs \u00fccretleriyle ayn\u0131 olan \u00fcst\u00fc a\u00e7\u0131k otob\u00fcs, merkez Akdeniz il\u00e7esindeki tren gar\u0131ndan kalkarak, sahil band\u0131ndan merkez Mezitli il\u00e7esindeki Babil kav\u015fa\u011f\u0131na ula\u015ft\u0131ktan sonra yeniden hareket noktas\u0131na d\u00f6necek. Otob\u00fcs, toplamda 11 kilometre yol kat edecek.\u00a0<\/p>\n<p>&#8220;Mersin&#8217;de ilk defa \u00fcst\u00fc a\u00e7\u0131k sahil turu&#8221;<br \/>\n\u00a0<br \/>\nUygulama hakk\u0131nda bilgi veren otob\u00fcs \u015fof\u00f6r\u00fc Ahmet \u00d6\u011f\u00fct, &#8220;Sahil turumuz Mersin&#8217;de ilk defa \u00fcst\u00fc a\u00e7\u0131k ara\u00e7larla yap\u0131lmaya ba\u015flad\u0131. 7-12 ve 16-24 saatleri aras\u0131nda \u00e7al\u0131\u015facak. \u0130stasyondan ba\u015flayacak, Hilton ve sahil band\u0131 \u00fczerinden Babil Kav\u015fa\u011f\u0131na kadar s\u00fcrecek sonra tekrar ba\u015flang\u0131\u00e7 noktas\u0131na geri d\u00f6necek. 2 arac\u0131m\u0131z bu hizmeti verecek her saat ba\u015f\u0131 bu arac\u0131m\u0131z kalkacak. Sahil boyunca hizmetimiz devam edecektir. Vatanda\u015flar\u0131m\u0131z her g\u00fcn normal \u00fccretlerini vererek ara\u00e7lar\u0131m\u0131zdan yararlanabilir&#8221; dedi.\u00a0<\/p>\n<p>&#8220;S\u0131rf keyif i\u00e7in binilebilecek bir otob\u00fcs&#8221;<br \/>\n\u00a0<br \/>\nUygulamadan memnun oldu\u011funu ve uygulaman\u0131n her yerde olmas\u0131n\u0131 istedi\u011fini belirten yolculardan Erkin \u015eahin, &#8220;Bir Mersinli olarak b\u00f6yle bir hizmetten bende yararlanmak istiyordum. Eskiden faytonlar vard\u0131 \u015fimdi yerini b\u00f6yle g\u00fczellikler ald\u0131. Klasik g\u00fczel de\u011ferler bunlar sahilimizi de\u011ferlendirmek i\u00e7in ve hepimiz i\u00e7in g\u00fczel bir \u015fey oldu\u011funu d\u00fc\u015f\u00fcn\u00fcyorum. Otob\u00fcslerin yo\u011funlu\u011fundan kurtulmak i\u00e7in ak\u015fam i\u015f \u00e7\u0131k\u0131\u015flar\u0131nda s\u0131rf keyfi bir turlay\u0131p strese iyi gelebilece\u011fini d\u00fc\u015f\u00fcnd\u00fc\u011f\u00fcm bir uygulama her yerde olmas\u0131n\u0131 istiyorum&#8221; ifadelerini kulland\u0131.\u00a0<\/p>\n<p>&#8220;Yolcular memnun&#8221;<br \/>\n\u00a0<br \/>\nHasan Basri \u0130ndir ise &#8220;Mersin gibi s\u0131cak bir \u015fehirde b\u00f6yle bir uygulama olmas\u0131 bence \u00e7ok g\u00fczel. Manzaral\u0131, keyif i\u00e7in yap\u0131lacak bir \u015fey. Geni\u015f bir panoramada her yeri g\u00f6rebilecek durumday\u0131z&#8221; \u015feklinde konu\u015ftu.\u00a0<br \/>\nManzaran\u0131n keyfini \u00e7\u0131kard\u0131klar\u0131n\u0131 kaydeden Umut Yerli ve B\u00fc\u015fra Kot\u00e7u da &#8220;\u00dcst\u00fc a\u00e7\u0131k oldu\u011fu i\u00e7in manzaray\u0131 g\u00f6rebiliyoruz ve bu \u00e7ok e\u011flenceli oluyor. Daha \u00f6nce hi\u00e7 b\u00f6yle bir otob\u00fcse binmemi\u015ftim \u00e7ok g\u00fczel olmu\u015f. Mersin sahillerini hi\u00e7 b\u00f6yle g\u00f6rmemi\u015ftik&#8221; diye konu\u015ftular. \u00a0<\/p>\n<p>\u0130HA<\/p>\n","protected":false},"excerpt":{"rendered":"<p>Mersin&#8217;de vatanda\u015flar\u0131n ve turistlerin kent merkezindeki sahil hatt\u0131n\u0131 huzurlu ve rahat bir \u015fekilde gezmeleri amac\u0131yla hayata ge\u00e7irilen \u00fcst\u00fc a\u00e7\u0131k belediye otob\u00fcs\u00fc uygulamas\u0131nda ilk seferler ba\u015flat\u0131ld\u0131.<\/p>\n","protected":false},"author":2,"featured_media":0,"comment_status":"open","ping_status":"open","sticky":false,"template":"","format":"standard","meta":{"footnotes":""},"categories":[],"tags":[],"class_list":["post-2385","post","type-post","status-publish","format-standard","hentry"],"views":25,"_links":{"self":[{"href":"https:\/\/mersingazetesi.com\/index.php\/wp-json\/wp\/v2\/posts\/2385","targetHints":{"allow":["GET"]}}],"collection":[{"href":"https:\/\/mersingazetesi.com\/index.php\/wp-json\/wp\/v2\/posts"}],"about":[{"href":"https:\/\/mersingazetesi.com\/index.php\/wp-json\/wp\/v2\/types\/post"}],"author":[{"embeddable":true,"href":"https:\/\/mersingazetesi.com\/index.php\/wp-json\/wp\/v2\/users\/2"}],"replies":[{"embeddable":true,"href":"https:\/\/mersingazetesi.com\/index.php\/wp-json\/wp\/v2\/comments?post=2385"}],"version-history":[{"count":0,"href":"https:\/\/mersingazetesi.com\/index.php\/wp-json\/wp\/v2\/posts\/2385\/revisions"}],"wp:attachment":[{"href":"https:\/\/mersingazetesi.com\/index.php\/wp-json\/wp\/v2\/media?parent=2385"}],"wp:term":[{"taxonomy":"category","embeddable":true,"href":"https:\/\/mersingazetesi.com\/index.php\/wp-json\/wp\/v2\/categories?post=2385"},{"taxonomy":"post_tag","embeddable":true,"href":"https:\/\/mersingazetesi.com\/index.php\/wp-json\/wp\/v2\/tags?post=2385"}],"curies":[{"name":"wp","href":"https:\/\/api.w.org\/{rel}","templated":true}]}}