{"id":2383,"date":"2021-11-23T11:50:23","date_gmt":"2021-11-23T08:50:23","guid":{"rendered":"http:\/\/mersin.mesiad.org\/index.php\/2021\/11\/23\/katilimci-kararlarla-is-yapilmali\/"},"modified":"2021-11-23T11:50:23","modified_gmt":"2021-11-23T08:50:23","slug":"katilimci-kararlarla-is-yapilmali","status":"publish","type":"post","link":"https:\/\/mersingazetesi.com\/index.php\/2021\/11\/23\/katilimci-kararlarla-is-yapilmali\/","title":{"rendered":"KATILIMCI  KARARLARLA \u0130\u015e YAPILMALI"},"content":{"rendered":"<p><span style=\"line-height: 1.6em;\">Mersin Ticaret ve Sanayi Odas\u0131 -MTSO- Y\u00f6netim Kurulu Ba\u015fkan\u0131 Ayhan K\u0131z\u0131ltan ile T\u00fcrkiye\u2019yi ve Mersin\u2019i i\u00e7ten ve samimi bir ortamda konu\u015ftuk.\u00a0<\/span><\/p>\n<p>K\u0131z\u0131ltan, Mersin\u2019in G\u00f6zne yaylas\u0131nda d\u00fcnyaya geldi. Tarsus Amerikan Koleji mezunu. Hen\u00fcz \u00a0bir \u00f6\u011frenci iken bile Mersin\u2019de OSB kurulmas\u0131 durumunda neye ihtiya\u00e7 olaca\u011f\u0131n\u0131, ne kadar yat\u0131r\u0131m yap\u0131labilece\u011fini daktiloda kendi elleri ile yaz\u0131p yetkili makamlara g\u00f6nderecek kadar da ileri g\u00f6r\u00fc\u015fl\u00fc bir gen\u00e7&#8230;<br \/>\nMersin\u2019de sulu tar\u0131m\u0131n yap\u0131lmas\u0131n\u0131 olanakl\u0131 k\u0131lan su motorlar\u0131n\u0131n \u00fcretilmesinde, hem tar\u0131mda, hem de sanayi alan\u0131nda kent ve \u00fclke ekonomisine \u00f6nemli katk\u0131larda bulunmaya vesile olmu\u015f bir Makine m\u00fchendisi&#8230;<br \/>\nUzun y\u0131llar Mersin ve T\u00fcrkiye sanayisi i\u00e7in \u00e7al\u0131\u015ft\u0131ktan ve MTSO\u2019da \u00e7e\u015fitli kademelerde g\u00f6rev yapt\u0131ktan sonra 6 Nisan 2018\u2019de MTSO ba\u015fkanl\u0131\u011f\u0131na se\u00e7ildi&#8230;<br \/>\nAyhan K\u0131z\u0131ltan\u2019\u0131n \u00f6ncelikli hedefleri \u00fcretim, ihracat ve istihdam&#8230;<br \/>\nSorular\u0131m\u0131za a\u00e7\u0131k y\u00fcreklilikle cevap veren K\u0131z\u0131ltan ile \u00fclkemizin ve kentimizin gelece\u011fini tart\u0131\u015ft\u0131k.<br \/>\nKentin sorunlar\u0131n\u0131 \u00e7ok iyi bilen, dededen sanayici ve i\u015f insan\u0131 K\u0131z\u0131ltan y\u0131llar\u0131n verdi\u011fi tecr\u00fcbeyle, kollektif \u00e7al\u0131\u015fmaya verdi\u011fi \u00f6nemle, kentimize y\u00f6n verecek projelere imzas\u0131n\u0131 atacakt\u0131r&#8230;<br \/>\nMTSO Ba\u015fkan\u0131 Ayhan K\u0131z\u0131ltan\u2019la yapt\u0131\u011f\u0131m\u0131z r\u00f6portaj\u0131 sizlerle payla\u015f\u0131yoruz.<br \/>\n\u00a0<br \/>\n\u00a0<br \/>\n\u00a0<br \/>\nEND\u00dcSTR\u0130 4.0 \u0130\u00c7\u0130N E\u011e\u0130T\u0130M S\u0130STEM\u0130 DE\u011e\u0130\u015eMEL\u0130\u00a0<\/p>\n<p>\u00a0<\/p>\n<p>MERS\u0130N: Mersin&#8217;de ve T\u00fcrkiye&#8217;de konu\u015fulan end\u00fcstri 4.0&#8217;\u0131n Mersin olarak neresindeyiz?<br \/>\nKIZILTAN: End\u00fcstri 4.0 konusu adeta moda bir slogan halini alm\u0131\u015f. End\u00fcstri 4.0&#8217;\u0131n neresindeyiz sorusundan ziyade, i\u00e7ine girebilmek i\u00e7in \u00f6ncelikle e\u011fitim sistemimizi de\u011fi\u015ftirmemiz laz\u0131m. End\u00fcstri 4.0 tamam\u0131 ile teknik e\u011fitime dayal\u0131 bir end\u00fcstri devrimi olarak ge\u00e7iyor. A\u00e7\u0131k\u00e7as\u0131 \u00fclke olarak haz\u0131r de\u011filiz buna. Ancak \u00fcst d\u00fczeyde haz\u0131r olan firmalar\u0131m\u0131z var. Bu konuda iyi e\u011fitimli donan\u0131ml\u0131 kadrolara sahip. Bu bir anlay\u0131\u015ft\u0131r, sanayi anlay\u0131\u015f\u0131d\u0131r. T\u00fcrkiye&#8217;ye yaymak i\u00e7in e\u011fitim sistemimizi mutlaka de\u011fi\u015ftirmemiz laz\u0131m. Temel bilimlere \u00f6nem veren temel bilimler a\u011f\u0131rl\u0131kl\u0131 bir e\u011fitim modeli olmazsa end\u00fcstri 4.0 &#8216;\u0131n hi\u00e7 bir yerinde olamay\u0131z. Ancak g\u00fc\u00e7l\u00fc \u015firketlerin, yeterli sermayesi olanlar\u0131n i\u00e7ine girebilece\u011fi bir durum. T\u00fcrkiye genelinde End\u00fcstri 4.0\u2019\u0131 tabana yaymak i\u00e7in e\u011fitim a\u015famas\u0131n\u0131 d\u00fczeltmeden \u00e7ok zor.<br \/>\nMERS\u0130N: OSB\u2019ler bu kadar \u00f6nemliyken, Mersin i\u00e7in 2030 y\u0131l\u0131na kadar ka\u00e7 tane OSB planlan\u0131yor bu konuda g\u00f6r\u00fc\u015fleriniz nelerdir?<br \/>\nKIZILTAN: \u0130lk OSB i\u00e7in 1974\u2019de ya da yak\u0131n bir tarihte valilikten bizim firmam\u0131za gelen bir yaz\u0131 geldi. \u2018Mersin&#8217;de OSB kurulacakt\u0131r burada yat\u0131r\u0131m yapmak i\u00e7in yer talep eder misiniz? Ederseniz ne kadar bir yer talep edersiniz ve hangi konuda yat\u0131r\u0131m yapars\u0131n\u0131z?\u2019 diye bir yaz\u0131 gelmi\u015fti. Ben de oturup daktiloda yazmaya ba\u015flad\u0131m, talep edece\u011fimiz yeri ve yat\u0131r\u0131m yapaca\u011f\u0131m\u0131z miktar\u0131 yazd\u0131ktan sonra imzam\u0131 alt\u0131na at\u0131p ka\u015feledim ve g\u00f6nderdim. 1974\u2019ten 1990\u2019l\u0131 y\u0131llar\u0131n ba\u015f\u0131na kadar s\u00fcre bo\u015f ge\u00e7ti. Ondan sonra d\u00f6nemin sanayi bakan\u0131n\u0131n \u00e7abalar\u0131yla b\u00fcy\u00fck bir h\u0131zla ba\u015flat\u0131ld\u0131. \u015eu anda da iyi bir durumday\u0131z. 1. Organize Sanayi B\u00f6lgesi iyi durumda, 2.\u2019si arkas\u0131ndan kuruldu o da iyi durumda ve \u015fimdi 3. de kuruluyor yer tahsisine ba\u015flanacak firmalarla diyaloglar devam ediyor. 4. planland\u0131 ve onunla ilgili giri\u015fimler de ba\u015flat\u0131ld\u0131. Gerekli izinler al\u0131nd\u0131. 5. i\u00e7in de b\u00f6lge yarat\u0131lmaya \u00e7al\u0131\u015f\u0131yor. Tarsus Belediyesi\u2019nin ve Tarsus Ticaret ve Sanayi Odas\u0131\u2019n\u0131n \u00e7al\u0131\u015fmalar\u0131yla tar\u0131m ihtisas organize sanayi b\u00f6lgesi kurulma \u00e7al\u0131\u015fmalar\u0131na ba\u015fland\u0131. Buran\u0131n acil kamula\u015ft\u0131rma karar\u0131 al\u0131nd\u0131 ve ancak \u00a0Kalk\u0131nma Bakanl\u0131\u011f\u0131m\u0131zca ciddi bir kaynak deste\u011fi oldu bu konuda. Bunlar b\u00fcy\u00fck bir h\u0131zla devam ediyor, yine Erdemli&#8217;de organize sanayi \u00e7al\u0131\u015fmalar\u0131 var, Silifke&#8217;de var, Mut&#8217;ta var. Bizim MTSO olarak sa\u011fl\u0131k ve medikal alanlar\u0131nda yeni organize sanayi b\u00f6lgesi yapmak amac\u0131yla \u00e7al\u0131\u015fmalar\u0131m\u0131z var. Burada en \u00f6nemli sorun yer \u00fcretmek, konut alanlar\u0131 \u00e7ok kolay \u00fcretilirken sanayi i\u00e7in yer bulmak \u00e7ok zor. O y\u00fczden zor kurulan bu sanayi b\u00f6lgelerine nitelikli firmalar\u0131n yan\u0131 s\u0131ra teknolojisi iyi olan firmalara da yer vermek laz\u0131m.<br \/>\n\u00a0<br \/>\nEND\u00dcSTR\u0130 MESLEK L\u0130SELER\u0130 T\u00dcRK\u0130YE\u2019Y\u0130 KURTARACAK YAPIDIR\u00a0<\/p>\n<p>\u00a0<\/p>\n<p>MERS\u0130N: \u00dcretimde ara eleman sorununu \u00e7\u00f6zmek i\u00e7in end\u00fcstri meslek liselerinde nas\u0131l bir reform yap\u0131lmal\u0131d\u0131r?<br \/>\nKIZILTAN: End\u00fcstri meslek liselerinde hem teorik, hem uygulamal\u0131 i\u015fleyen iyi bir e\u011fitim sistemi var. \u00d6\u011frenci okulda 3 g\u00fcn teorik olarak e\u011fitim g\u00f6r\u00fcp 2 g\u00fcn de uygulamal\u0131 olarak bir i\u015fletmede \u00e7al\u0131\u015f\u0131yor. Dolay\u0131s\u0131yla \u00f6\u011frenci i\u015fin hem teori dersini al\u0131rken ayn\u0131 zamanda uygulamada \u00e7al\u0131\u015f\u0131p para kazanabiliyor. Bu \u015fekilde olunca end\u00fcstri meslek liselerinin \u00e7ok fazla katk\u0131s\u0131 oluyor. Bu \u015fekilde teknik eleman yeti\u015fiyor. Ancak de\u011fi\u015fen teknoloji ile birlikte gerek laboratuar, gerekse e\u011fitim verenlerin d\u00f6nemin \u015fartlar\u0131na ayak uydurmas\u0131 gerekir. Bu \u015fekilde olursa end\u00fcstri meslek liseleri T\u00fcrkiye&#8217;yi kurtaracak yap\u0131d\u0131r diye d\u00fc\u015f\u00fcn\u00fcyorum. Biz oda olarak hem destek veriyoruz hem de \u00f6nem veriyoruz. Zaten MTSO olarak bizim de yapt\u0131rd\u0131\u011f\u0131m\u0131z okullar\u0131m\u0131z var.\u00a0<br \/>\nMERS\u0130N: Mersin&#8217;de in\u015faat sekt\u00f6r\u00fc hakk\u0131nda yorumlar\u0131n\u0131z\u0131 alabilir miyiz? Betonla\u015fma k\u0131y\u0131 ve sahili ne kadar tahrip ediyor?<br \/>\nKIZILTAN: Uzun y\u0131llard\u0131r uygulanan ekonomik politikalar ne yaz\u0131k ki in\u015faat sekt\u00f6r\u00fcne de yans\u0131d\u0131. Kaynaklar\u0131m\u0131z\u0131n \u00e7o\u011funu ta\u015fa topra\u011fa g\u00f6m\u00fcyoruz bir bak\u0131ma. \u0130n\u015faat sekt\u00f6r\u00fcnde bir planlama yap\u0131lmal\u0131d\u0131r. Bilin\u00e7sizce yap\u0131lar dikmeye ba\u015flad\u0131k. Sonunda ihtiya\u00e7tan daha \u00e7ok say\u0131da bina ve sat\u0131\u015f sorunu ba\u015flad\u0131. Nitekim in\u015faat sekt\u00f6r\u00fcne harcanan para topra\u011fa g\u00f6m\u00fcl\u00fcyor, orada kal\u0131yor. Oysaki \u00fcretim tesisleri, fabrikalar kurulsa, oraya harcanacak para s\u00fcrekli bir katma de\u011fer yaratacakt\u0131. Ancak bu in\u015faat sekt\u00f6r\u00fcn\u00fc bitirelim, yapmayal\u0131m anlam\u0131na gelmesin aksine \u00e7ok \u00f6nemli bir sekt\u00f6r. Bilakis t\u00fcm d\u00fcnyada bir daralma var ve bundan do\u011fan bir dengesizlik var. \u015eu anda Mersin&#8217;de 11 bin 500 adet sat\u0131lmay\u0131 bekleyen s\u0131f\u0131r daire stoku var. Dolar\u0131n s\u00fcrekli y\u00fckselmesi, bor\u00e7lar vb. durumlar tamam\u0131 ile devletin \u00fczerinde durmas\u0131 gereken konulard\u0131r. \u00a0Sadece in\u015faat sekt\u00f6r\u00fcne de\u011fil, bir\u00e7ok sekt\u00f6re zarar veriyor dolar\u0131n bu denli art\u0131\u015f\u0131.<br \/>\n\u00a0<br \/>\nN\u00dcKLEER SANTRAL\u0130N YER\u0130 ORASI OLMAMALI\u00a0<\/p>\n<p>\nMERS\u0130N: Akkuyu N\u00fckleer Santrali sizce Mersin&#8217;e ne kazand\u0131r\u0131r, ne kaybettirir?<br \/>\nKIZILTAN: T\u00fcrkiye&#8217;de her \u015feyin siyasi olarak ele al\u0131nd\u0131\u011f\u0131n\u0131 baz al\u0131rsak ve ben de \u00f6zg\u00fcr bir vatanda\u015f olarak fikrimi s\u00f6yleyeceksem \u2018yer se\u00e7imi uygun olmayabilir\u2019 \u00a0diyebilirim. Daha uygun bir yerde se\u00e7ilebilirdi yeri. \u00a0Ya da orada ya\u015fayan insanlar\u0131n fikri al\u0131n\u0131p kat\u0131l\u0131mc\u0131 kararlar neticesinde uygun bir \u015fekilde \u00e7\u00f6z\u00fclebilirdi. Bu her konuda b\u00f6yle olmal\u0131, kat\u0131l\u0131mc\u0131 kararlar verilmeli. \u0130mar planlar\u0131 yap\u0131l\u0131rken \u015fehrin t\u00fcm katmanlar\u0131n\u0131 i\u015fin i\u00e7ine katmal\u0131s\u0131n\u0131z. Ancak ne yaz\u0131k ki T\u00fcrkiye&#8217;de en iyisini de yapsan\u0131z gene memnun olmayan kesimler olacakt\u0131r. Herkesin d\u00fc\u015f\u00fcnceleri al\u0131nmal\u0131 bu \u015fekilde daha sa\u011fl\u0131kl\u0131 yap\u0131lar ve bununla beraber iyi sonu\u00e7lar al\u0131nabilir. Herkesin g\u00f6r\u00fc\u015f\u00fc al\u0131n\u0131p ihtiyac\u0131 belirlenmeli. Enerji konusuna gelirsek elbette enerji a\u00e7\u0131\u011f\u0131m\u0131z var ancak n\u00fckleer santrali ba\u015fka yere kursalar bu sefer de orada ya\u015fayanlar rahats\u0131z olacak. \u00c7\u00f6z\u00fcm olarak bence isteyenler ve istemeyenler olarak iki taraf oturup, alan\u0131nda uzman ki\u015filer taraf\u0131ndan t\u00fcm\u00fcyle masaya yat\u0131r\u0131l\u0131p tart\u0131\u015f\u0131lmal\u0131 ve sonu\u00e7 halka a\u00e7\u0131klanmal\u0131yd\u0131. Avantaj ve dezavantajlar\u0131 birer birer ortaya d\u00f6k\u00fcp halk\u0131n takdirine sunulmal\u0131yd\u0131. Yenilenebilir bir enerji kaynaklar\u0131 da g\u00f6z ard\u0131 edilmemelidir.\u00a0<br \/>\nMERS\u0130N: Mersin&#8217;de bulunan bal\u0131k \u00e7iftliklerinin yan\u0131 s\u0131ra 60\u2019a yak\u0131n yeni bal\u0131k \u00e7iftliklerinin kurulmas\u0131 g\u00fcndemde. Bu konuda neler d\u00fc\u015f\u00fcn\u00fcyorsunuz?<br \/>\nKIZILTAN: Uzun zamand\u0131r Mersin&#8217;de g\u00fcndem olan bir konu. Bu t\u00fcr konular\u0131n ele al\u0131n\u0131p de\u011ferlendirilmesi laz\u0131m. Bu konuda rahats\u0131z olan insanlar var. Ancak oturup teknik \u00a0 anlamda konu\u015fmak gerekir. \u00c7ok fazla say\u0131da insana i\u015f alan\u0131 sunulacak deniliyor. Ger\u00e7ekten \u00f6yle mi, bunu sormak laz\u0131m. Ya da do\u011fal dengeyi bozacak m\u0131? Bunlar\u0131n cevab\u0131n\u0131 bu alanda uzman olan ki\u015filer cevaplay\u0131p kamuoyu bilgisine sunmal\u0131. Bu konuda uzman de\u011filim ancak bildi\u011fim \u015fu ki; K\u0131y\u0131dan belli mesafeden uzakta olmas\u0131 laz\u0131m ve belirli bir derinlikte olmas\u0131 gerekir. Bu konular\u0131n tart\u0131\u015f\u0131lmas\u0131 ve e\u011fer ger\u00e7ekten faydal\u0131 olacaksa insanlar\u0131n ikna edilmesi gerekir. Bu \u015fekildeki anlay\u0131\u015f \u00e7er\u00e7evesinde yollar izlenmeli aksi taktirde iki z\u0131t g\u00f6r\u00fc\u015fl\u00fc grup aras\u0131nda sorunlar \u00e7\u0131k\u0131yor. Kullan\u0131lacak yemin i\u00e7eri\u011fi de \u00f6nemli bir konu.\u00a0<br \/>\n\u00a0<br \/>\n\u00a0<br \/>\n2019 YILI B\u0130TMEDEN U\u00c7AK \u0130NER<\/p>\n<p>\u00a0<\/p>\n<p>MERS\u0130N: Mersin&#8217;de yap\u0131m\u0131 planlanan hava alan\u0131 ne durumda bu konuda g\u00f6r\u00fc\u015fleriniz nelerdir?<br \/>\nKIZILTAN: Pisti ve alt yap\u0131s\u0131 bitti. Yap\u0131m\u0131 yava\u015f s\u00fcr\u00fcyordu ancak h\u0131zland\u0131r\u0131ld\u0131. Tahminen 2019 y\u0131l\u0131 bitmeden u\u00e7ak iner diye d\u00fc\u015f\u00fcn\u00fcyorum. Biz oda olarak bu aralar hem hava alan\u0131 hem de turizm b\u00f6lgesini yerinde izlemek i\u00e7in oralara gidip incelemeler yapaca\u011f\u0131z.<br \/>\nMERS\u0130N: Mersin-Tarsus Turizm Projesi\u2019nin yap\u0131m\u0131na hala ba\u015flanamad\u0131, bu konuda yorumunuz nedir?<br \/>\nKIZILTAN: 2 firma ge\u00e7enlerde orada temel att\u0131. Bu konjonkt\u00fcrde orada yat\u0131r\u0131m yapacak firmalar\u0131 da d\u00fc\u015f\u00fcnmemiz gerekiyor. \u00c7\u00fcnk\u00fc Antalya&#8217;daki turizm belli, yurt d\u0131\u015f\u0131ndan gelen turist say\u0131s\u0131nda bir eksilme var, dolay\u0131s\u0131yla orada yat\u0131r\u0131m yapacak firmalara b\u00fcy\u00fck i\u015f d\u00fc\u015f\u00fcyor. Sonu\u00e7ta oraya yat\u0131r\u0131m yapan \u015firket belirli bir kredi \u00f6deyerek yat\u0131r\u0131m yap\u0131yor, devlet eliyle yap\u0131lm\u0131yor. Bu anlamda orada ki yat\u0131r\u0131mc\u0131larla bir araya gelece\u011fiz yak\u0131n zamanda. MTSO olarak yapmam\u0131z gereken ne varsa elimizden ne gelirse yapaca\u011f\u0131z, bu konuda deste\u011fimiz olacakt\u0131r.<br \/>\nMERS\u0130N: Son olarak gelecekten beklentileriniz nelerdir?<br \/>\nKIZILTAN: Beklentilerimiz T\u00fcrkiye&#8217;nin huzur i\u00e7inde birbirine kenetlenmi\u015f ayr\u0131m\u0131n olmad\u0131\u011f\u0131, insanlar\u0131n birbirine kar\u015f\u0131 sayg\u0131l\u0131 ve sevgili oldu\u011fu, siyaset\u00e7ilerin de kavga etmeden birbirlerine hakaret etmeden, insanlar\u0131 b\u00f6lecek her t\u00fcrl\u00fc unsurdan uzak kald\u0131\u011f\u0131 bir \u00fclke. Herkesi de sa\u011fduyuya davet ediyorum.<\/p>\n<p>TURAN DAL<\/p>\n","protected":false},"excerpt":{"rendered":"<p>MTSO Ba\u015fkan\u0131 AYHAN KIZILTAN:<\/p>\n<p>\u201c13 A\u011futos&#8217;ta Mersin\u2019in G\u00f6zne yaylas\u0131nda do\u011fdum.  Makina m\u00fchendisiyim. Su pompalar\u0131 \u00fcretimi ile u\u011fra\u015fan bir aileyiz. Uzun y\u0131llar T\u00fcrk sanayisi ve Mersin sanayisi i\u00e7in \u00e7al\u0131\u015ft\u0131m. MTSO &#8216;da da \u00e7e\u015fitli kademelerde g\u00f6rev yapt\u0131m. Meclis komitelerinde, meclislerde ve daha \u00f6nce y\u00f6netimlerde de bulundum. Bu d\u00f6nemde de MTSO ba\u015fkanl\u0131\u011f\u0131 nasip oldu. Hep birlikte hizmet i\u00e7in \u00e7al\u0131\u015f\u0131yoruz.\u201d<\/p>\n","protected":false},"author":2,"featured_media":0,"comment_status":"open","ping_status":"open","sticky":false,"template":"","format":"standard","meta":{"footnotes":""},"categories":[],"tags":[],"class_list":["post-2383","post","type-post","status-publish","format-standard","hentry"],"views":17,"_links":{"self":[{"href":"https:\/\/mersingazetesi.com\/index.php\/wp-json\/wp\/v2\/posts\/2383","targetHints":{"allow":["GET"]}}],"collection":[{"href":"https:\/\/mersingazetesi.com\/index.php\/wp-json\/wp\/v2\/posts"}],"about":[{"href":"https:\/\/mersingazetesi.com\/index.php\/wp-json\/wp\/v2\/types\/post"}],"author":[{"embeddable":true,"href":"https:\/\/mersingazetesi.com\/index.php\/wp-json\/wp\/v2\/users\/2"}],"replies":[{"embeddable":true,"href":"https:\/\/mersingazetesi.com\/index.php\/wp-json\/wp\/v2\/comments?post=2383"}],"version-history":[{"count":0,"href":"https:\/\/mersingazetesi.com\/index.php\/wp-json\/wp\/v2\/posts\/2383\/revisions"}],"wp:attachment":[{"href":"https:\/\/mersingazetesi.com\/index.php\/wp-json\/wp\/v2\/media?parent=2383"}],"wp:term":[{"taxonomy":"category","embeddable":true,"href":"https:\/\/mersingazetesi.com\/index.php\/wp-json\/wp\/v2\/categories?post=2383"},{"taxonomy":"post_tag","embeddable":true,"href":"https:\/\/mersingazetesi.com\/index.php\/wp-json\/wp\/v2\/tags?post=2383"}],"curies":[{"name":"wp","href":"https:\/\/api.w.org\/{rel}","templated":true}]}}