{"id":2382,"date":"2021-11-23T11:50:23","date_gmt":"2021-11-23T08:50:23","guid":{"rendered":"http:\/\/mersin.mesiad.org\/index.php\/2021\/11\/23\/mersinde-tur-teknesi-alev-alev-yandi\/"},"modified":"2021-11-23T11:50:23","modified_gmt":"2021-11-23T08:50:23","slug":"mersinde-tur-teknesi-alev-alev-yandi","status":"publish","type":"post","link":"https:\/\/mersingazetesi.com\/index.php\/2021\/11\/23\/mersinde-tur-teknesi-alev-alev-yandi\/","title":{"rendered":"Mersin&#8217;de tur teknesi alev alev yand\u0131"},"content":{"rendered":"<p>Mersin&#8217;in Bozyaz\u0131 il\u00e7esinde limanda demirli bulunan tur teknesi, hen\u00fcz bilinmeyen bir nedenle \u00e7\u0131kan yang\u0131nda tamamen yanarak kullan\u0131lamaz hale gelirken, olayda yaralanan olmad\u0131.\u00a0<br \/>\nEdinilen bilgiye g\u00f6re, il\u00e7ede turistik ama\u00e7l\u0131 gezide kullan\u0131lan &#8216;Nomia&#8217; adl\u0131 tur teknesinde, limanda demirli bulundu\u011fu s\u0131rada yang\u0131n \u00e7\u0131kt\u0131. Sabah\u0131n erken saatlerinde hen\u00fcz bilinmeyen bir nedenle \u00e7\u0131kan yang\u0131na, \u00f6nce limandaki bal\u0131k\u00e7\u0131lar, ard\u0131ndan itfaiye ekipleri m\u00fcdahale etti.\u00a0<br \/>\nYang\u0131n\u0131n limandaki di\u011fer bal\u0131k\u00e7\u0131 teknelerine s\u0131\u00e7ramamas\u0131 i\u00e7in yanan teknenin mendire\u011fe ba\u011fl\u0131 ipi kesilirken, Mersin B\u00fcy\u00fck\u015fehir Belediyesi&#8217;ne ba\u011fl\u0131 itfaiye ekipleri ile Bozyaz\u0131 Orman \u0130\u015fletme M\u00fcd\u00fcrl\u00fc\u011f\u00fc&#8217;n\u00fcn yang\u0131n s\u00f6nd\u00fcrme ekipleri, tekneye karadan su s\u0131karak m\u00fcdahale ger\u00e7ekle\u015ftirdi.\u00a0<br \/>\nTur teknesindeki yang\u0131n, ekiplerin uzun u\u011fra\u015flar\u0131 sonucu kontrol alt\u0131na al\u0131narak s\u00f6nd\u00fcr\u00fcld\u00fc. Yang\u0131n sonras\u0131 tur teknesi kullan\u0131lamaz hale geldi.\u00a0<br \/>\nTeknesinin yand\u0131\u011f\u0131 haberini alarak olay yerine gelen Veli Kadir Temel, &#8220;Anamur ve Bozyaz\u0131 i\u00e7in b\u00fcy\u00fck bir kay\u0131p. Yerli ve yabanc\u0131 turistlere hizmet veren bir tekneydi. \u00c7evremizin g\u00fczelliklerini insanlar\u0131m\u0131z\u0131 gezdirerek tan\u0131t\u0131yor ve turizme katk\u0131 sa\u011fl\u0131yorduk. Teknede yakla\u015f\u0131k 7 ki\u015fi \u00e7al\u0131\u015farak evine ekmek g\u00f6t\u00fcr\u00fcyordu. Allah&#8217;a \u015f\u00fck\u00fcrler olsun ki kimsenin bulunmad\u0131\u011f\u0131 s\u0131rada yang\u0131n \u00e7\u0131km\u0131\u015f. Cana zarar gelece\u011fine mala gelsin. Tabi ki teknemin g\u00f6z\u00fcm\u00fcn \u00f6n\u00fcnde yanmas\u0131 beni \u00fczd\u00fc&#8221; dedi.\u00a0<br \/>\nOlayla ilgili soru\u015fturman\u0131n s\u00fcrd\u00fc\u011f\u00fc bildirildi. \u00a0<\/p>\n<p>\u0130HA<\/p>\n","protected":false},"excerpt":{"rendered":"<p>Mersin&#8217;in Bozyaz\u0131 il\u00e7esinde limanda demirli bulunan tur teknesi, hen\u00fcz bilinmeyen bir nedenle \u00e7\u0131kan yang\u0131nda tamamen yanarak kullan\u0131lamaz hale gelirken, olayda yaralanan olmad\u0131.\u00a0 Edinilen bilgiye g\u00f6re, il\u00e7ede turistik ama\u00e7l\u0131 gezide kullan\u0131lan &#8216;Nomia&#8217; adl\u0131 tur teknesinde, limanda demirli bulundu\u011fu s\u0131rada yang\u0131n \u00e7\u0131kt\u0131. Sabah\u0131n erken saatlerinde hen\u00fcz bilinmeyen bir nedenle \u00e7\u0131kan yang\u0131na, \u00f6nce limandaki bal\u0131k\u00e7\u0131lar, ard\u0131ndan itfaiye ekipleri [&hellip;]<\/p>\n","protected":false},"author":2,"featured_media":0,"comment_status":"open","ping_status":"open","sticky":false,"template":"","format":"standard","meta":{"footnotes":""},"categories":[],"tags":[],"class_list":["post-2382","post","type-post","status-publish","format-standard","hentry"],"views":18,"_links":{"self":[{"href":"https:\/\/mersingazetesi.com\/index.php\/wp-json\/wp\/v2\/posts\/2382","targetHints":{"allow":["GET"]}}],"collection":[{"href":"https:\/\/mersingazetesi.com\/index.php\/wp-json\/wp\/v2\/posts"}],"about":[{"href":"https:\/\/mersingazetesi.com\/index.php\/wp-json\/wp\/v2\/types\/post"}],"author":[{"embeddable":true,"href":"https:\/\/mersingazetesi.com\/index.php\/wp-json\/wp\/v2\/users\/2"}],"replies":[{"embeddable":true,"href":"https:\/\/mersingazetesi.com\/index.php\/wp-json\/wp\/v2\/comments?post=2382"}],"version-history":[{"count":0,"href":"https:\/\/mersingazetesi.com\/index.php\/wp-json\/wp\/v2\/posts\/2382\/revisions"}],"wp:attachment":[{"href":"https:\/\/mersingazetesi.com\/index.php\/wp-json\/wp\/v2\/media?parent=2382"}],"wp:term":[{"taxonomy":"category","embeddable":true,"href":"https:\/\/mersingazetesi.com\/index.php\/wp-json\/wp\/v2\/categories?post=2382"},{"taxonomy":"post_tag","embeddable":true,"href":"https:\/\/mersingazetesi.com\/index.php\/wp-json\/wp\/v2\/tags?post=2382"}],"curies":[{"name":"wp","href":"https:\/\/api.w.org\/{rel}","templated":true}]}}