{"id":2340,"date":"2021-11-23T11:50:20","date_gmt":"2021-11-23T08:50:20","guid":{"rendered":"http:\/\/mersin.mesiad.org\/index.php\/2021\/11\/23\/eski-bakanlar-meclis-komisyonlarina-baskan-oldu\/"},"modified":"2021-11-23T11:50:20","modified_gmt":"2021-11-23T08:50:20","slug":"eski-bakanlar-meclis-komisyonlarina-baskan-oldu","status":"publish","type":"post","link":"https:\/\/mersingazetesi.com\/index.php\/2021\/11\/23\/eski-bakanlar-meclis-komisyonlarina-baskan-oldu\/","title":{"rendered":"ESK\u0130 BAKANLAR, MECL\u0130S KOM\u0130SYONLARINA BA\u015eKAN OLDU"},"content":{"rendered":"<p>AK Parti\u2019de grup y\u00f6netimi, Meclis ihtisas komisyonlar\u0131 ba\u015fkanl\u0131klar\u0131na getirilecek isimler \u00fczerindeki \u00e7al\u0131\u015fmas\u0131 tamamlad\u0131. Ayr\u0131ca TBMM Ba\u015fkanl\u0131k Divan\u0131 \u00fcyeleri ile Grup Y\u00f6netim Kurulu ve Grup Disiplin Kurulu \u00fcyeleri \u00a0\u00fcyeleri belli oldu.<\/p>\n<p>Milliyet&#8217;ten \u015eebnem Ho\u015fg\u00f6r&#8217;\u00fcn haberine g\u00f6re, AK Parti Meclis grubu d\u00fcn Grup Ba\u015fkan\u0131 Naci Bostanc\u0131 ba\u015fkanl\u0131\u011f\u0131nda topland\u0131. Toplant\u0131da AK Parti&#8217;nin grup y\u00f6netimi, Meclis ihtisas komisyonlar\u0131 ba\u015fkanl\u0131klar\u0131na getirilecek isimler \u00fczerindeki \u00e7al\u0131\u015fmalar\u0131 tamamland\u0131. Buna g\u00f6re parlamenter sistemin son h\u00fck\u00fcmetinde g\u00f6rev alan ikisi ba\u015fbakan yard\u0131mc\u0131s\u0131, be\u015f eski bakan komisyon ba\u015fkan\u0131 olarak g\u00f6revlendirildi.<br \/>\n\u00a0<br \/>\nKOM\u0130SYONLARA GET\u0130R\u0130LEN \u0130S\u0130MLER<br \/>\n\u00a0<br \/>\nMeclis \u0130htisas Komisyonu ba\u015fkanl\u0131klar\u0131na getirilen isimler ise \u015f\u00f6yle:<\/p>\n<p>\u2014 Adalet Komisyonu: Hakk\u0131 K\u00f6yl\u00fc (Kastamonu)<\/p>\n<p>\u2014 Anayasa Komisyonu: Bekir Bozda\u011f (Yozgat)<\/p>\n<p>\u2014 AB Uyum Komisyonu: Mehmet Kas\u0131m G\u00fclp\u0131nar (\u015eanl\u0131urfa)<\/p>\n<p>\u2014 Bay\u0131nd\u0131rl\u0131k \u0130mar Ula\u015ft\u0131rma ve Turizm Komisyonu: Tahir Aky\u00fcrek (Konya)<\/p>\n<p>\u2014 \u00c7evre Komisyonu: Muhammet Balta (Trabzon)<\/p>\n<p>\u2014 D\u0131\u015fi\u015fleri Komisyonu: Volkan Bozk\u0131r (\u0130stanbul)<br \/>\n\u2014 Dilek\u00e7e Komisyonu: Belma Sat\u0131r (\u0130stanbul)<\/p>\n<p>&#8211; G\u00fcvenlik ve \u0130stihbarat Komisyonu: Selami Alt\u0131nok (Erzurum)<br \/>\n\u2014 \u0130\u00e7i\u015fleri Komisyonu: Celalettin G\u00fcven\u00e7 (Kahramanmara\u015f)<\/p>\n<p>\u2014 \u0130nsan Haklar\u0131n\u0131 \u0130nceleme Komisyonu: Hakan \u00c7avu\u015fo\u011flu (Bursa)<\/p>\n<p>\u2014 Kad\u0131n Erkek F\u0131rsat E\u015fitli\u011fi Komisyonu: J\u00fclide Sar\u0131ero\u011flu (Adana)<\/p>\n<p>\u2014 K\u0130T Komisyonu: Mustafa Sava\u015f (Ayd\u0131n)<\/p>\n<p>\u2014 Milli E\u011fitim, K\u00fclt\u00fcr, Gen\u00e7lik ve Spor Komisyonu: Numan Kurtulmu\u015f (\u0130stanbul)<\/p>\n<p>\u2014 Milli Savunma Komisyonu: \u0130smet Y\u0131lmaz (Sivas)<\/p>\n<p>\u2014 Plan B\u00fct\u00e7e Komisyonu: S\u00fcreyya Sadi Bilgi\u00e7 (Isparta)<\/p>\n<p>\u2014 Sa\u011fl\u0131k Aile \u00c7al\u0131\u015fma ve Sosyal \u0130\u015fler Komisyonu: \u015eenel Yeniy\u0131ld\u0131z (Ordu)<\/p>\n<p>\u2014 Sanayi Ticaret Enerji Tabii Kaynaklar Bilgi ve Teknoloji Komisyonu: Mustafa Elita\u015f (Kayseri)<\/p>\n<p>\u2014 Tar\u0131m Orman ve K\u00f6yi\u015fleri Komisyonu: Yunus K\u0131l\u0131\u00e7 (Kars)<\/p>\n<p>\u015eENTOP TBMM BA\u015eKANVEK\u0130L\u0130<br \/>\n\u00a0<br \/>\nToplant\u0131da yap\u0131lan se\u00e7imler sonucu Tekirda\u011f Milletvekili Mustafa \u015eentop, TBMM Ba\u015fkanvekilli olarak belirlendi. Bayram \u00d6z\u00e7elik (Burdur), Emine Sare Ayd\u0131n Y\u0131lmaz (\u0130stanbul), R\u00fcmeysa Kadak (\u0130stanbul), \u0130shak Gazel (K\u00fctahya), \u015eehmus Din\u00e7el (Mardin), Mustafa A\u00e7\u0131kg\u00f6z (Nev\u015fehir) da Katip \u00fcyeliklere getirildi.<\/p>\n<p>\u0130DAREDE KADIN YOK<br \/>\n\u00a0<br \/>\nTBMM \u0130dare Amirli\u011fi se\u00e7imlerinde ise s\u00fcrpriz ya\u015fand\u0131. AK Parti, kendisine d\u00fc\u015fen \u00fc\u00e7 \u0130dare Amirli\u011fi i\u00e7in erkek vekilleri tercih etti. Orhan Ye\u011fin (Ankara), Hasan Turan (\u0130stanbul) ve Halil \u00d6zcan (\u015eanl\u0131urfa) \u0130dare Amirli\u011fi\u2019ne se\u00e7ildi.<\/p>\n<p>Gruptaki se\u00e7imlerle, Grup Y\u00f6netim Kurulu da \u015fu isimlerden olu\u015ftu:<\/p>\n<p>Mersin Milletvekillerinden yaln\u0131z Zeynep G\u00fcl Y\u0131lmaz Mersin ad\u0131na grup y\u00f6netim kurulunda yer al\u0131rken, eski bakan L\u00fctfi Elvan\u2019a g\u00f6rev verilmedi. Di\u011fer isimler ise \u015f\u00f6yle; \u00a0\u0130brahim Halil F\u0131rat (Ad\u0131yaman), Ahmet Sami Ceylan (\u00c7orum), Ay\u015fe Ke\u015fir (D\u00fczce), Abd\u00fclkadir \u00d6zel (Hatay), Recep \u00d6zel (Isparta), Halis Dalk\u0131l\u0131\u00e7 (\u0130stanbul), Mahmut Atilla Kaya (\u0130zmir), Ramazan Can (K\u0131r\u0131kkale), Selahattin Minsolmaz (K\u0131rklareli), Cemil Yaman (Kocaeli), Abdullah A\u011fral\u0131 (Konya), \u0130smail Bilen (Manisa), Metin G\u00fcndo\u011fdu (Ordu), Salih Cora (Trabzon).<\/p>\n<p>Grup Disiplin Kurulu\u2019nda g\u00f6rev yapacak isimler de \u015f\u00f6yle: \u201cOsman Mesten (Bursa), Emine Zeybek (Kocaeli), Fuat K\u00f6kta\u015f (Samsun), Yusuf Beyaz\u0131t (Tokat), Yusuf Ba\u015fer (Yozgat).\u201d\u00a0<\/p>\n<p>Eski\u015fehir Milletvekili Emine Nur G\u00fcnay ve Gaziantep Milletvekili Mehmet Erdo\u011fan ise Grup Denet\u00e7isi olarak g\u00f6revlendirildi.<br \/>\n\u00a0<\/p>\n<p>haber merkezi<\/p>\n","protected":false},"excerpt":{"rendered":"<p>Mersin Milletvekillerinden yaln\u0131z Zeynep G\u00fcl Y\u0131lmaz Mersin ad\u0131na grup y\u00f6netim kurulunda yer ald\u0131. Eski bakan L\u00fctfi Elvan meclis komisyonunda g\u00f6rev alamad\u0131!<\/p>\n","protected":false},"author":2,"featured_media":0,"comment_status":"open","ping_status":"open","sticky":false,"template":"","format":"standard","meta":{"footnotes":""},"categories":[],"tags":[],"class_list":["post-2340","post","type-post","status-publish","format-standard","hentry"],"views":28,"_links":{"self":[{"href":"https:\/\/mersingazetesi.com\/index.php\/wp-json\/wp\/v2\/posts\/2340","targetHints":{"allow":["GET"]}}],"collection":[{"href":"https:\/\/mersingazetesi.com\/index.php\/wp-json\/wp\/v2\/posts"}],"about":[{"href":"https:\/\/mersingazetesi.com\/index.php\/wp-json\/wp\/v2\/types\/post"}],"author":[{"embeddable":true,"href":"https:\/\/mersingazetesi.com\/index.php\/wp-json\/wp\/v2\/users\/2"}],"replies":[{"embeddable":true,"href":"https:\/\/mersingazetesi.com\/index.php\/wp-json\/wp\/v2\/comments?post=2340"}],"version-history":[{"count":0,"href":"https:\/\/mersingazetesi.com\/index.php\/wp-json\/wp\/v2\/posts\/2340\/revisions"}],"wp:attachment":[{"href":"https:\/\/mersingazetesi.com\/index.php\/wp-json\/wp\/v2\/media?parent=2340"}],"wp:term":[{"taxonomy":"category","embeddable":true,"href":"https:\/\/mersingazetesi.com\/index.php\/wp-json\/wp\/v2\/categories?post=2340"},{"taxonomy":"post_tag","embeddable":true,"href":"https:\/\/mersingazetesi.com\/index.php\/wp-json\/wp\/v2\/tags?post=2340"}],"curies":[{"name":"wp","href":"https:\/\/api.w.org\/{rel}","templated":true}]}}