{"id":2331,"date":"2021-11-23T11:50:19","date_gmt":"2021-11-23T08:50:19","guid":{"rendered":"http:\/\/mersin.mesiad.org\/index.php\/2021\/11\/23\/mektebim-mersin-kampusu-aciliyor\/"},"modified":"2021-11-23T11:50:19","modified_gmt":"2021-11-23T08:50:19","slug":"mektebim-mersin-kampusu-aciliyor","status":"publish","type":"post","link":"https:\/\/mersingazetesi.com\/index.php\/2021\/11\/23\/mektebim-mersin-kampusu-aciliyor\/","title":{"rendered":"Mektebim Mersin Kamp\u00fcs\u00fc A\u00e7\u0131l\u0131yor"},"content":{"rendered":"<p>E\u011fitim Giri\u015fimcisi \u00dcmit Kalko\u2019nun vizyonuyla, 2011 y\u0131l\u0131nda 150 \u00f6\u011frencisiyle \u0130stanbul B\u00fcy\u00fck\u00e7ekmece\u2019de temelleri at\u0131lan Mektebim, bug\u00fcn 65 kamp\u00fcs, 204 okul ve 30 bine yak\u0131n \u00f6\u011frencisiyle Anaokulu, \u0130lkokul, Ortaokul, Anadolu Lisesi, Anadolu Fen Lisesi ve Anadolu Sa\u011fl\u0131k Meslek Liselerinde \u00e7a\u011fda\u015f ve modern e\u011fitim ortamlar\u0131nda hizmet veriyor. End\u00fcstri 4.0 ile 21. y\u00fczy\u0131l becerilerinin geli\u015ftirilmesi i\u00e7in haz\u0131rlanan Yenilik\u00e7i E\u011fitim Program\u0131, \u00e7a\u011f\u0131n ihtiya\u00e7lar\u0131na uygun \u015fekilde teknolojik unsurlar\u0131 da e\u011fitim sistemine d\u00e2hil ederek okul \u00f6ncesinden liseye kadar Mektebim\u2019de uygulan\u0131yor. \u0130novasyon, Kodlama, Elektronik Tasar\u0131m (E-STEM), M+ Station, K\u00fcresel Fark\u0131ndal\u0131k, Finansal Okuryazarl\u0131k, M-LEAD gibi derslerden olu\u015fan Yenilik\u00e7i E\u011fitim Program\u0131 (YEP), \u00e7ocuklar\u0131n ele\u015ftirel, yarat\u0131c\u0131, analitik, bilimsel d\u00fc\u015f\u00fcnce becerisini geli\u015ftirmelerini ve yeni d\u00fcnyan\u0131n ihtiya\u00e7lar\u0131na uygun \u015fekilde yeti\u015fmelerini sa\u011fl\u0131yor. Mektebim; \u0130stanbul Avc\u0131lar, Atakent, Beylikd\u00fcz\u00fc, Beykent, Bah\u00e7elievler, Bak\u0131rk\u00f6y, Fatih, Ata\u015fehir, \u00dcmraniye, Kartal, Kurtk\u00f6y, B\u00fcy\u00fck\u00e7ekmece ve Silivri\u2019de, Ankara \u0130ncek, Oran, Bat\u0131kent, Mamak, Eryaman, Ya\u015famkent ve Etimesgut\u2019ta, K\u0131rklareli L\u00fcleburgaz, Tekirda\u011f Merkez ve \u00c7orlu\u2019da, \u0130zmir, G\u00fczelbah\u00e7e, Bornova ve \u00c7i\u011fli\u2019de, Adana\u2019da, Yalova, Bal\u0131kesir Edremit, Diyarbak\u0131r, Samsun, Trabzon, Bursa, Afyon ve Konya kamp\u00fcslerinde hizmet veriyor. Bu y\u0131l Rize Pazar, Elaz\u0131\u011f, Ordu, Mersin, Manisa Merkez ve Turgutlu, K\u00fctahya, \u0130zmir Buca, Ankara Ke\u00e7i\u00f6ren, \u00c7anakkale, Kayseri, A\u011fr\u0131, Van, Afyon Sand\u0131kl\u0131, \u0130stanbul Fatih ve Pendik, Bal\u0131kesir Edremit\u2019te yeni kamp\u00fcsleri faaliyete girecek.<\/p>\n<p>Mersin Kamp\u00fcs\u00fc Fark Yaratacak<\/p>\n<p>T\u00fcrkiye genelinde 27 ilde faaliyet g\u00f6steren Mektebim\u2019in 2018-2019 e\u011fitim \u00f6\u011fretim y\u0131l\u0131nda Mersin Kamp\u00fcs\u00fc faaliyete girecek. T\u00fcm haz\u0131rl\u0131klar\u0131 son a\u015famaya gelen ve bir e\u011fitim kurumuna g\u00f6re tasarlanan Mersin Kamp\u00fcs\u00fc yakla\u015f\u0131k 1200 \u00f6\u011frenciye hizmet verecek. 11 bin metrekare alan \u00fczerine kurulan ve 25 Temmuz itibar\u0131yla Yeni\u015fehir\u2019de bulunan kamp\u00fcste tan\u0131t\u0131m ve kay\u0131t g\u00f6r\u00fc\u015fmelerinin ba\u015flayaca\u011f\u0131 Mersin Kamp\u00fcs\u00fcnde anaokulu, ilkokul, ortaokul ve lise kademeleri yer al\u0131rken, kamp\u00fcste kapal\u0131 spor salonu, dans salonu, buz pisti, satran\u00e7 salonu, 3D laboratuvar\u0131, m\u00fczik ve sanat at\u00f6lyeleri, bran\u015f derslikleri, k\u00fct\u00fcphane, ve bran\u015f laboratuvarlar\u0131 bulunuyor. Konusunda uzman akademik ve idari kadrosuyla, e\u011fitim modelleri, sosyal ve fiziki alanlar\u0131yla Mektebim Mersin Kamp\u00fcs\u00fc, ba\u015far\u0131 d\u00fczeyini ve e\u011fitim kalitesini y\u00fckselterek Mersin\u2019de fark yaratacak.<br \/>\n\u00a0<br \/>\n\u201cB\u00fct\u00fcnsel E\u011fitim Modeli\u201d ile Gelece\u011fin \u0130nsan\u0131n\u0131 Yeti\u015ftiriyoruz.\u201d<\/p>\n<p>Mektebim Kurucusu \u00dcmit Kalko, \u201cMersin Kamp\u00fcs\u00fcm\u00fcz Eyl\u00fcl ay\u0131nda okullar\u0131n a\u00e7\u0131lmas\u0131yla birlikte e\u011fitim \u00f6\u011fretim faaliyetlerine ba\u015flayacak. Kamp\u00fcs binam\u0131z\u0131n tamam\u0131 e\u011fitim \u00f6\u011fretim faaliyetlerinin en iyi \u015fekilde s\u00fcrd\u00fcr\u00fclebilmesi i\u00e7in bir e\u011fitim kurumu olarak tasarland\u0131. 25 Temmuz itibar\u0131yla tan\u0131t\u0131m ofisimizi kamp\u00fcs\u00fcm\u00fcze ta\u015f\u0131yacak ve tan\u0131t\u0131m faaliyetlerimize oradan devam edece\u011fiz. \u00d6\u011frenci adaylar\u0131m\u0131z ve velilerimiz kamp\u00fcs\u00fcm\u00fcz\u00fc ziyaret ederek bulundu\u011fu a\u015famay\u0131 takip edebilirler. Biz Mektebim olarak Mersin\u2019de e\u011fitim kalitesine \u00f6nemli bir katk\u0131 sunaca\u011f\u0131z. Uygulam\u0131\u015f oldu\u011fumuz \u201cB\u00fct\u00fcnsel E\u011fitim\u201d modeli ile anaokulundan \u00fcniversiteye kadar \u00f6\u011frencilerimize kesintisiz e\u011fitim imk\u00e2n\u0131 sa\u011fl\u0131yoruz. Bizim i\u00e7in \u00f6\u011frencinin s\u0131navlarda elde etti\u011fi ba\u015far\u0131 kadar ya\u015fam ba\u015far\u0131s\u0131 da \u00e7ok \u00f6nemli. Mektebim olarak \u00f6zellikle Dijital Vatanda\u015fl\u0131k, K\u00fcresel Fark\u0131ndal\u0131k, Kodlama, \u0130novasyon, Giri\u015fimcilik, Finansal Okuryazarl\u0131k ve M-Lead gibi programlarla anaokulundan itibaren i\u015fverenin arad\u0131\u011f\u0131 bilgi ve beceriyi edindirmeye \u00e7al\u0131\u015f\u0131yoruz. \u201cGelece\u011fin \u0130nsan\u0131\u201d olma yolunda ad\u0131m atan \u00f6\u011frencilerimiz, edindikleri bilgi ve becerileri anaokulunda oynayarak, ilkokulda ke\u015ffederek, ortaokulda projelendirerek, lise de ise ya\u015fayarak peki\u015ftirme imk\u00e2n\u0131 buluyor, edindikleri yabanc\u0131 dil bilgisiyle y\u00fcksek\u00f6\u011fretime ge\u00e7erken iyi bir alt yap\u0131ya sahip oluyorlar. \u0130\u015fbirli\u011fi i\u00e7inde oldu\u011fumuz \u00fcniversiteler, kurum ve STK\u2019lar ile \u00f6\u011frencilerimiz bir\u00e7ok uluslararas\u0131 projede yer al\u0131yor. Sosyal sorumluluk bilinci geli\u015fmi\u015f, toplumsal olaylar kar\u015f\u0131s\u0131nda duyarl\u0131 ve fark\u0131ndal\u0131k yaratan nesiller olarak hayatlar\u0131na devam etmeleri bizim i\u00e7in \u00e7ok \u00f6nemli. \u00d6zellikle kariyer planlamas\u0131 konusunda her e\u011fitim kademesinde ilgi alanlar\u0131na g\u00f6re destek sa\u011fl\u0131yor, lisans ve lisans\u00fcst\u00fc e\u011fitimleri i\u00e7in hedefleri do\u011frultusunda hareket etmeleri i\u00e7in imk\u00e2nlar sunuyoruz. E\u011fitim sistemimize teknolojiyi entegre ederek \u00f6\u011frencilerimize bir\u00e7ok imkan sa\u011fl\u0131yoruz. Sanatsal, sportif ve bilimsel a\u00e7\u0131dan geli\u015febilmeleri i\u00e7in kamp\u00fcslerimizde fiziki alt yap\u0131s\u0131yla fark yaratan sosyal alanlar olu\u015fturuyoruz. \u00c7ocuklar\u0131m\u0131z\u0131n kendilerini ke\u015ffedebilmeleri i\u00e7in olu\u015fturdu\u011fumuz alanlar ile fiziksel, zihinsel ve ruhsal geli\u015fimlerini destekliyoruz. Kamp\u00fcslerimizde kapal\u0131 y\u00fczme havuzlar\u0131, spor salonlar\u0131, dans ve bale salonlar\u0131, buz pisti, cep sinemas\u0131, konferans salonu, m\u00fczik ve g\u00fczel sanatlar at\u00f6lyesi, 3D laboratuvarlar\u0131, ve bran\u015f laboratuvarlar\u0131 yer al\u0131yor. \u00c7ocuklar\u0131m\u0131z\u0131 \u201c\u00d6\u011frenci Ko\u00e7lu\u011fu\u201d sistemi ile birebir takibe al\u0131yoruz. Bunu yaparken velilerle \u00e7ok yo\u011fun ili\u015fkiler kurarak onlar\u0131 da e\u011fitim s\u00fcre\u00e7lerimize d\u00e2hil ediyoruz. \u00c7\u00fcnk\u00fc biz \u015funu \u00e7ok iyi biliyoruz ki, e\u011fitim \u00f6nce ailede ba\u015flar. Okullar\u0131m\u0131zda en az bir yabanc\u0131 dili, ana dil seviyesinde \u00f6\u011frenen \u00f6\u011frencilerimiz ikinci bir yabanc\u0131 dil e\u011fitimi daha alabiliyor. Common European Framework (Avrupa Dil \u00c7er\u00e7evesi) do\u011frultusunda \u015fekillendirilmi\u015f akademik m\u00fcfredatla anaokulundan ba\u015flayarak t\u00fcm \u00f6\u011frencilerimize d\u00fcnya vatanda\u015f\u0131 olabilme imk\u00e2n\u0131 sa\u011flayarak, Native \u00f6\u011fretmenler e\u015fli\u011finde \u0130ngilizce ba\u015fta olmak \u00fczere Almanca, Frans\u0131zca ve \u0130spanyolca dillerinde e\u011fitim veriyoruz. \u00d6\u011frencilerimiz en az bir yabanc\u0131 dili ana dilleri gibi konu\u015furken ikici bir yabanc\u0131 dil e\u011fitimi alarak fark\u0131ndal\u0131k olu\u015fturuyor. Her y\u0131l d\u00fczenledi\u011fimiz NASA\u2019 ya ve \u0130svi\u00e7re CERN\u2019e gezileriyle d\u00fcnyan\u0131n kap\u0131lar\u0131n\u0131 onlara a\u00e7\u0131yoruz. Sosyal, k\u00fclt\u00fcrel, tarihi yerleri gezmelerini ve g\u00f6rerek \u00f6\u011frenmelerini sa\u011fl\u0131yoruz. Okullar\u0131m\u0131zda s\u0131nav haz\u0131rl\u0131k s\u00fcre\u00e7lerine destek vermek amac\u0131yla ciddi \u00e7al\u0131\u015fmalar yapt\u0131k. TEOG\u2019tan YGS\u2019ye bir\u00e7ok farkl\u0131 s\u0131nav i\u00e7in yeni i\u00e7erikler Mektebim e\u011fitim sistemine d\u00e2hil oldu. Dersler bittikten sonra yap\u0131lan et\u00fctler ve hafta sonu yap\u0131lan ilave dersler, \u00e7ocuklar\u0131m\u0131z\u0131n s\u0131navlara haz\u0131rlanmas\u0131na ciddi bir katk\u0131lar sa\u011fl\u0131yor. \u00d6zg\u00fcn e\u011fitim modellerinin ve yabanc\u0131 dil e\u011fitiminin devaml\u0131l\u0131\u011f\u0131n\u0131 artt\u0131rmak amac\u0131yla uluslararas\u0131 ili\u015fkilere ve i\u015fbirli\u011fi anla\u015fmalar\u0131na h\u0131z verdik. Amerika ve Avrupa\u2019da bir\u00e7ok \u00fcniversiteyle ortak projelere imza at\u0131yoruz.\u201d Dedi.<\/p>\n<p>B\u00fcltendir<\/p>\n","protected":false},"excerpt":{"rendered":"<p>E\u011fitim Giri\u015fimcisi \u00dcmit Kalko\u2019nun vizyonuyla, 2011 y\u0131l\u0131nda 150 \u00f6\u011frencisiyle \u0130stanbul B\u00fcy\u00fck\u00e7ekmece\u2019de temelleri at\u0131lan Mektebim, bug\u00fcn 65 kamp\u00fcs, 204 okul ve 30 bine yak\u0131n \u00f6\u011frencisiyle Anaokulu, \u0130lkokul, Ortaokul, Anadolu Lisesi, Anadolu Fen Lisesi ve Anadolu Sa\u011fl\u0131k Meslek Liselerinde \u00e7a\u011fda\u015f ve modern e\u011fitim ortamlar\u0131nda hizmet veriyor. End\u00fcstri 4.0 ile 21. y\u00fczy\u0131l becerilerinin geli\u015ftirilmesi i\u00e7in haz\u0131rlanan Yenilik\u00e7i E\u011fitim [&hellip;]<\/p>\n","protected":false},"author":2,"featured_media":0,"comment_status":"open","ping_status":"open","sticky":false,"template":"","format":"standard","meta":{"footnotes":""},"categories":[],"tags":[],"class_list":["post-2331","post","type-post","status-publish","format-standard","hentry"],"views":20,"_links":{"self":[{"href":"https:\/\/mersingazetesi.com\/index.php\/wp-json\/wp\/v2\/posts\/2331","targetHints":{"allow":["GET"]}}],"collection":[{"href":"https:\/\/mersingazetesi.com\/index.php\/wp-json\/wp\/v2\/posts"}],"about":[{"href":"https:\/\/mersingazetesi.com\/index.php\/wp-json\/wp\/v2\/types\/post"}],"author":[{"embeddable":true,"href":"https:\/\/mersingazetesi.com\/index.php\/wp-json\/wp\/v2\/users\/2"}],"replies":[{"embeddable":true,"href":"https:\/\/mersingazetesi.com\/index.php\/wp-json\/wp\/v2\/comments?post=2331"}],"version-history":[{"count":0,"href":"https:\/\/mersingazetesi.com\/index.php\/wp-json\/wp\/v2\/posts\/2331\/revisions"}],"wp:attachment":[{"href":"https:\/\/mersingazetesi.com\/index.php\/wp-json\/wp\/v2\/media?parent=2331"}],"wp:term":[{"taxonomy":"category","embeddable":true,"href":"https:\/\/mersingazetesi.com\/index.php\/wp-json\/wp\/v2\/categories?post=2331"},{"taxonomy":"post_tag","embeddable":true,"href":"https:\/\/mersingazetesi.com\/index.php\/wp-json\/wp\/v2\/tags?post=2331"}],"curies":[{"name":"wp","href":"https:\/\/api.w.org\/{rel}","templated":true}]}}