{"id":2228,"date":"2021-11-23T11:50:10","date_gmt":"2021-11-23T08:50:10","guid":{"rendered":"http:\/\/mersin.mesiad.org\/index.php\/2021\/11\/23\/not-birakip-evden-ayrilan-adamdan-37-gundur-haber-yok\/"},"modified":"2021-11-23T11:50:10","modified_gmt":"2021-11-23T08:50:10","slug":"not-birakip-evden-ayrilan-adamdan-37-gundur-haber-yok","status":"publish","type":"post","link":"https:\/\/mersingazetesi.com\/index.php\/2021\/11\/23\/not-birakip-evden-ayrilan-adamdan-37-gundur-haber-yok\/","title":{"rendered":"Not b\u0131rak\u0131p evden ayr\u0131lan  adamdan 37 g\u00fcnd\u00fcr haber yok"},"content":{"rendered":"<p>Mersin\u2019in Mut il\u00e7esinde not b\u0131rakt\u0131ktan sonra evinden ayr\u0131lan adamdan 37 g\u00fcnd\u00fcr haber al\u0131nam\u0131yor.\u00a0<\/p>\n<p>\u0130l\u00e7eye ba\u011fl\u0131 \u00c7\u0131narl\u0131 Mahallesi&#8217;nde oturan ve 6 y\u0131ld\u0131r e\u015finden ayr\u0131 ya\u015fayan 2 \u00e7ocuk babas\u0131 Abit \u015ean (45), 23 May\u0131s&#8217;ta ayr\u0131ld\u0131\u011f\u0131 evine bir daha d\u00f6nmedi. 37 g\u00fcnd\u00fcr haber al\u0131namayan \u015ean t\u00fcm aramalara ra\u011fmen bulunamad\u0131.\u00a0<br \/>\nAbit \u015ean&#8217;\u0131n ye\u011feni Mehmet \u015ean, amcas\u0131n\u0131n eve b\u0131rakt\u0131\u011f\u0131 notta &#8220;Benim ba\u015f\u0131ma bir i\u015f gelirse isimlerini yazd\u0131\u011f\u0131m \u015fah\u0131slar sorumlu&#8221; yazd\u0131\u011f\u0131n\u0131 belirterek, &#8220;Evden giderken bir de ip alm\u0131\u015f. Amcam\u0131n durumundan endi\u015feliyiz yetkililerden yard\u0131m bekliyorum&#8221; dedi.\u00a0<br \/>\n\u015ean&#8217;\u0131n ablas\u0131 Ay\u015fe Sinan ise karde\u015fiyle kayboldu\u011fu g\u00fcn beraber yemek yediklerini s\u00f6yleyerek. &#8220;Yemekten sonra bizden ayr\u0131ld\u0131. O g\u00fcn ak\u015fam eve gelmedi. Tela\u015f i\u00e7erisinde kald\u0131m. Evine gitti\u011fimde hala yoktu. Bir g\u00fcn sonra kendine ait odas\u0131n\u0131 a\u00e7t\u0131\u011f\u0131mda masa \u00fczerinde bir not vard\u0131. Ka\u011f\u0131d\u0131n yan\u0131nda da bir po\u015fet. Notta &#8216;benim ba\u015f\u0131ma bir i\u015f gelirse sorumlular\u0131 po\u015fet i\u00e7erisine yazd\u0131m. Ayr\u0131ld\u0131\u011f\u0131m e\u015fimle ilgili baz\u0131 deliller var po\u015fetle birlikte jandarmaya verin&#8217; yazm\u0131\u015f. Hemen jandarmaya haber verdim karde\u015fimin kay\u0131p oldu\u011funu s\u00f6yleyip b\u0131rakt\u0131\u011f\u0131 po\u015feti jandarmaya verdim. Karde\u015fimden o g\u00fcnden bu yana haber alam\u0131yorum. Yetkililerden karde\u015fimin bulunmas\u0131 i\u00e7in yard\u0131m bekliyorum\u201d \u015feklinde konu\u015ftu.\u00a0<br \/>\n\u00c7\u0131narl\u0131 Mahallesi Muhtar\u0131 Ya\u015far \u00d6zel ise, &#8220;Mahallemizde ikamet eden Abit \u015ean yakla\u015f\u0131k 37 g\u00fcnd\u00fcr kay\u0131p. Nerede oldu\u011funu bilemiyoruz. K\u00f6ye ge\u00e7enlerde jandarma ekipleri gelip arama yapt\u0131 ama bulamad\u0131lar&#8221; dedi. \u00a0(\u0130HA)<br \/>\n\u00a0<\/p>\n<p>\u0130HA<\/p>\n","protected":false},"excerpt":{"rendered":"<p>Mersin\u2019in Mut il\u00e7esinde not b\u0131rakt\u0131ktan sonra evinden ayr\u0131lan adamdan 37 g\u00fcnd\u00fcr haber al\u0131nam\u0131yor.\u00a0 \u0130l\u00e7eye ba\u011fl\u0131 \u00c7\u0131narl\u0131 Mahallesi&#8217;nde oturan ve 6 y\u0131ld\u0131r e\u015finden ayr\u0131 ya\u015fayan 2 \u00e7ocuk babas\u0131 Abit \u015ean (45), 23 May\u0131s&#8217;ta ayr\u0131ld\u0131\u011f\u0131 evine bir daha d\u00f6nmedi. 37 g\u00fcnd\u00fcr haber al\u0131namayan \u015ean t\u00fcm aramalara ra\u011fmen bulunamad\u0131.\u00a0 Abit \u015ean&#8217;\u0131n ye\u011feni Mehmet \u015ean, amcas\u0131n\u0131n eve b\u0131rakt\u0131\u011f\u0131 notta [&hellip;]<\/p>\n","protected":false},"author":2,"featured_media":0,"comment_status":"open","ping_status":"open","sticky":false,"template":"","format":"standard","meta":{"footnotes":""},"categories":[],"tags":[],"class_list":["post-2228","post","type-post","status-publish","format-standard","hentry"],"views":19,"_links":{"self":[{"href":"https:\/\/mersingazetesi.com\/index.php\/wp-json\/wp\/v2\/posts\/2228","targetHints":{"allow":["GET"]}}],"collection":[{"href":"https:\/\/mersingazetesi.com\/index.php\/wp-json\/wp\/v2\/posts"}],"about":[{"href":"https:\/\/mersingazetesi.com\/index.php\/wp-json\/wp\/v2\/types\/post"}],"author":[{"embeddable":true,"href":"https:\/\/mersingazetesi.com\/index.php\/wp-json\/wp\/v2\/users\/2"}],"replies":[{"embeddable":true,"href":"https:\/\/mersingazetesi.com\/index.php\/wp-json\/wp\/v2\/comments?post=2228"}],"version-history":[{"count":0,"href":"https:\/\/mersingazetesi.com\/index.php\/wp-json\/wp\/v2\/posts\/2228\/revisions"}],"wp:attachment":[{"href":"https:\/\/mersingazetesi.com\/index.php\/wp-json\/wp\/v2\/media?parent=2228"}],"wp:term":[{"taxonomy":"category","embeddable":true,"href":"https:\/\/mersingazetesi.com\/index.php\/wp-json\/wp\/v2\/categories?post=2228"},{"taxonomy":"post_tag","embeddable":true,"href":"https:\/\/mersingazetesi.com\/index.php\/wp-json\/wp\/v2\/tags?post=2228"}],"curies":[{"name":"wp","href":"https:\/\/api.w.org\/{rel}","templated":true}]}}