{"id":2206,"date":"2021-11-23T11:50:07","date_gmt":"2021-11-23T08:50:07","guid":{"rendered":"http:\/\/mersin.mesiad.org\/index.php\/2021\/11\/23\/aaya-gore-cumhur-ittifaki-kazandi\/"},"modified":"2021-11-23T11:50:07","modified_gmt":"2021-11-23T08:50:07","slug":"aaya-gore-cumhur-ittifaki-kazandi","status":"publish","type":"post","link":"https:\/\/mersingazetesi.com\/index.php\/2021\/11\/23\/aaya-gore-cumhur-ittifaki-kazandi\/","title":{"rendered":"AA\u2019YA G\u00d6RE CUMHUR \u0130TT\u0130FAKI KAZANDI"},"content":{"rendered":"<p>Cumhurba\u015fkan\u0131 Recep Tayyip Erdo\u011fan, se\u00e7im sonu\u00e7lar\u0131yla ilgili a\u00e7\u0131klamalarda bulundu.<br \/>\n24 Haziran se\u00e7imlerinin \u00fclkemiz ve milletimiz i\u00e7in hay\u0131rlara vesile olmas\u0131n\u0131 Allah&#8217;tan diliyorum.&#8221; diyen Cumhurba\u015fkan\u0131n Erdo\u011fan, &#8220;Se\u00e7imlerin gayriresmi sonu\u00e7lar\u0131 belli oldu. Buna g\u00f6re milletimiz \u015fahs\u0131m\u0131za cumhurba\u015fkanl\u0131\u011f\u0131 vazifesini ve y\u00fcr\u00fctme g\u00f6revini tevdi etti.&#8221; dedi.<\/p>\n<p>Cumhurba\u015fkan\u0131 Erdo\u011fan, &#8220;Sand\u0131k g\u00fcvenli\u011fi ve oy kullanma \u00f6zg\u00fcrl\u00fc\u011f\u00fc, T\u00fcrk demokrasinin g\u00fcc\u00fcn\u00fcn ifadesidir.&#8221; diyerek, &#8220;(Milletimiz) Cumhur \u0130ttifak\u0131&#8217;na ve AK Parti&#8217;ye Meclis \u00e7o\u011funlu\u011funu vermek suretiyle yasama g\u00f6revi konusunda \u00e7ok b\u00fcy\u00fck bir sorumluluk y\u00fckledi&#8221; \u015feklinde konu\u015ftu.<\/p>\n<p>&#8220;Se\u00e7imlerin \u00fclkemizin her yerinde b\u00fcy\u00fck bir olgunlukla tamamlanm\u0131\u015f olmas\u0131ndan ayr\u0131ca memnuniyet duyuyoruz.&#8221; ifadelerini kullanan Erdo\u011fan, &#8220;T\u00fcrkiye y\u00fczde 90&#8217;lara yakla\u015fan se\u00e7imlere kat\u0131l\u0131m oran\u0131yla t\u00fcm d\u00fcnyaya demokrasi dersi vermi\u015ftir.&#8221; dedi.<\/p>\n<p>Cumhurba\u015fkan\u0131 Erdo\u011fan, &#8220;Milletimin 24 Haziran demokrasi zaferini bir kez daha tebrik ediyorum.&#8221; ifadelerini kulland\u0131.<\/p>\n<p>&#8220;Hi\u00e7 kimsenin kendi ba\u015far\u0131s\u0131zl\u0131\u011f\u0131n\u0131 gizlemek i\u00e7in se\u00e7im sistemine ve sonu\u00e7lar\u0131na g\u00f6lge d\u00fc\u015f\u00fcrerek \u00fclkemiz demokrasisinin bu b\u00fcy\u00fck g\u00fcc\u00fcne zarar vermeyece\u011fini \u00fcmit ediyorum.&#8221; diyen Cumhurba\u015fkan\u0131 Erdo\u011fan, &#8220;Se\u00e7imlerin rekor kat\u0131lma sonu\u00e7lanm\u0131\u015f olmas\u0131n\u0131 milletimizin bize ve d\u00fcnyaya \u00e7ok \u00f6nemli bir mesaj\u0131 olarak g\u00f6r\u00fcyorum.&#8221; \u015feklinde konu\u015ftu.<br \/>\n\u00a0<br \/>\nErdo\u011fan, &#8220;Kendi \u00fclkelerindeki se\u00e7imlerde y\u00fczde 50&#8217;yi bulmayan kat\u0131l\u0131m oranlar\u0131yla ortaya \u00e7\u0131kan sonu\u00e7lar\u0131 demokratik kabul edip \u00fclkemize hala \u015fa\u015f\u0131 bakanlar\u0131, bu sonu\u00e7lar\u0131 \u00e7ok iyi okumaya davet ediyorum.&#8221; dedi.<\/p>\n<p>B\u00fcltendir<\/p>\n","protected":false},"excerpt":{"rendered":"<p>2018 Cumhurba\u015fkanl\u0131\u011f\u0131 ve milletvekili se\u00e7imleri i\u00e7in sand\u0131k ba\u015f\u0131na giden se\u00e7menler AA\u2019n\u0131n (Anadolu Ajans\u0131) a\u00e7\u0131klad\u0131\u011f\u0131 sonu\u00e7lar\u0131n y\u00fczde 97,3\u2019\u00fcne g\u00f6re Recep Tayyip Erdo\u011fan\u2019\u0131 yeniden Cumhurba\u015fkan\u0131 se\u00e7ti.<\/p>\n","protected":false},"author":2,"featured_media":0,"comment_status":"open","ping_status":"open","sticky":false,"template":"","format":"standard","meta":{"footnotes":""},"categories":[],"tags":[],"class_list":["post-2206","post","type-post","status-publish","format-standard","hentry"],"views":18,"_links":{"self":[{"href":"https:\/\/mersingazetesi.com\/index.php\/wp-json\/wp\/v2\/posts\/2206","targetHints":{"allow":["GET"]}}],"collection":[{"href":"https:\/\/mersingazetesi.com\/index.php\/wp-json\/wp\/v2\/posts"}],"about":[{"href":"https:\/\/mersingazetesi.com\/index.php\/wp-json\/wp\/v2\/types\/post"}],"author":[{"embeddable":true,"href":"https:\/\/mersingazetesi.com\/index.php\/wp-json\/wp\/v2\/users\/2"}],"replies":[{"embeddable":true,"href":"https:\/\/mersingazetesi.com\/index.php\/wp-json\/wp\/v2\/comments?post=2206"}],"version-history":[{"count":0,"href":"https:\/\/mersingazetesi.com\/index.php\/wp-json\/wp\/v2\/posts\/2206\/revisions"}],"wp:attachment":[{"href":"https:\/\/mersingazetesi.com\/index.php\/wp-json\/wp\/v2\/media?parent=2206"}],"wp:term":[{"taxonomy":"category","embeddable":true,"href":"https:\/\/mersingazetesi.com\/index.php\/wp-json\/wp\/v2\/categories?post=2206"},{"taxonomy":"post_tag","embeddable":true,"href":"https:\/\/mersingazetesi.com\/index.php\/wp-json\/wp\/v2\/tags?post=2206"}],"curies":[{"name":"wp","href":"https:\/\/api.w.org\/{rel}","templated":true}]}}