{"id":2202,"date":"2021-11-23T11:50:07","date_gmt":"2021-11-23T08:50:07","guid":{"rendered":"http:\/\/mersin.mesiad.org\/index.php\/2021\/11\/23\/hamide-bayirin-erkeklerin-sac-sakal-tirasini-yapmasi-herkesi-sasirtiyor\/"},"modified":"2021-11-23T11:50:07","modified_gmt":"2021-11-23T08:50:07","slug":"hamide-bayirin-erkeklerin-sac-sakal-tirasini-yapmasi-herkesi-sasirtiyor","status":"publish","type":"post","link":"https:\/\/mersingazetesi.com\/index.php\/2021\/11\/23\/hamide-bayirin-erkeklerin-sac-sakal-tirasini-yapmasi-herkesi-sasirtiyor\/","title":{"rendered":"Hamide Bay\u0131r&#8217;\u0131n erkeklerin sa\u00e7 sakal t\u0131ra\u015f\u0131n\u0131 yapmas\u0131 herkesi \u015fa\u015f\u0131rt\u0131yor"},"content":{"rendered":"<p>Mersin&#8217;de 4 y\u0131l \u00f6nce e\u015fi \u00e7\u0131rak bulamad\u0131\u011f\u0131 i\u00e7in berberlik mesle\u011fine ba\u015flayan Hamide Bay\u0131r&#8217;\u0131n yapt\u0131\u011f\u0131 sa\u00e7 sakal t\u0131ra\u015f\u0131, erkeklere ta\u015f \u00e7\u0131kart\u0131yor.\u00a0<br \/>\nMersin&#8217;in Ayd\u0131nc\u0131k il\u00e7esinde ya\u015fayan Hamide Bay\u0131r, e\u015fi Cemal Bay\u0131r&#8217;\u0131n berber d\u00fckkanlar\u0131na \u00e7\u0131rak bulamamas\u0131ndan dolay\u0131 e\u015finin yan\u0131nda \u00e7al\u0131\u015fmaya ba\u015flad\u0131. \u0130l\u00e7ede yakla\u015f\u0131k 4 y\u0131ld\u0131r erkek berberli\u011fi yapan Bay\u0131r, ilk ba\u015flarda yad\u0131rgansa da \u015fimdi herkes taraf\u0131ndan bilinen bir berber oldu. \u00d6zel m\u00fc\u015fterileri olan Bay\u0131r, erkek berberli\u011finin zor olmad\u0131\u011f\u0131n\u0131 aksine \u00e7ok kolay oldu\u011funu kaydetti.\u00a0<\/p>\n<p>&#8220;\u00c7\u0131rak ba\u015flad\u0131m, usta oldum&#8221;<br \/>\n\u00a0<br \/>\nBerberli\u011fe nas\u0131l ba\u015flad\u0131\u011f\u0131n\u0131 anlatan Bay\u0131r, &#8220;E\u015fim \u00e7\u0131rak bulamay\u0131nca ben \u00e7\u0131rak olmaya karar verdim. \u0130\u015fime k\u0131sa s\u00fcrede al\u0131\u015f\u0131p usta oldum. Sa\u00e7 sakal t\u0131ra\u015f\u0131 yap\u0131yorum. A\u011fda, maske yapabiliyorum. \u0130nsanlar ilk ba\u015flarda yad\u0131rgam\u0131\u015ft\u0131 ama \u015fimdi herkes al\u0131\u015ft\u0131. Art\u0131k m\u00fc\u015fteriler daha \u00e7ok geliyor. Gelen \u00f6nce \u015fa\u015f\u0131r\u0131yor sonra normal kar\u015f\u0131l\u0131yor&#8221; dedi.\u00a0<\/p>\n<p>&#8220;Bayan \u00e7al\u0131\u015fan say\u0131s\u0131 artabilir&#8221;<br \/>\n\u00a0<br \/>\nBerberlerde daha fazla bayan \u00e7al\u0131\u015fabilece\u011fini belirten s\u00f6yleyen Bay\u0131r, &#8220;\u0130nsanlar\u0131m\u0131z yenili\u011fe her zaman a\u00e7\u0131k. Bu duruma al\u0131\u015fmalar\u0131n\u0131 istiyorum. \u0130lk gelince &#8216;erkek kuaf\u00f6r\u00fc m\u00fc bayan kuaf\u00f6r\u00fc m\u00fc&#8217; diye \u015fa\u015f\u0131r\u0131p tedirginlik duyan m\u00fc\u015fteriler oluyor. T\u0131ra\u015f olduktan sonra ise te\u015fekk\u00fcr eden m\u00fc\u015fterilerimizin say\u0131s\u0131 fazla. Bence berberlerde \u00e7al\u0131\u015fan bayan say\u0131s\u0131 daha fazla olmal\u0131. \u00c7\u00fcnk\u00fc kad\u0131n kuaf\u00f6rlerinde erkekler \u00e7al\u0131\u015f\u0131yor. Hatta daha iyi yap\u0131yorlar. Bizler de erkek berberlerinde \u00e7al\u0131\u015fabiliriz&#8221; ifadelerini kulland\u0131.\u00a0<\/p>\n<p>&#8220;\u00d6zel m\u00fc\u015fterileri var&#8221;<br \/>\n\u00a0<br \/>\nE\u015finin hayattaki en b\u00fcy\u00fck yard\u0131mc\u0131s\u0131 oldu\u011funu kaydeden Cemal Bay\u0131r ise &#8220;Yan\u0131mda \u00e7\u0131rak olarak ba\u015flad\u0131 ama k\u0131sa s\u00fcrede usta oldu. Hayatlar\u0131m\u0131z\u0131 birle\u015ftirdi\u011fimiz andan itibaren e\u015fim benim en b\u00fcy\u00fck yard\u0131mc\u0131m oldu. En zor zaman\u0131m\u0131zda hi\u00e7 \u00e7ekinmeden, \u00e7\u0131rak oldu. Eli de \u00e7ok yatk\u0131n oldu\u011fu i\u00e7in i\u015fi \u00e7abuk kapt\u0131. \u015eimdi \u00f6zel m\u00fc\u015fterileri var. \u0130\u015fini severek yap\u0131yor. Erkek berberlere ta\u015f \u00e7\u0131kart\u0131yor diyebiliriz&#8221; \u015feklinde konu\u015ftu.\u00a0<\/p>\n<p>&#8220;Berberimizden memnunuz&#8221;<br \/>\n\u00a0<br \/>\nHamide Bay\u0131r&#8217;\u0131n s\u00fcrekli m\u00fc\u015fterisi olan Kadri Canbaz, &#8220;Bay\u0131r&#8217;\u0131 berberde ilk g\u00f6rd\u00fc\u011f\u00fcmde &#8216;yanl\u0131\u015f m\u0131 geldim&#8217; diye d\u00fc\u015f\u00fcnm\u00fc\u015ft\u00fcm. Sonradan al\u0131\u015ft\u0131m ve s\u00fcrekli m\u00fc\u015fterisi oldum. Her \u015feyden \u00f6nce bir esnaf\u0131n olmas\u0131 gerekti\u011fi gibi g\u00fcler y\u00fczl\u00fc. Bir\u00e7ok arkada\u015f\u0131mla birlikte ben burada t\u0131ra\u015f oluyorum. Hatta baz\u0131 muhtarlar\u0131m\u0131z da buraya geliyor. Biz berberimizden memnunuz&#8221; dedi. \u00a0<\/p>\n<p>\u0130HA<\/p>\n","protected":false},"excerpt":{"rendered":"<p>Mersin&#8217;de 4 y\u0131l \u00f6nce e\u015fi \u00e7\u0131rak bulamad\u0131\u011f\u0131 i\u00e7in berberlik mesle\u011fine ba\u015flayan Hamide Bay\u0131r&#8217;\u0131n erkeklerin sa\u00e7 sakal t\u0131ra\u015f\u0131n\u0131 yapmas\u0131 herkesi \u015fa\u015f\u0131rt\u0131yor.<\/p>\n","protected":false},"author":2,"featured_media":0,"comment_status":"open","ping_status":"open","sticky":false,"template":"","format":"standard","meta":{"footnotes":""},"categories":[],"tags":[],"class_list":["post-2202","post","type-post","status-publish","format-standard","hentry"],"views":24,"_links":{"self":[{"href":"https:\/\/mersingazetesi.com\/index.php\/wp-json\/wp\/v2\/posts\/2202","targetHints":{"allow":["GET"]}}],"collection":[{"href":"https:\/\/mersingazetesi.com\/index.php\/wp-json\/wp\/v2\/posts"}],"about":[{"href":"https:\/\/mersingazetesi.com\/index.php\/wp-json\/wp\/v2\/types\/post"}],"author":[{"embeddable":true,"href":"https:\/\/mersingazetesi.com\/index.php\/wp-json\/wp\/v2\/users\/2"}],"replies":[{"embeddable":true,"href":"https:\/\/mersingazetesi.com\/index.php\/wp-json\/wp\/v2\/comments?post=2202"}],"version-history":[{"count":0,"href":"https:\/\/mersingazetesi.com\/index.php\/wp-json\/wp\/v2\/posts\/2202\/revisions"}],"wp:attachment":[{"href":"https:\/\/mersingazetesi.com\/index.php\/wp-json\/wp\/v2\/media?parent=2202"}],"wp:term":[{"taxonomy":"category","embeddable":true,"href":"https:\/\/mersingazetesi.com\/index.php\/wp-json\/wp\/v2\/categories?post=2202"},{"taxonomy":"post_tag","embeddable":true,"href":"https:\/\/mersingazetesi.com\/index.php\/wp-json\/wp\/v2\/tags?post=2202"}],"curies":[{"name":"wp","href":"https:\/\/api.w.org\/{rel}","templated":true}]}}