{"id":2164,"date":"2021-11-23T11:50:02","date_gmt":"2021-11-23T08:50:02","guid":{"rendered":"http:\/\/mersin.mesiad.org\/index.php\/2021\/11\/23\/karamanda-otobus-devrildi-3-olu-40-yarali\/"},"modified":"2021-11-23T11:50:02","modified_gmt":"2021-11-23T08:50:02","slug":"karamanda-otobus-devrildi-3-olu-40-yarali","status":"publish","type":"post","link":"https:\/\/mersingazetesi.com\/index.php\/2021\/11\/23\/karamanda-otobus-devrildi-3-olu-40-yarali\/","title":{"rendered":"Karaman&#8217;da otob\u00fcs devrildi: 3 \u00f6l\u00fc, 40 yaral\u0131"},"content":{"rendered":"<p>Kaza, saat 21.10 s\u0131ralar\u0131nda Karaman Mersin Karayolunun 26. kilometresi Sertavul mevkisinde meydana geldi. Edinilen bilgiye g\u00f6re, Mersin\u2019den Karaman istikametine seyir halinde olan 42 ER 169 plakal\u0131 yolcu otob\u00fcs\u00fc, havan\u0131n ya\u011f\u0131\u015fl\u0131 ve zeminin kaygan olmas\u0131 sebebiyle s\u00fcr\u00fcc\u00fcn\u00fcn direksiyon hakimiyetini kaybetmesi sonucu kontrolden \u00e7\u0131karak devrildi. Kazada, ilk belirlemelere g\u00f6re yolculardan 3 ki\u015fi olay yerinde hayat\u0131n\u0131 kaybederken, 4\u2019\u00fc a\u011f\u0131r 40 ki\u015fi yaraland\u0131. Kazan\u0131n ard\u0131ndan \u00e7ok say\u0131da ambulans ve polis ekibi olay yerine sevk edildi. Kazada yaralananlar ambulanslarla Karaman ve Mersin\u2019in il\u00e7esindeki hastanelere kald\u0131r\u0131larak tedavi alt\u0131na al\u0131nd\u0131. Yaral\u0131lardan 4\u2019\u00fcn\u00fcn durumunun a\u011f\u0131r oldu\u011fu belirtildi.<br \/>\n\u00a0<br \/>\nKaraman Valisi Fahri Meral de kaza yerine gelerek incelemelerde bulundu ve bilgi ald\u0131. Vali Meral, kazan\u0131n saat 21.10 s\u0131ralar\u0131nda meydana geldi\u011fini belirterek, \u201cGaziantep\u2019ten \u0130zmir\u2019e giden bir yolcu otob\u00fcs\u00fcm\u00fcz Sertavul mevkisinde havan\u0131n ya\u011f\u0131\u015fl\u0131 olmas\u0131 sebebiyle devrildi. 40 yaral\u0131m\u0131z var. Bunlardan 4 tanesinin durumu a\u011f\u0131r. 3 tanesi olay yerinde hayat\u0131n\u0131 kaybetti. 46\u2019s\u0131 yolcu 2 tane \u015fof\u00f6r, 1 tane de muavin var. Toplam 49 ki\u015fi bize gelen bilgiler. Yaral\u0131lar\u0131m\u0131z\u0131n Karaman ve Mut\u2019taki hastanelerde tedavileri s\u00fcr\u00fcyor\u201d dedi.\u00a0<\/p>\n<p>\u00a0Karaman\u2019daki otob\u00fcs kazas\u0131nda \u00f6len 3 ki\u015finin kimli\u011fi belirlendi\u00a0<\/p>\n<p>Karaman&#8217;daki yolcu otob\u00fcs\u00fc kazas\u0131nda hayat\u0131n\u0131 kaybeden 3 yolcunun kimli\u011fi belirlenirken, yaral\u0131 say\u0131s\u0131n\u0131n da 47 oldu\u011fu a\u00e7\u0131kland\u0131.\u00a0<\/p>\n<p>Edinilen bilgiye g\u00f6re, Al\u0131nan Celal \u00d6. y\u00f6netimindeki 42 ER 169 plakal\u0131 yolcu otob\u00fcs\u00fc, Mersin\u2019den Karaman\u2019 a gelirken, Sertavul ge\u00e7idinde, sa\u011fanak nedeniyle kayganla\u015fan yolda s\u00fcr\u00fcc\u00fcn\u00fcn direksiyon hakimiyetini kaybetmesi sonucu kontrolden \u00e7\u0131karak devrildi. Kazada, 3 yolcu olay yerinde hayat\u0131n\u0131 kaybederken, 47 ki\u015fi de yaraland\u0131. Yaral\u0131lar ambulanslarla ve \u00f6zel ara\u00e7larla kald\u0131r\u0131ld\u0131klar\u0131 Karaman Devlet Hastanesi ile \u00f6zel hastanelerde tedavi alt\u0131na al\u0131nd\u0131. Olay yerinde hayat\u0131n\u0131 kaybeden ve cenazeleri Karaman Devlet Hastanesi morguna kald\u0131r\u0131lan yolcular\u0131n isimleri ise Rukiye Ertan (26), Sultan S\u00f6ylemez (26) ve Hatice Yald\u0131z (28)i oldu\u011fu a\u00e7\u0131kland\u0131.\u00a0<br \/>\nKazayla ilgili soru\u015fturma devam ediyor. \u00a0<\/p>\n<p>\u0130HA<\/p>\n","protected":false},"excerpt":{"rendered":"<p>Karaman\u2019da yolcu otob\u00fcs\u00fcn\u00fcn devrilmesi sonucu 3 ki\u015fi hayat\u0131n\u0131 kaybetti, 4\u2019\u00fc a\u011f\u0131r 40 ki\u015fi yaraland\u0131.<\/p>\n","protected":false},"author":2,"featured_media":0,"comment_status":"open","ping_status":"open","sticky":false,"template":"","format":"standard","meta":{"footnotes":""},"categories":[],"tags":[],"class_list":["post-2164","post","type-post","status-publish","format-standard","hentry"],"views":15,"_links":{"self":[{"href":"https:\/\/mersingazetesi.com\/index.php\/wp-json\/wp\/v2\/posts\/2164","targetHints":{"allow":["GET"]}}],"collection":[{"href":"https:\/\/mersingazetesi.com\/index.php\/wp-json\/wp\/v2\/posts"}],"about":[{"href":"https:\/\/mersingazetesi.com\/index.php\/wp-json\/wp\/v2\/types\/post"}],"author":[{"embeddable":true,"href":"https:\/\/mersingazetesi.com\/index.php\/wp-json\/wp\/v2\/users\/2"}],"replies":[{"embeddable":true,"href":"https:\/\/mersingazetesi.com\/index.php\/wp-json\/wp\/v2\/comments?post=2164"}],"version-history":[{"count":0,"href":"https:\/\/mersingazetesi.com\/index.php\/wp-json\/wp\/v2\/posts\/2164\/revisions"}],"wp:attachment":[{"href":"https:\/\/mersingazetesi.com\/index.php\/wp-json\/wp\/v2\/media?parent=2164"}],"wp:term":[{"taxonomy":"category","embeddable":true,"href":"https:\/\/mersingazetesi.com\/index.php\/wp-json\/wp\/v2\/categories?post=2164"},{"taxonomy":"post_tag","embeddable":true,"href":"https:\/\/mersingazetesi.com\/index.php\/wp-json\/wp\/v2\/tags?post=2164"}],"curies":[{"name":"wp","href":"https:\/\/api.w.org\/{rel}","templated":true}]}}