{"id":2162,"date":"2021-11-23T11:50:02","date_gmt":"2021-11-23T08:50:02","guid":{"rendered":"http:\/\/mersin.mesiad.org\/index.php\/2021\/11\/23\/katledilen-kopek-icin-hayvanseverlerden-tepki-eylemi\/"},"modified":"2021-11-23T11:50:02","modified_gmt":"2021-11-23T08:50:02","slug":"katledilen-kopek-icin-hayvanseverlerden-tepki-eylemi","status":"publish","type":"post","link":"https:\/\/mersingazetesi.com\/index.php\/2021\/11\/23\/katledilen-kopek-icin-hayvanseverlerden-tepki-eylemi\/","title":{"rendered":"Katledilen k\u00f6pek i\u00e7in hayvanseverlerden tepki eylemi"},"content":{"rendered":"<p>Mersinli yakla\u015f\u0131k 100 hayvansever, k\u00f6pekleriyle birlikte bir al\u0131\u015fveri\u015f merkezi \u00f6n\u00fcnde toplanarak Sapanca&#8217;daki olaya tepki g\u00f6sterdi. Yakla\u015f\u0131k 1 dakika boyunca alk\u0131\u015fl\u0131 eylem yapan hayvanseverler, olay\u0131 ger\u00e7ekle\u015ftiren canilerin yakalanmas\u0131n\u0131 istedi. Baz\u0131 hayvanseverler g\u00f6zya\u015f\u0131na hakim olamad\u0131.\u00a0<br \/>\nHayvanseverlerden Canan Kaya, devletten yard\u0131m istedi\u011fini belirterek, &#8220;Bayram\u0131n birinci g\u00fcn\u00fc haberleri takip ettim, \u00e7ok \u00fcz\u00fcld\u00fcm. Ben bu insanlarla ayn\u0131 memlekette hava almak istemiyorum. O kadar bo\u015f insanlar var ki, biz bu canlara kol kanat gerebiliriz. Bir \u015feyler yap\u0131labilir. Yani bir tek bar\u0131naklar yetmiyor. Herkes sokaklardan bir kedi, bir k\u00f6pek alabilir&#8221; dedi.\u00a0<\/p>\n<p>&#8220;Ger\u00e7ekten i\u00e7im c\u0131zl\u0131yor&#8221;\u00a0<\/p>\n<p>Bir vatanda\u015f olarak elinden bir \u015fey gelmedi\u011fini s\u00f6yleyen Kaya, &#8220;Neden insanlar bu kadar canile\u015fiyor. Sen patileri kes sonra ormana at. Hangi egonu tatmin ettin ya? Ya da bir k\u00f6pekle tecav\u00fcze giriyorsun be arkada\u015f, hangi egonu tatmin ediyorsun? Ger\u00e7ekten i\u00e7im c\u0131zl\u0131yor. Sesimi nas\u0131l duyuraca\u011f\u0131m\u0131 bilmiyorum. Art\u0131k elimden evdeki canlar\u0131ma bakmaktan ba\u015fka bir \u015fey gelmiyor. Kediye k\u00f6pe\u011fe yap\u0131lan eziyetleri ben g\u00f6stereyim size. Ben ne yapaca\u011f\u0131m\u0131 \u015fa\u015f\u0131rd\u0131m. Ben rahat de\u011filim. O can\u0131n patileri gitti. Ya\u015famaya hakk\u0131 yok mu?&#8221; ifadelerini kulland\u0131. \u00a0<\/p>\n<p>\u0130HA<\/p>\n","protected":false},"excerpt":{"rendered":"<p>Sakarya&#8217;n\u0131n Sapanca il\u00e7esinde ormanl\u0131k alanda patileri kesilmi\u015f halde bulunan ve hayat\u0131n\u0131 kaybeden yavru k\u00f6pek i\u00e7in Mersinli hayvanseverler tepki eylemi ger\u00e7ekle\u015ftirdi. Hayvanseverler, T\u00fcrkiye&#8217;yi vah\u015fete d\u00fc\u015f\u00fcren olayla ilgili zanl\u0131lar\u0131n yakalan\u0131p gereken cezay\u0131 almas\u0131n\u0131 istedi.<\/p>\n","protected":false},"author":2,"featured_media":0,"comment_status":"open","ping_status":"open","sticky":false,"template":"","format":"standard","meta":{"footnotes":""},"categories":[],"tags":[],"class_list":["post-2162","post","type-post","status-publish","format-standard","hentry"],"views":20,"_links":{"self":[{"href":"https:\/\/mersingazetesi.com\/index.php\/wp-json\/wp\/v2\/posts\/2162","targetHints":{"allow":["GET"]}}],"collection":[{"href":"https:\/\/mersingazetesi.com\/index.php\/wp-json\/wp\/v2\/posts"}],"about":[{"href":"https:\/\/mersingazetesi.com\/index.php\/wp-json\/wp\/v2\/types\/post"}],"author":[{"embeddable":true,"href":"https:\/\/mersingazetesi.com\/index.php\/wp-json\/wp\/v2\/users\/2"}],"replies":[{"embeddable":true,"href":"https:\/\/mersingazetesi.com\/index.php\/wp-json\/wp\/v2\/comments?post=2162"}],"version-history":[{"count":0,"href":"https:\/\/mersingazetesi.com\/index.php\/wp-json\/wp\/v2\/posts\/2162\/revisions"}],"wp:attachment":[{"href":"https:\/\/mersingazetesi.com\/index.php\/wp-json\/wp\/v2\/media?parent=2162"}],"wp:term":[{"taxonomy":"category","embeddable":true,"href":"https:\/\/mersingazetesi.com\/index.php\/wp-json\/wp\/v2\/categories?post=2162"},{"taxonomy":"post_tag","embeddable":true,"href":"https:\/\/mersingazetesi.com\/index.php\/wp-json\/wp\/v2\/tags?post=2162"}],"curies":[{"name":"wp","href":"https:\/\/api.w.org\/{rel}","templated":true}]}}