{"id":2160,"date":"2021-11-23T11:50:02","date_gmt":"2021-11-23T08:50:02","guid":{"rendered":"http:\/\/mersin.mesiad.org\/index.php\/2021\/11\/23\/iyiligin-egemen-oldugu-bir-dunyaya-butun-insanligin-ihtiyaci-vardir\/"},"modified":"2021-11-23T11:50:02","modified_gmt":"2021-11-23T08:50:02","slug":"iyiligin-egemen-oldugu-bir-dunyaya-butun-insanligin-ihtiyaci-vardir","status":"publish","type":"post","link":"https:\/\/mersingazetesi.com\/index.php\/2021\/11\/23\/iyiligin-egemen-oldugu-bir-dunyaya-butun-insanligin-ihtiyaci-vardir\/","title":{"rendered":"\u0130yili\u011fin Egemen Oldu\u011fu Bir D\u00fcnyaya B\u00fct\u00fcn \u0130nsanl\u0131\u011f\u0131n \u0130htiyac\u0131 Vard\u0131r"},"content":{"rendered":"<p>Abdulla \u00c7elik yapt\u0131\u011f\u0131 a\u00e7\u0131klamada: \u201c\u0130badet, dayanma, direnme, g\u00fcnahlardan ar\u0131nma ve yard\u0131mla\u015fma ile ge\u00e7en Ramazan ay\u0131, bayramla ta\u00e7land\u0131. Bayramda ya\u015fanacak co\u015fku ve karde\u015flik ikliminin \u00fclkemize ve \u0130sl\u00e2m co\u011frafyas\u0131na yay\u0131lmas\u0131n\u0131, bu g\u00fczel g\u00fcnlerin, ac\u0131 ve s\u0131k\u0131nt\u0131lar\u0131n son bulaca\u011f\u0131 ger\u00e7ek bayramlar \u00f6zlemi ve duas\u0131yla her t\u00fcrl\u00fc hayra vesile olmas\u0131n\u0131 diliyoruz.\u201d diye konu\u015ftu.<\/p>\n<p>\u201cBayram, \u0130sl\u00e2m bar\u0131\u015f\u0131n\u0131n, yayg\u0131n iyilik ve karde\u015flik duygular\u0131yla hayat\u0131 etkiledi\u011fi sevin\u00e7 g\u00fcnleridir.\u201d<\/p>\n<p>\u00c7elik: \u201cSevgi, sayg\u0131, muhabbet ve dayan\u0131\u015fman\u0131n esas oldu\u011fu bug\u00fcnlerde, darg\u0131nl\u0131\u011fa, k\u0131rg\u0131nl\u0131\u011fa, \u00f6fkeye, husumete yer yoktur. Bu inanman\u0131n, kul olman\u0131n ruhumuza yay\u0131lan, oradan \u00e7evremize ta\u015fan serinli\u011fi, sel\u00e2metidir. \u0130yili\u011fin, g\u00fczelli\u011fin ya\u015fanarak egemen oldu\u011fu b\u00f6yle bir d\u00fcnyaya, sadece bizim de\u011fil, b\u00fct\u00fcn insanl\u0131\u011f\u0131n ihtiyac\u0131 vard\u0131r.\u00a0<br \/>\nBir ay boyunca her t\u00fcrl\u00fc k\u00f6t\u00fcl\u00fc\u011f\u00fcn, sapt\u0131rman\u0131n, k\u0131\u015fk\u0131rtman\u0131n, zaaf\u0131n s\u0131nanmas\u0131ndan ge\u00e7en M\u00fcsl\u00fcmanlar, karde\u015fli\u011fi, dostlu\u011fu, bar\u0131\u015f\u0131, ho\u015fg\u00f6r\u00fcy\u00fc t\u00fcm bireysel, toplumsal boyut ve etkileriyle ya\u015fan\u0131r k\u0131lm\u0131\u015ft\u0131r.\u00a0<br \/>\nB\u00fct\u00fcn olumsuz \u015fartlara ra\u011fmen bayram, eksilmeyen, hep taze, diri kalan umutla, yar\u0131n\u0131n daha iyi olaca\u011f\u0131 co\u015fkusunu \u00e7o\u011faltarak ya\u015famak, yayg\u0131nla\u015ft\u0131rmakt\u0131r. Bug\u00fcn Suriye\u2019den Filistin\u2019e, Do\u011fu T\u00fcrkistan\u2019dan Arakan\u2019a kadar \u00fcmmet co\u011frafyas\u0131n\u0131n, emperyalistlerin talan, y\u0131k\u0131m ve katliamlar\u0131 ile peri\u015fan olmas\u0131na ra\u011fmen, M\u00fcsl\u00fcmanlar, imanlar\u0131n\u0131n gere\u011fi olarak sab\u0131rla ve \u0131srarla hayata tutunmaktad\u0131r.\u201d diye belirtti.<\/p>\n<p>Abdulla \u00c7elik s\u00f6zlerini: \u201cHer \u015feye ra\u011fmen canl\u0131 kalan varolu\u015f iradesi, hi\u00e7bir olumsuzlu\u011fun yenemedi\u011fi iman seviyesi muhafaza edildi\u011fi s\u00fcrece, her durumda bayramlar bir umuttur. \u00c7\u00fcnk\u00fc bayramlar, nefsimizden ba\u015flayan ar\u0131nma ve direnme iradesinin ger\u00e7ek anlamda zafer co\u015fkusudur. Bu bayram, sembolik olarak bir ay, anlay\u0131\u015f ve hayat tarz\u0131na d\u00f6n\u00fc\u015fmesi itibar\u0131yla bir \u00f6m\u00fcr, Rabbimizin r\u0131zas\u0131 do\u011frultusunda nefsan\u00ee ve maddi bir\u00e7ok \u015feyden vazge\u00e7ebilenlerin hakk\u0131, m\u00fck\u00e2fat\u0131d\u0131r.\u201d diye vurgulad\u0131.<\/p>\n<p>\u201cM\u00fcsl\u00fcmanlar, k\u00fclfetini \u00e7ektikleri bir hayat\u0131n \u00fclfeti ile \u00f6d\u00fcllendirilmi\u015flerdir.\u201d<\/p>\n<p>\u00c7elik: \u201c\u015eeytan\u0131n t\u00fcm sald\u0131r\u0131lar\u0131na olgun ve onurluca g\u00f6\u011f\u00fcs gerenler, ger\u00e7ek zaferi, yani ger\u00e7ek bayram\u0131 hak edenlerdir.\u00a0<br \/>\n\u00dclkemizde ve b\u00fct\u00fcn \u0130sl\u00e2m co\u011frafyas\u0131nda, s\u00fcreklilik arz etmesi gereken bir dayan\u0131\u015fmaya duyulan ihtiyac\u0131n, olmak veya olmamak meselesine d\u00f6n\u00fc\u015ft\u00fc\u011f\u00fc bug\u00fcnlerde, daha ayd\u0131nl\u0131k bir gelecek umarak girdi\u011fimiz Ramazan Bayram\u0131\u2019n\u0131n aile ve akrabal\u0131k ba\u011flar\u0131m\u0131z\u0131n peki\u015fmesine, kom\u015fuluk ba\u011flar\u0131m\u0131z\u0131n g\u00fc\u00e7lenmesine, toplumsal olarak ili\u015fkilerimizin tahkim edilmesine; \u0130slam \u00e2leminde bar\u0131\u015fa ve huzura vesile olmas\u0131n\u0131; co\u011frafyam\u0131z\u0131n d\u00f6rt bir yan\u0131ndaki sava\u015f ve \u00e7at\u0131\u015fmalar\u0131 sonland\u0131rma ve esaret alt\u0131ndaki M\u00fcsl\u00fcmanlar\u0131n \u00f6zg\u00fcrle\u015fmesi f\u0131rsat\u0131na d\u00f6n\u00fc\u015fmesini diliyor; \u00fcyelerimizin, e\u011fitim \u00e7al\u0131\u015fanlar\u0131n\u0131n, milletimizin ve b\u00fct\u00fcn M\u00fcsl\u00fcmanlar\u0131n bayram\u0131n\u0131 tebrik ediyoruz.\u201d s\u00f6zleriyle a\u00e7\u0131klamas\u0131na son verdi.\u00a0<\/p>\n<p>FERHAT \u00c7EL\u0130K<\/p>\n","protected":false},"excerpt":{"rendered":"<p>Memur Sen Mersin \u0130l Ba\u015fkan\u0131 Abdulla \u00c7elik: \u201c\u0130sl\u00e2m bar\u0131\u015f\u0131n\u0131n iyilik ve karde\u015flik duygular\u0131yla hayat\u0131 etkiledi\u011fi sevin\u00e7 dolu g\u00fcnlerdir.\u201d dedi.<\/p>\n","protected":false},"author":2,"featured_media":0,"comment_status":"open","ping_status":"open","sticky":false,"template":"","format":"standard","meta":{"footnotes":""},"categories":[],"tags":[],"class_list":["post-2160","post","type-post","status-publish","format-standard","hentry"],"views":26,"_links":{"self":[{"href":"https:\/\/mersingazetesi.com\/index.php\/wp-json\/wp\/v2\/posts\/2160","targetHints":{"allow":["GET"]}}],"collection":[{"href":"https:\/\/mersingazetesi.com\/index.php\/wp-json\/wp\/v2\/posts"}],"about":[{"href":"https:\/\/mersingazetesi.com\/index.php\/wp-json\/wp\/v2\/types\/post"}],"author":[{"embeddable":true,"href":"https:\/\/mersingazetesi.com\/index.php\/wp-json\/wp\/v2\/users\/2"}],"replies":[{"embeddable":true,"href":"https:\/\/mersingazetesi.com\/index.php\/wp-json\/wp\/v2\/comments?post=2160"}],"version-history":[{"count":0,"href":"https:\/\/mersingazetesi.com\/index.php\/wp-json\/wp\/v2\/posts\/2160\/revisions"}],"wp:attachment":[{"href":"https:\/\/mersingazetesi.com\/index.php\/wp-json\/wp\/v2\/media?parent=2160"}],"wp:term":[{"taxonomy":"category","embeddable":true,"href":"https:\/\/mersingazetesi.com\/index.php\/wp-json\/wp\/v2\/categories?post=2160"},{"taxonomy":"post_tag","embeddable":true,"href":"https:\/\/mersingazetesi.com\/index.php\/wp-json\/wp\/v2\/tags?post=2160"}],"curies":[{"name":"wp","href":"https:\/\/api.w.org\/{rel}","templated":true}]}}