{"id":2126,"date":"2021-11-23T11:49:58","date_gmt":"2021-11-23T08:49:58","guid":{"rendered":"http:\/\/mersin.mesiad.org\/index.php\/2021\/11\/23\/iktidara-olan-inancimla-yeniden-aday-olmadim\/"},"modified":"2021-11-23T11:49:58","modified_gmt":"2021-11-23T08:49:58","slug":"iktidara-olan-inancimla-yeniden-aday-olmadim","status":"publish","type":"post","link":"https:\/\/mersingazetesi.com\/index.php\/2021\/11\/23\/iktidara-olan-inancimla-yeniden-aday-olmadim\/","title":{"rendered":"\u201c\u0130KT\u0130DARA OLAN \u0130NANCIMLA YEN\u0130DEN ADAY OLMADIM\u201d"},"content":{"rendered":"<p class=\"p1\"><span style=\"line-height: 1.6em;\">24.,25. ve 26. D\u00f6nemde CHP Mersin Milletvekili olarak g\u00f6rev yapan\u00a0 At\u0131c\u0131,\u00a0 13 il\u00e7eyi ziyaret ederek se\u00e7im \u00e7al\u0131\u015fmalar\u0131n\u0131 s\u00fcrd\u00fcrd\u00fc.<\/span><\/p>\n<p class=\"p2\">Gitti\u011fi il\u00e7elerde a\u00e7\u0131k hava toplant\u0131lar\u0131; esnaf, pazar ve kahvehane ziyaretleri yaparak vatanda\u015flara \u00fclkenin durumunu anlatan ve se\u00e7imler hakk\u0131nda bilgi veren At\u0131c\u0131, zaman zaman da radyo ve TV programlar\u0131na konuk olarak Mersin\u2019deki t\u00fcm yurtta\u015flara ula\u015fmaya \u00e7al\u0131\u015f\u0131yor.\u00a0 Aytu\u011f At\u0131c\u0131, saha \u00e7al\u0131\u015fmalar\u0131nda toplumun b\u00fcy\u00fck bir kesiminin 16 y\u0131ld\u0131r iktidarda olan AKP\u2019den b\u00fcy\u00fck rahats\u0131zl\u0131k duydu\u011funu ve farkl\u0131 aray\u0131\u015flar i\u00e7inde oldu\u011funu g\u00f6rd\u00fc\u011f\u00fcn\u00fc belirtti.<\/p>\n<p class=\"p3\">\u00a0<\/p>\n<p class=\"p2\">Silifke Atakent\u2019teki a\u00e7\u0131k hava toplant\u0131lar\u0131nda halkla seslenen Aytu\u011f At\u0131c\u0131, \u201cAKP gitmemek i\u00e7in elinden gelen her \u015feyi yapacak olan bir parti. Gerekti\u011finde \u2018belediyelere i\u015f\u00e7i alaca\u011f\u0131m\u2019 diyerek adeta r\u00fc\u015fvet da\u011f\u0131tt\u0131\u011f\u0131 alg\u0131s\u0131 yaratan; gerekti\u011finde \u2018e\u011fer oy vermezseniz hepinizi i\u015ften \u00e7\u0131kart\u0131r\u0131m\u2019 diyerek tehdit alg\u0131s\u0131 yaratan; gerekti\u011finde y\u00fcce dinimizi ve milli duygular\u0131m\u0131z\u0131, baz\u0131 \u0131rksal ve mezhepsel de\u011ferlerimizi kullanmaktan \u00e7ekinmeyen; \u00e7aresiz kald\u0131\u011f\u0131nda ise m\u00fch\u00fcrs\u00fcz oylar\u0131 ge\u00e7erli sayd\u0131rarak devletimize de su\u00e7 i\u015fletmekten geri durmayanlara halk\u0131m\u0131z gereken dersi sand\u0131kta verecektir. Bunun i\u00e7in hepimizin \u00e7ok \u00e7al\u0131\u015fmas\u0131 gerekiyor. Sizlerin bizim gibi il\u00e7e il\u00e7e gezmenize gerek yok.\u201d dedi.<\/p>\n<p class=\"p4\">\u00a0<\/p>\n<p class=\"p5\"><b>TAYY\u0130P ERDO\u011eAN GER\u00c7EK M\u0130LL\u0130YET\u00c7\u0130LERDEN OY ALAMAZ<\/b><\/p>\n<p class=\"p6\">\u00a0<\/p>\n<p class=\"p2\">At\u0131c\u0131, \u201cNe \u00e7are ki MHP\u2019nin genel ba\u015fkan\u0131 AKP\u2019yle birle\u015fti, MHP i\u00e7inde yeni bir ak\u0131m ba\u015flad\u0131. \u201cBiz babadan atadan MHP\u2019liyiz ba\u015fka partiyi g\u00f6rmeyiz diyen\u201d MHP\u2019liler partilerinin \u00fclk\u00fcc\u00fc bir Cumhurba\u015fkan\u0131 aday\u0131 olmad\u0131\u011f\u0131n\u0131n fark\u0131ndalar. Mersin\u2019in hangi il\u00e7esine gitsek milliyet\u00e7ili\u011fi ayaklar\u0131 alt\u0131na alan Tayyip Erdo\u011fan\u2019a oy vermeyeceklerini ifade ediyorlar.\u201d dedi:<\/p>\n<p class=\"p3\">\u00a0<\/p>\n<p class=\"p2\">At\u0131c\u0131: &#8220;Muharrem \u0130nce\u2019nin aday g\u00f6sterilmesiyle inan\u0131n umudum ikiye katland\u0131. Mitinglerini izliyorum, zaman zaman mitinglerine gidiyorum destek oluyorum. Sa\u011fl\u0131k konular\u0131n\u0131 konu\u015fuyoruz. Elimden geldi\u011fi kadar destek olmaya \u00e7al\u0131\u015f\u0131yorum. Mersin\u2019de co\u015fku olmas\u0131 normaldir. Burada 4 tane vekil \u00e7\u0131k\u0131yor. \u0130n\u015fallah bu d\u00f6nem 6\u2019y\u0131 \u00e7\u0131karaca\u011f\u0131z. Ancak Nev\u015fehir\u2019de, Aksaray\u2019da bir tane milletvekilimizin dahi olmad\u0131\u011f\u0131 yerlerde co\u015fku ve ilgi o kadar b\u00fcy\u00fck ki \u2018bu i\u015f art\u0131k tamam\u2019 diyoruz. 7 y\u0131l boyunca desteklerinizi hissettim. Hata yapm\u0131\u015f olabilirim insan\u0131m. Ama hi\u00e7bir zaman ba\u015f\u0131n\u0131z\u0131 \u00f6ne e\u011fdirmedim. Hi\u00e7bir zaman bu milletvekili bize yak\u0131\u015fmayan bir i\u015f yapt\u0131 dedirtmedim. Bunlar\u0131 sizinle beraber yapt\u0131m sizinle birlikte milletvekilli\u011finin keyfini ya\u015fad\u0131m, onurunu ya\u015fad\u0131m. Bu yetmezmi\u015f gibi ikinci d\u00f6nemde beni \u00f6n se\u00e7imden \u00e7\u0131kard\u0131n\u0131z. Size \u00e7ok minnettar\u0131m bana bu duyguyu da ya\u015fatt\u0131n\u0131z. \u00c7ocuklar\u0131ma b\u0131rakaca\u011f\u0131m en b\u00fcy\u00fck miras\u0131 verdiniz. Hakk\u0131n\u0131z\u0131 helal edin.&#8221; diyerek s\u00f6zlerine son noktay\u0131 koydu.<\/p>\n<p>AHMET Y\u0130\u011e\u0130T<\/p>\n","protected":false},"excerpt":{"rendered":"<p>Cumhuriyet Halk Partisi Mersin Milletvekili Prof. Dr. Aytu\u011f At\u0131c\u0131,  adayl\u0131k ba\u015fvurusu yapmad\u0131\u011f\u0131 halde Mersin\u2019i  gezerek vatanda\u015flardan Partisine ve Cumhurba\u015fkan\u0131 Aday\u0131 Muharrem \u0130nce\u2019ye oy istedi.<\/p>\n","protected":false},"author":2,"featured_media":0,"comment_status":"open","ping_status":"open","sticky":false,"template":"","format":"standard","meta":{"footnotes":""},"categories":[],"tags":[],"class_list":["post-2126","post","type-post","status-publish","format-standard","hentry"],"views":19,"_links":{"self":[{"href":"https:\/\/mersingazetesi.com\/index.php\/wp-json\/wp\/v2\/posts\/2126","targetHints":{"allow":["GET"]}}],"collection":[{"href":"https:\/\/mersingazetesi.com\/index.php\/wp-json\/wp\/v2\/posts"}],"about":[{"href":"https:\/\/mersingazetesi.com\/index.php\/wp-json\/wp\/v2\/types\/post"}],"author":[{"embeddable":true,"href":"https:\/\/mersingazetesi.com\/index.php\/wp-json\/wp\/v2\/users\/2"}],"replies":[{"embeddable":true,"href":"https:\/\/mersingazetesi.com\/index.php\/wp-json\/wp\/v2\/comments?post=2126"}],"version-history":[{"count":0,"href":"https:\/\/mersingazetesi.com\/index.php\/wp-json\/wp\/v2\/posts\/2126\/revisions"}],"wp:attachment":[{"href":"https:\/\/mersingazetesi.com\/index.php\/wp-json\/wp\/v2\/media?parent=2126"}],"wp:term":[{"taxonomy":"category","embeddable":true,"href":"https:\/\/mersingazetesi.com\/index.php\/wp-json\/wp\/v2\/categories?post=2126"},{"taxonomy":"post_tag","embeddable":true,"href":"https:\/\/mersingazetesi.com\/index.php\/wp-json\/wp\/v2\/tags?post=2126"}],"curies":[{"name":"wp","href":"https:\/\/api.w.org\/{rel}","templated":true}]}}