{"id":2113,"date":"2021-11-23T11:49:56","date_gmt":"2021-11-23T08:49:56","guid":{"rendered":"http:\/\/mersin.mesiad.org\/index.php\/2021\/11\/23\/tsg-stadi-mersin-millet-meydani-olsun\/"},"modified":"2021-11-23T11:49:56","modified_gmt":"2021-11-23T08:49:56","slug":"tsg-stadi-mersin-millet-meydani-olsun","status":"publish","type":"post","link":"https:\/\/mersingazetesi.com\/index.php\/2021\/11\/23\/tsg-stadi-mersin-millet-meydani-olsun\/","title":{"rendered":"TSG Stad\u0131 \u201cMersin  Millet Meydan\u0131\u201d olsun"},"content":{"rendered":"<p class=\"p1\">\u00a0<\/p>\n<p class=\"p3\">PROJEY\u0130 CUMHURBA\u015eKANI ERDO\u011eAN DA DESTEKLED\u0130<\/p>\n<p class=\"p4\">\u00a0<\/p>\n<p class=\"p1\">Bir y\u0131l\u0131 a\u015fk\u0131n s\u00fcredir \u015fehir g\u00fcndeminde olan ve kent meydan\u0131 yap\u0131lmas\u0131 beklenen TSG Stadyum&#8217;unda, TOK\u0130&#8217;nin arsan\u0131n yar\u0131s\u0131na sahip olmas\u0131 ve projeye izin vermemesi y\u00fcz\u00fcnden \u00e7al\u0131\u015fmalara ba\u015flanam\u0131yor!<\/p>\n<p class=\"p2\">\u00a0<\/p>\n<p class=\"p1\">Mersin B\u00fcy\u00fck\u015fehir Belediye Ba\u015fkan\u0131 Burhanettin Kocamaz, \u015eubat 2017&#8217;de Cumhurba\u015fkan\u0131 Recep Tayyip Erdo\u011fan&#8217;la yapt\u0131\u011f\u0131 bir g\u00f6r\u00fc\u015fmeyi bas\u0131n mensuplar\u0131na aktarm\u0131\u015f; Erdo\u011fan&#8217;\u0131n da projeyi destekledi\u011fini ifade etmi\u015fti. Kocamaz a\u00e7\u0131klamas\u0131nda \u015fu ifadelere yer vermi\u015fti: &#8220;Biz bir daha b\u00f6yle bir yeri Mersin&#8217;de bulamay\u0131z. O b\u00f6lgenin OYAK&#8217;a ait arsa ile birle\u015ftirilerek nefes al\u0131nacak bir kent meydan\u0131 olu\u015fturulmas\u0131 d\u00fc\u015f\u00fcncesindeyiz. Daha \u00f6nce oras\u0131 sit alan\u0131 olarak belirlenmi\u015fti. Koruma Kurulu daha sonra buran\u0131n sit alan\u0131 olmad\u0131\u011f\u0131na karar verdi. Stat yan\u0131ndaki kapal\u0131 salon, a\u00e7\u0131k futbol sahas\u0131 ve sahildeki Vak\u0131f Teras tesislerinin birle\u015ftirilerek nefes al\u0131nacak bir alan yarat\u0131lmas\u0131n\u0131 istiyoruz. Bu d\u00fc\u015f\u00fcncemiz Cumhurba\u015fkan\u0131m\u0131z Say\u0131n Recep Tayyip Erdo\u011fan taraf\u0131ndan da desteklendi.&#8221;<\/p>\n<p class=\"p2\">\u00a0<\/p>\n<p class=\"p3\">TOK\u0130 \u0130Z\u0130N VERM\u0130YOR!<\/p>\n<p class=\"p4\">\u00a0<\/p>\n<p class=\"p1\">TOK\u0130 2013 y\u0131l\u0131nda bir k\u0131sm\u0131n\u0131 2014 y\u0131l\u0131nda ise tamam\u0131n\u0131 devrald\u0131\u011f\u0131, Mersin halk\u0131 i\u00e7in sosyal bir alan de\u011feri ta\u015f\u0131yan TSG Stadyumu&#8217;nun kent meydan\u0131 yap\u0131lmas\u0131 i\u00e7in gerekli izni vermedi. Mersin B\u00fcy\u00fck\u015fehir Belediyesi 1\/25 bin \u00f6l\u00e7ekli naz\u0131m imar plan\u0131nda da ye\u015fil alan \u00f6ng\u00f6r\u00fcs\u00fc ile planlanan alan\u0131n, ne \u015fekilde de\u011ferlendirece\u011fi ise bilinmiyor. 24 Haziran se\u00e7imleri i\u00e7in bug\u00fcn saat 13.00&#8217;de TSG Stadyumu \u00f6n\u00fcnde se\u00e7meniyle bulu\u015facak olan Cumhurba\u015fkan\u0131 Erdo\u011fan&#8217;\u0131n, konu\u015fmas\u0131nda bu konuyu ele almas\u0131 ve Mersinliler\u2019e \u201cMersin Millet Meydan\u0131\u201d m\u00fcjdesi vermesi bekleniyor.<\/p>\n<p>FERHAT \u00c7EL\u0130K<\/p>\n","protected":false},"excerpt":{"rendered":"<p>Mersin&#8217;in merkezinde yer alan ve \u015fehrin haf\u0131zas\u0131 niteli\u011fi ta\u015f\u0131yan Tevfik S\u0131rr\u0131 G\u00fcr (TSG) Stadyumu&#8217;nun kent meydan\u0131 olmas\u0131 i\u00e7in gereken ad\u0131mlar \u00e7\u0131kar\u0131lan engeller nedeniyle at\u0131lam\u0131yor.<\/p>\n","protected":false},"author":2,"featured_media":0,"comment_status":"open","ping_status":"open","sticky":false,"template":"","format":"standard","meta":{"footnotes":""},"categories":[],"tags":[],"class_list":["post-2113","post","type-post","status-publish","format-standard","hentry"],"views":25,"_links":{"self":[{"href":"https:\/\/mersingazetesi.com\/index.php\/wp-json\/wp\/v2\/posts\/2113","targetHints":{"allow":["GET"]}}],"collection":[{"href":"https:\/\/mersingazetesi.com\/index.php\/wp-json\/wp\/v2\/posts"}],"about":[{"href":"https:\/\/mersingazetesi.com\/index.php\/wp-json\/wp\/v2\/types\/post"}],"author":[{"embeddable":true,"href":"https:\/\/mersingazetesi.com\/index.php\/wp-json\/wp\/v2\/users\/2"}],"replies":[{"embeddable":true,"href":"https:\/\/mersingazetesi.com\/index.php\/wp-json\/wp\/v2\/comments?post=2113"}],"version-history":[{"count":0,"href":"https:\/\/mersingazetesi.com\/index.php\/wp-json\/wp\/v2\/posts\/2113\/revisions"}],"wp:attachment":[{"href":"https:\/\/mersingazetesi.com\/index.php\/wp-json\/wp\/v2\/media?parent=2113"}],"wp:term":[{"taxonomy":"category","embeddable":true,"href":"https:\/\/mersingazetesi.com\/index.php\/wp-json\/wp\/v2\/categories?post=2113"},{"taxonomy":"post_tag","embeddable":true,"href":"https:\/\/mersingazetesi.com\/index.php\/wp-json\/wp\/v2\/tags?post=2113"}],"curies":[{"name":"wp","href":"https:\/\/api.w.org\/{rel}","templated":true}]}}