{"id":2083,"date":"2021-11-23T11:49:54","date_gmt":"2021-11-23T08:49:54","guid":{"rendered":"http:\/\/mersin.mesiad.org\/index.php\/2021\/11\/23\/ekranla-degil-akranla-buyusun-cocuklar-standina-buyuk-ilgi\/"},"modified":"2021-11-23T11:49:54","modified_gmt":"2021-11-23T08:49:54","slug":"ekranla-degil-akranla-buyusun-cocuklar-standina-buyuk-ilgi","status":"publish","type":"post","link":"https:\/\/mersingazetesi.com\/index.php\/2021\/11\/23\/ekranla-degil-akranla-buyusun-cocuklar-standina-buyuk-ilgi\/","title":{"rendered":"&#8216;Ekranla De\u011fil Akranla B\u00fcy\u00fcs\u00fcn \u00c7ocuklar&#8217; stand\u0131na b\u00fcy\u00fck ilgi"},"content":{"rendered":"<p><span style=\"font-size:16px;\"><span style=\"font-family: sans-serif; line-height: 20px; text-align: justify; background-color: rgb(242, 244, 245);\">Bir haftada y\u00fczlerce ki\u015finin ziyaret etti\u011fi stantta, aileler ve \u00e7ocuklara uzaman psikologlar taraf\u0131ndan rehberlik hizmeti veriliyor. El ilan\u0131 ve bro\u015f\u00fcrlerin de da\u011f\u0131t\u0131ld\u0131\u011f\u0131 stantta, \u00e7ocuklara k\u00fc\u00e7\u00fck ya\u015fta ekrana ba\u011f\u0131ml\u0131 olmalar\u0131n\u0131n zararlar\u0131 anlat\u0131l\u0131yor.\u00a0<\/span><br style=\"box-sizing: border-box; font-family: sans-serif; font-size: 14px; line-height: 20px; text-align: justify; background-color: rgb(242, 244, 245);\" \/><br \/>\n<span style=\"font-family: sans-serif; line-height: 20px; text-align: justify; background-color: rgb(242, 244, 245);\">\u0130l \u00c7ocuk Haklar\u0131 Koordinat\u00f6r\u00fc Mustafa Sar\u0131, Ramazan ay\u0131 sonuna kadar ak\u015famlar\u0131 kurulacak olan stand\u0131n amac\u0131n\u0131n, T\u00fcrkiye&#8217;de 81 ilde ba\u015flat\u0131lan &#8216;Ekranla De\u011fil Akranla B\u00fcy\u00fcs\u00fcn \u00c7ocuklar&#8217; projesini tan\u0131tmak oldu\u011funu s\u00f6yledi. B\u00f6ylesine \u00f6nemli bir projeyi halk\u0131n t\u00fcm kesimlerine duyurmay\u0131 ve kamuoyu duyarl\u0131l\u0131\u011f\u0131 olu\u015fturmay\u0131 hedeflediklerini kaydeden Sar\u0131, &#8220;\u00c7ocuklar\u0131m\u0131z gelece\u011fimizdir, onlar\u0131n sa\u011fl\u0131kl\u0131 bireyler olarak yeti\u015fmesi \u00f6nemlidir. \u00c7ocuklar\u0131m\u0131z\u0131n, gelece\u011fimizin teminat\u0131 oldu\u011funu unutmamal\u0131y\u0131z&#8221; dedi.\u00a0<\/span><\/span><\/p>\n<p>\u0130HA<\/p>\n","protected":false},"excerpt":{"rendered":"<p>Aile ve Sosyal Politikalar \u0130l M\u00fcd\u00fcrl\u00fc\u011f\u00fcnce, Mersin B\u00fcy\u00fck\u015fehir Belediyesi Ramazan etkinlikleri alan\u0131nda kurulan &#8220;Ekranla De\u011fil Akranla B\u00fcy\u00fcs\u00fcn \u00c7ocuklar&#8221; stand\u0131, b\u00fcy\u00fck ilgi g\u00f6r\u00fcyor.<\/p>\n","protected":false},"author":2,"featured_media":0,"comment_status":"open","ping_status":"open","sticky":false,"template":"","format":"standard","meta":{"footnotes":""},"categories":[],"tags":[],"class_list":["post-2083","post","type-post","status-publish","format-standard","hentry"],"views":23,"_links":{"self":[{"href":"https:\/\/mersingazetesi.com\/index.php\/wp-json\/wp\/v2\/posts\/2083","targetHints":{"allow":["GET"]}}],"collection":[{"href":"https:\/\/mersingazetesi.com\/index.php\/wp-json\/wp\/v2\/posts"}],"about":[{"href":"https:\/\/mersingazetesi.com\/index.php\/wp-json\/wp\/v2\/types\/post"}],"author":[{"embeddable":true,"href":"https:\/\/mersingazetesi.com\/index.php\/wp-json\/wp\/v2\/users\/2"}],"replies":[{"embeddable":true,"href":"https:\/\/mersingazetesi.com\/index.php\/wp-json\/wp\/v2\/comments?post=2083"}],"version-history":[{"count":0,"href":"https:\/\/mersingazetesi.com\/index.php\/wp-json\/wp\/v2\/posts\/2083\/revisions"}],"wp:attachment":[{"href":"https:\/\/mersingazetesi.com\/index.php\/wp-json\/wp\/v2\/media?parent=2083"}],"wp:term":[{"taxonomy":"category","embeddable":true,"href":"https:\/\/mersingazetesi.com\/index.php\/wp-json\/wp\/v2\/categories?post=2083"},{"taxonomy":"post_tag","embeddable":true,"href":"https:\/\/mersingazetesi.com\/index.php\/wp-json\/wp\/v2\/tags?post=2083"}],"curies":[{"name":"wp","href":"https:\/\/api.w.org\/{rel}","templated":true}]}}