{"id":2078,"date":"2021-11-23T11:49:54","date_gmt":"2021-11-23T08:49:54","guid":{"rendered":"http:\/\/mersin.mesiad.org\/index.php\/2021\/11\/23\/chp-yenisehir-orgutu-deniz-mahallesinde-yurttasla-bulustu\/"},"modified":"2024-06-11T21:47:49","modified_gmt":"2024-06-11T18:47:49","slug":"chp-yenisehir-orgutu-deniz-mahallesinde-yurttasla-bulustu","status":"publish","type":"post","link":"https:\/\/mersingazetesi.com\/index.php\/2021\/11\/23\/chp-yenisehir-orgutu-deniz-mahallesinde-yurttasla-bulustu\/","title":{"rendered":"CHP YEN\u0130\u015eEH\u0130R \u00d6RG\u00dcT\u00dc DEN\u0130Z MAHALLES\u0130\u2019NDE YURTTA\u015eLA BULU\u015eTU"},"content":{"rendered":"<p class=\"p1\"><span style=\"line-height: 1.6em;\">CHP Yeni\u015fehir \u0130l\u00e7e Kad\u0131n Kollar\u0131, gen\u00e7lik kollar\u0131 ve g\u00f6n\u00fcll\u00fclerle, \u00f6ncelikle mahalle muhtar\u0131n\u0131 ziyaret edip bilgi ald\u0131ktan sonra, esnaf ve kahvelerdeki yurtta\u015flarla 24 Haziran se\u00e7imlerinin \u00f6nemi ve \u00fclkedeki k\u00f6t\u00fc gidi\u015fi de\u011ferlendi. \u00a0<\/span><\/p>\n<p class=\"p3\">\u00a0<\/p>\n<p class=\"p2\">\u00d6zellikle y\u0131llarca AKP\u2019ye oy veren bir yurtta\u015f Ortado\u011fu\u2019da izlenen politikadan ve Arap \u00fclkelerine g\u00fcvenerek d\u0131\u015f politika yap\u0131lmas\u0131yla, Suriyeli s\u0131\u011f\u0131nmac\u0131lara verilen deste\u011fin T\u00fcrkiye Cumhuriyeti Vatanda\u015flar\u0131na verilmemesinden rahats\u0131zl\u0131\u011f\u0131n\u0131 i\u00e7tenlikle dile getirdi ve art\u0131k AKP\u2019ye oy vermeyece\u011fini ifade etti.\u00a0<\/p>\n<p class=\"p2\">Mahalledeki yurtta\u015flar\u0131n \u00e7o\u011funun art\u0131k TAMAM demesi art\u0131k T\u00fcrkiye\u2019de baz\u0131 \u015feylerin de\u011fi\u015fmeye ba\u015flad\u0131\u011f\u0131n\u0131 g\u00f6stermesi, CHP\u2019lileri demokrat ke\u015fifleri ad\u0131na \u00e7ok umutland\u0131rd\u0131. Ge\u00e7 saatlere kadar devam eden \u00e7al\u0131\u015fma sonucu CHP\u2019liler yorgunlu\u011fu unutup mutlu olarak sahadan ayr\u0131ld\u0131.<\/p>\n<p>Emrah B\u0130RG\u00dcL<\/p>\n","protected":false},"excerpt":{"rendered":"<p>CHP Yeni\u015fehir \u0130l\u00e7e Kad\u0131n Kollar\u0131 esnaf ve kahvelerdeki yurtta\u015flarla se\u00e7im s\u00fcrecini de\u011ferlendirdi. Serdar Erkan\u2019\u0131n da kat\u0131ld\u0131\u011f\u0131 bu ziyaretlerde \u00fclkedeki gidi\u015fat tart\u0131\u015f\u0131ld\u0131.<\/p>\n","protected":false},"author":13,"featured_media":0,"comment_status":"open","ping_status":"open","sticky":false,"template":"","format":"standard","meta":{"footnotes":""},"categories":[28],"tags":[],"class_list":["post-2078","post","type-post","status-publish","format-standard","hentry","category-serdar-erkan"],"views":46,"_links":{"self":[{"href":"https:\/\/mersingazetesi.com\/index.php\/wp-json\/wp\/v2\/posts\/2078","targetHints":{"allow":["GET"]}}],"collection":[{"href":"https:\/\/mersingazetesi.com\/index.php\/wp-json\/wp\/v2\/posts"}],"about":[{"href":"https:\/\/mersingazetesi.com\/index.php\/wp-json\/wp\/v2\/types\/post"}],"author":[{"embeddable":true,"href":"https:\/\/mersingazetesi.com\/index.php\/wp-json\/wp\/v2\/users\/13"}],"replies":[{"embeddable":true,"href":"https:\/\/mersingazetesi.com\/index.php\/wp-json\/wp\/v2\/comments?post=2078"}],"version-history":[{"count":0,"href":"https:\/\/mersingazetesi.com\/index.php\/wp-json\/wp\/v2\/posts\/2078\/revisions"}],"wp:attachment":[{"href":"https:\/\/mersingazetesi.com\/index.php\/wp-json\/wp\/v2\/media?parent=2078"}],"wp:term":[{"taxonomy":"category","embeddable":true,"href":"https:\/\/mersingazetesi.com\/index.php\/wp-json\/wp\/v2\/categories?post=2078"},{"taxonomy":"post_tag","embeddable":true,"href":"https:\/\/mersingazetesi.com\/index.php\/wp-json\/wp\/v2\/tags?post=2078"}],"curies":[{"name":"wp","href":"https:\/\/api.w.org\/{rel}","templated":true}]}}