{"id":2075,"date":"2021-11-23T11:49:52","date_gmt":"2021-11-23T08:49:52","guid":{"rendered":"http:\/\/mersin.mesiad.org\/index.php\/2021\/11\/23\/baskan-kocamaz-turk-hava-kuvvetleri-goklerdeki-gururumuzdur\/"},"modified":"2021-11-23T11:49:52","modified_gmt":"2021-11-23T08:49:52","slug":"baskan-kocamaz-turk-hava-kuvvetleri-goklerdeki-gururumuzdur","status":"publish","type":"post","link":"https:\/\/mersingazetesi.com\/index.php\/2021\/11\/23\/baskan-kocamaz-turk-hava-kuvvetleri-goklerdeki-gururumuzdur\/","title":{"rendered":"Ba\u015fkan Kocamaz: \u201cT\u00fcrk  Hava Kuvvetleri, G\u00f6klerdeki Gururumuzdur\u201d"},"content":{"rendered":"<p class=\"p1\">Ba\u015fkan Kocamaz, mesaj\u0131nda \u015funlar\u0131 s\u00f6yledi:<\/p>\n<p class=\"p2\">\u00a0<\/p>\n<p class=\"p1\">\u201cD\u00fcnyan\u0131n ilk havac\u0131l\u0131k te\u015fkilatlar\u0131ndan olan T\u00fcrk Hava Kuvvetleri, bir as\u0131rd\u0131r y\u00fcce T\u00fcrk bayra\u011f\u0131m\u0131z\u0131 g\u00f6klerde gururla dalgaland\u0131rmaktad\u0131r. Her daim, sulh i\u00e7in m\u00fccadele eden kahraman T\u00fcrkT\u00fcrk Hava KuvvetleriHava Kuvvetleri, varl\u0131\u011f\u0131yla T\u00fcrk Silahl\u0131 Kuvvetleri\u2019nin yeg\u00e2ne de\u011feridir.<\/p>\n<p class=\"p2\">\u00a0<\/p>\n<p class=\"p1\">G\u00f6klerdeki gururumuz olan T\u00fcrk Hava Kuvvetleri, s\u00fcrekli geli\u015ftirdi\u011fi teknolojisi ve tecr\u00fcbesi ile ulusal ve uluslararas\u0131 vazifelerde bir\u00e7ok ba\u015far\u0131ya imza atarak t\u00fcm cihanda ad\u0131ndan \u00f6vg\u00fcyle s\u00f6z ettirmektedir.<\/p>\n<p class=\"p2\">\u00a0<\/p>\n<p class=\"p1\">T\u00fck Hava Kuvvetleri;\u00a0 dosta g\u00fcven, d\u00fc\u015fmana korku salan g\u00fcc\u00fc ile g\u00f6klerin en m\u00fckemmeli olma gayesiyle y\u0131lmadan \u00e7al\u0131\u015farak, h\u00e2kimiyetini her ge\u00e7en artt\u0131rmaktad\u0131r.<\/p>\n<p class=\"p2\">\u00a0<\/p>\n<p class=\"p1\">\u201c\u0130stikbal g\u00f6klerdedir. G\u00f6klerini koruyamayan uluslar, yar\u0131nlar\u0131ndan asla emin olamazlar.\u201d Gazi Mustafa Kemal Atat\u00fcrk\u2019\u00fcn \u00e7izdi\u011fi bu vizyondan yola \u00e7\u0131karak T\u00fcrk Hava Kuvvetlerimize gereken de\u011feri vermeli, gen\u00e7lerimizi bu bilin\u00e7 ile yeti\u015ftirmeliyiz.<\/p>\n<p class=\"p2\">\u00a0<\/p>\n<p class=\"p1\">Vatan topraklar\u0131m\u0131z\u0131n b\u00fct\u00fcnl\u00fc\u011f\u00fc, milletimizin birlik ve beraberli\u011fi i\u00e7in canlar\u0131n\u0131 seve seve feda eden aziz \u015fehitlerimizi rahmet ve minnetle, kahraman gazilerimizi sayg\u0131 ve \u015f\u00fckranla an\u0131yor; g\u00f6revlerini ba\u015far\u0131yla s\u00fcrd\u00fcren T\u00fcrk Hava Kuvvetleri mensuplar\u0131na selam ve sevgilerimi iletiyorum\u201d\u00a0<\/p>\n<p>B\u00fcltendir<\/p>\n","protected":false},"excerpt":{"rendered":"<p>Mersin B\u00fcy\u00fck\u015fehir Belediye Ba\u015fkan\u0131 Burhanettin Kocamaz, \u2018T\u00fcrk Hava Kuvvetleri Kurulu\u015f G\u00fcn\u00fc\u2019 dolay\u0131s\u0131yla bir mesaj yay\u0131mlad\u0131.<\/p>\n","protected":false},"author":2,"featured_media":0,"comment_status":"open","ping_status":"open","sticky":false,"template":"","format":"standard","meta":{"footnotes":""},"categories":[],"tags":[],"class_list":["post-2075","post","type-post","status-publish","format-standard","hentry"],"views":20,"_links":{"self":[{"href":"https:\/\/mersingazetesi.com\/index.php\/wp-json\/wp\/v2\/posts\/2075","targetHints":{"allow":["GET"]}}],"collection":[{"href":"https:\/\/mersingazetesi.com\/index.php\/wp-json\/wp\/v2\/posts"}],"about":[{"href":"https:\/\/mersingazetesi.com\/index.php\/wp-json\/wp\/v2\/types\/post"}],"author":[{"embeddable":true,"href":"https:\/\/mersingazetesi.com\/index.php\/wp-json\/wp\/v2\/users\/2"}],"replies":[{"embeddable":true,"href":"https:\/\/mersingazetesi.com\/index.php\/wp-json\/wp\/v2\/comments?post=2075"}],"version-history":[{"count":0,"href":"https:\/\/mersingazetesi.com\/index.php\/wp-json\/wp\/v2\/posts\/2075\/revisions"}],"wp:attachment":[{"href":"https:\/\/mersingazetesi.com\/index.php\/wp-json\/wp\/v2\/media?parent=2075"}],"wp:term":[{"taxonomy":"category","embeddable":true,"href":"https:\/\/mersingazetesi.com\/index.php\/wp-json\/wp\/v2\/categories?post=2075"},{"taxonomy":"post_tag","embeddable":true,"href":"https:\/\/mersingazetesi.com\/index.php\/wp-json\/wp\/v2\/tags?post=2075"}],"curies":[{"name":"wp","href":"https:\/\/api.w.org\/{rel}","templated":true}]}}