{"id":2061,"date":"2021-11-23T11:49:52","date_gmt":"2021-11-23T08:49:52","guid":{"rendered":"http:\/\/mersin.mesiad.org\/index.php\/2021\/11\/23\/sosyal-hizmetler-oy-deposu-olarak-kullaniliyor\/"},"modified":"2021-11-23T11:49:52","modified_gmt":"2021-11-23T08:49:52","slug":"sosyal-hizmetler-oy-deposu-olarak-kullaniliyor","status":"publish","type":"post","link":"https:\/\/mersingazetesi.com\/index.php\/2021\/11\/23\/sosyal-hizmetler-oy-deposu-olarak-kullaniliyor\/","title":{"rendered":"SOSYAL H\u0130ZMETLER OY DEPOSU OLARAK KULLANILIYOR!"},"content":{"rendered":"<blockquote type=\"cite\">\n<div>\n<div dir=\"ltr\">\n<div>\n<p><span style=\"font-size:16px;\">Sa\u011fl\u0131k ve Sosyal Hizmet Emek\u00e7ileri Sendikas\u0131 (SES) Mersin \u015eubesi, \u201cSosyal Hizmetler L\u00fctuf, Sosyal Yard\u0131m Alanlar Oy Deposu De\u011fildir\u201d ba\u015fl\u0131\u011f\u0131 alt\u0131nda a\u00e7\u0131klama yapt\u0131.<\/span><\/p>\n<p>\u00a0<\/p>\n<p><span style=\"font-size:16px;\">Ger\u00e7ekle\u015fen a\u00e7\u0131klamada Sa\u011fl\u0131k ve Sosyal Hizmet Emek\u00e7ileri Sendikas\u0131 ad\u0131na konu\u015fmas\u0131n\u0131 ge\u00e7ekle\u015ftiren \u015fube e\u015f ba\u015fkan\u0131 Y\u0131lmaz Bozkurt, Sosyal Hizmetler; kad\u0131n, \u00e7ocuk, engelli ve ya\u015fl\u0131lar ba\u015fta olmak \u00fczere sosyal hizmetlere ihtiya\u00e7 duyan kesimlere ayr\u0131ms\u0131z \u015fekilde e\u015fit, nitelikli, kamusal ve anadilinde hizmet sa\u011flamas\u0131 gereken bir alan oldu\u011funu ifade etti.<\/span><\/p>\n<p><span style=\"font-size:16px;\">\u00d6rg\u00fctl\u00fc bir sendika olarak y\u0131llard\u0131r vurgulad\u0131klar\u0131, sosyal hizmetler alan\u0131, iktidarlar\u0131n ideolojilerinden ve oy hesaplar\u0131ndan ba\u011f\u0131ms\u0131z olarak planlanmas\u0131 gereken bir alan oldu\u011funa de\u011finen Bozkurt, izlenen politikalar ve pratik uygulamalarla sosyal hizmetleri iktidar kendi \u00e7\u0131karlar\u0131 i\u00e7in, oy toplamalar\u0131 i\u00e7in kulland\u0131\u011f\u0131n\u0131 belirtti.<\/span><\/p>\n<p>\u00a0<\/p>\n<p><span style=\"font-size:16px;\">\u201cYAPILAN YARDIMLARIN KEND\u0130LER\u0130NE OY OLARAK D\u00d6NMES\u0130 HESABIDIR\u201d<\/span><\/p>\n<p>\u00a0<\/p>\n<p><span style=\"font-size:16px;\">\u201cYeni ve kritik bir se\u00e7im d\u00f6nemine girmi\u015fken \u00fcz\u00fclerek g\u00f6r\u00fcyoruz ki sosyal hizmetleri sunmakla m\u00fckellef Aile ve Sosyal Politikalar Bakanl\u0131\u011f\u0131\u2019n\u0131n t\u00fcm kurumsal olanaklar\u0131 ve hizmet zorunluluklar\u0131, iktidarda olan AKP lehine bir se\u00e7im propagandas\u0131 arac\u0131na d\u00f6n\u00fc\u015ft\u00fcr\u00fclmek istenmektedir.\u201d \u015feklinde kaydeden Bozkurt: \u201cAile ve Sosyal Politikalar Bakanl\u0131\u011f\u0131 se\u00e7im \u00e7al\u0131\u015fmalar\u0131na alet edilmek istenmekte; kurum \u00e7al\u0131\u015fanlar\u0131 bir parti i\u00e7in \u00e7al\u0131\u015fmaya zorlanmakta; hizmet alanlar hak sahibi olmaktan \u00e7\u0131kart\u0131larak \u2018se\u00e7men\u2019 olarak g\u00f6r\u00fclmekte ve hizmetlerin oya \u00e7evrilme hesab\u0131 yap\u0131lmaktad\u0131r. G\u00f6r\u00fclen odur ki Aile ve Sosyal Politikalar Bakanl\u0131\u011f\u0131 i\u00e7in \u00f6nemli olan sosyal hizmete ihtiya\u00e7 duyan kesimler de\u011fil muhta\u00e7 kesimlere yap\u0131lan yard\u0131mlar\u0131n kendilerine oy olarak d\u00f6nmesi hesab\u0131d\u0131r.\u201d diye belirtti.<\/span><\/p>\n<p>\u00a0<\/p>\n<p><span style=\"font-size:16px;\">\u201cBAKANLI\u011eIN YARDIM VERD\u0130\u011e\u0130 K\u0130\u015e\u0130LER\u0130 Z\u0130YARET ETME TAL\u0130MATI VERM\u0130\u015eT\u0130R\u201d<\/span><\/p>\n<p>\u00a0<\/p>\n<p><span style=\"font-size:16px;\">Aile ve Sosyal Politikalar Bakanl\u0131\u011f\u0131 81 \u0130l M\u00fcd\u00fcrl\u00fc\u011f\u00fcne hi\u00e7 bir ahlaki tutumla izah edilemeyecek bir talimat yaz\u0131s\u0131 g\u00f6nderdi\u011finin alt\u0131n\u0131 \u00e7izen Bozkurt: \u201cYaz\u0131da, Ramazan ay\u0131 boyunca, yani se\u00e7imlerden \u00f6nceki bir ay boyunca, Bakanl\u0131\u011f\u0131n yard\u0131m verdi\u011fi ki\u015fileri ziyaret etme talimat\u0131 vermi\u015ftir. \u0130l m\u00fcd\u00fcrl\u00fcklerine g\u00f6nderilen genelgede, Ramazan ay\u0131 dolay\u0131s\u0131yla \u2018Koruyucu aileler, evde bak\u0131m hizmeti alanlar, sosyal ve ekonomik destek hizmeti alanlar, kad\u0131n hizmetleri kurulu\u015flar\u0131ndan destek alm\u0131\u015f olanlar ile hizmet alan\u0131m\u0131zda bulunan k\u0131r\u0131lgan n\u00fcfusun ya\u015fad\u0131\u011f\u0131 mahalle ve semtlerde bulunan hanelere bir erkek ve bir kad\u0131ndan olu\u015fan ekiplerce hane ziyaretleri yap\u0131lacakt\u0131r\u2019 denilmi\u015ftir. Ayn\u0131 talimatla ziyaret ekiplerinde il m\u00fcd\u00fcrl\u00fc\u011f\u00fc ve kurulu\u015flarda \u00e7al\u0131\u015fan y\u00f6neticiler ile kadrolu, 4D ve ek ders kar\u015f\u0131l\u0131\u011f\u0131 \u00e7al\u0131\u015fanlar d\u00e2hil t\u00fcm personelin yer almas\u0131, ekiplerin g\u00fcnl\u00fck en az 10 haneye gitmesi ve hane halk\u0131ndaki fertlerin t\u00fcm\u00fcyle birebir g\u00f6r\u00fc\u015fmeler yap\u0131lmas\u0131 istenmektedir. Yerel kaynaklardan gelecek \u015fikayet ve taleplere an\u0131nda m\u00fcdahale edebilecek acil m\u00fcdahale ekipleri olu\u015fturulmas\u0131, m\u00fcdahalelerin h\u0131zl\u0131 ger\u00e7ekle\u015fmesi i\u00e7in whatsapp gurubu dahil her t\u00fcrl\u00fc ileti\u015fim mekanizmas\u0131n\u0131n olu\u015fturulaca\u011f\u0131 ifade edilmi\u015f; nitekim bu \u00e7al\u0131\u015fman\u0131n \u00f6zel olarak takip edilece\u011fi bildirilmi\u015f; takip i\u00e7in ayr\u0131 bir mail adresi a\u00e7\u0131lm\u0131\u015f ve \u00e7al\u0131\u015fanlar i\u00e7in Bakanl\u0131k internet sisteminde \u2018Hane Ziyaret\u2019 ad\u0131 ile bir mod\u00fcl a\u00e7\u0131lm\u0131\u015ft\u0131r.\u201d dedi.<\/span><\/p>\n<p>\u00a0<\/p>\n<p>\u00a0<\/p>\n<p><span style=\"font-size:16px;\">Bozkurt, bu yap\u0131lan talimat\u0131n kurumsal herhangi bir mekanizmaya, plana, hedefe dayanmad\u0131\u011f\u0131na dikkat \u00e7ekerek acil bir seferberlik ilan eden bu talimat\u0131n, tespit edilen bir ihtiyaca ya da bakanl\u0131k hizmet plan\u0131na dahil olmad\u0131\u011f\u0131 apa\u00e7\u0131k ortada oldu\u011funu ifade etti.<\/span><\/p>\n<p><span style=\"font-size:16px;\">Onlarca \u00e7ocu\u011fun istismar haberleri ile g\u00fcne uyand\u0131klar\u0131n\u0131, acil m\u00fcdahale gerektiren durumlarda dahi teyakkuz haline giremeyen Bakanl\u0131\u011f\u0131n bug\u00fcn b\u00f6yle bir \u2018acil plan\u2019 olu\u015fturmas\u0131n\u0131n se\u00e7imden bir ay \u00f6ncesine denk gelmesi tesad\u00fcfle a\u00e7\u0131klanmayaca\u011f\u0131n\u0131 kaydeden Bozkurt: \u201cDolay\u0131s\u0131yla bu \u00e7al\u0131\u015fman\u0131n \u2018Bakanl\u0131k \u00e7al\u0131\u015f\u0131yor i\u015fte ne g\u00fczel\u2019 diyerek saf bir yakla\u015f\u0131mla kar\u015f\u0131lanmas\u0131 m\u00fcmk\u00fcn de\u011fildir.\u201d \u015feklinde konu\u015ftu.<\/span><\/p>\n<p>\u00a0<\/p>\n<p><span style=\"font-size:16px;\">\u201cBU TAL\u0130MATI VEREN BAKAN FATMA BET\u00dcL SAYAN KAYA\u2019DIR\u201d<\/span><\/p>\n<p>\u00a0<\/p>\n<p><span style=\"font-size:16px;\">Bozkurt, bu talimat\u0131n kurumsal bir plana dayanmad\u0131\u011f\u0131 i\u00e7in \u2018Bakanl\u0131\u011f\u0131n di\u011fer t\u00fcm i\u015flerinin\u2019 ask\u0131ya al\u0131nmas\u0131n\u0131 getirmekte; hizmet kapsam\u0131, personeli mevcut i\u015f y\u00fck\u00fc, korunmaya muhta\u00e7 durumdaki engelli, ya\u015fl\u0131, \u00e7ocuk, kad\u0131n ve ihtiya\u00e7 duyanlara y\u00f6nelik i\u015flemleri ivedilikle y\u00fcr\u00fctmesi gereken kadrolar\u0131n, ellerinde bekleyen vakalara hizmet modellerini uygulamak yerine, mesailerinin yar\u0131s\u0131n\u0131 \u2018ev ziyareti\u2019 \u00f6rt\u00fcs\u00fc alt\u0131nda iktidara oy toplamaya y\u00f6nlendirildikleri anla\u015f\u0131lmakta oldu\u011funu belirterek \u201c\u0130fade etmek zorunday\u0131z ki Bakanl\u0131k \u00e7al\u0131\u015fanlar\u0131n\u0131n \u2018zorunlu ev ziyaretleri\u2019 sebebiyle ellerinde bulunan vakalarla ilgilenememelerinden \u00f6t\u00fcr\u00fc ya\u015fanacak her t\u00fcrl\u00fc ma\u011fduriyetin b\u00fct\u00fcn sorumlusu bu talimat\u0131 veren ve onaylayan her kademede y\u00f6neticidir; Bakan Fatma Bet\u00fcl Sayan Kaya\u2019d\u0131r.\u201d \u015feklinde belirtti.<\/span><\/p>\n<p>\u00a0<\/p>\n<p><span style=\"font-size:16px;\">\u201cPERSONEL\u0130 BU DO\u011eRULTUDA Y\u00d6NLEND\u0130RMEKLE G\u00d6REVLEND\u0130R\u0130LD\u0130\u011e\u0130N\u0130 VURGULAMI\u015eTIR\u201d<\/span><\/p>\n<p>\u00a0<\/p>\n<p><span style=\"font-size:16px;\">\u201cSorun ne yaz\u0131k ki bununla s\u0131n\u0131rl\u0131 de\u011fildir\u201d diyen Bozkurt, mevcut i\u015fleyi\u015fte kurumsal \u00e7al\u0131\u015fmalar\u0131n t\u00fcm\u00fc yaz\u0131l\u0131 belgelere ve talimatlara dayanamamakta oldu\u011funa dikkat \u00e7ekerek bakanl\u0131k b\u00fcrokratlar\u0131 as\u0131l niyetini s\u00f6zl\u00fc talimatlar ile a\u00e7\u0131k bir \u015fekilde ifade ettiklerini \u00f6ne s\u00fcrd\u00fc.<\/span><\/p>\n<p><span style=\"font-size:16px;\">Bozkurt: \u201c Bas\u0131na konuyla ilgili bilgi veren bir Bakanl\u0131k \u00e7al\u0131\u015fan\u0131, il m\u00fcd\u00fcrl\u00fcklerinin konuyla ilgili uyar\u0131ld\u0131\u011f\u0131n\u0131 ve g\u00f6r\u00fc\u015fmeleri yapacak personelden \u2018Bu iktidar giderse yard\u0131mlar kesilir\u2019 fikrini i\u015flemesi istendi\u011fini belirtmi\u015ftir. Bakanl\u0131k \u00e7al\u0131\u015fan\u0131, il m\u00fcd\u00fcrl\u00fcklerinin ilgili personeli bu do\u011frultuda y\u00f6nlendirmekle g\u00f6revlendirildi\u011fini vurgulam\u0131\u015ft\u0131r.\u201d diye kaydetti.<\/span><\/p>\n<p>\u00a0<\/p>\n<p><span style=\"font-size:16px;\">\u201cBAKANLIK PERSONEL\u0130 BU AMA\u00c7LA \u00c7ALI\u015eMAYA Y\u00d6NLEND\u0130R\u0130LEMEZ\u201d<\/span><\/p>\n<p>\u00a0<\/p>\n<p><span style=\"font-size:16px;\">T\u00fcrkiye&#8217;de her 8 ki\u015fiden 1\u2019i sosyal yard\u0131m ald\u0131\u011f\u0131na de\u011finen Bozkurt: \u201cDin, dil, \u0131rk, siyasi g\u00f6r\u00fc\u015f ayr\u0131m\u0131 yap\u0131lmadan herkese sosyal hizmet verilmelidir. Bu, \u2018Sosyal Devlet\u2019 olman\u0131n gere\u011fidir. Bu hizmetler ve yard\u0131mlar TBMM\u2019sinin \u00e7\u0131kard\u0131\u011f\u0131 kanunlara istinaden yap\u0131lmaktad\u0131r ve yard\u0131mlar iktidar partisinin cebinden de\u011fil halk\u0131n \u00f6dedi\u011fi vergilerden kar\u015f\u0131lanmaktad\u0131r. Aile ve Sosyal Politikalar Bakanl\u0131\u011f\u0131 da sosyal hizmet politikalar\u0131n\u0131n y\u00fcr\u00fct\u00fcld\u00fc\u011f\u00fc bakanl\u0131kt\u0131r. Sosyal devletlerin yurtta\u015flar\u0131na y\u00f6nelik yapt\u0131\u011f\u0131 her \u00e7al\u0131\u015fma, o devletin zorunlu \u00e7al\u0131\u015fmas\u0131d\u0131r. Hizmet alanlara \u2018se\u00e7men\u2019 olarak yakla\u015f\u0131lamaz, oy hesab\u0131 g\u00fcd\u00fclemez, se\u00e7men a\u00e7\u0131k ya da \u00f6rt\u00fcl\u00fc tehdit edilemez; Bakanl\u0131k personeli bu ama\u00e7la \u00e7al\u0131\u015fmaya y\u00f6nlendirilemez.\u201d ifadelerini kulland\u0131<\/span><\/p>\n<p>\u00a0<\/p>\n<p><span style=\"font-size:16px;\">\u201cBU DURUMUN TAK\u0130P\u00c7\u0130S\u0130 OLACA\u011eIZ\u201d<\/span><\/p>\n<p>\u00a0<\/p>\n<p><span style=\"font-size:16px;\">Bakanl\u0131k eliyle se\u00e7menlerin kula\u011f\u0131na \u00e7al\u0131nmak istenen bu propagandaya kar\u015f\u0131 kamuoyunda bilgilendirmelerin yap\u0131lmas\u0131n\u0131 ifade eden Bozkurt \u015fu c\u00fcmlelerle konu\u015fmas\u0131n\u0131 noktalad\u0131: \u201cBakanl\u0131k yetkilileri bir an \u00f6nce iktidar de\u011fi\u015fse de korunmaya muhta\u00e7 durumdakilere yap\u0131lan sosyal yard\u0131mlar \u00f6denmeye devam edece\u011fine y\u00f6nelik a\u00e7\u0131klama yapmal\u0131d\u0131r. Sivil toplum \u00f6rg\u00fctlerince ve siyasi partiler kanal\u0131yla da 24 Haziran se\u00e7imleri \u00f6ncesinde, sosyal devlet anlay\u0131\u015f\u0131n\u0131n anayasan\u0131n de\u011fi\u015fmez bir ilkesi oldu\u011fu, \u00f6denen sosyal yard\u0131mlar\u0131n bir sosyal hak oldu\u011fu halka a\u00e7\u0131klanmak zorundad\u0131r. Bakanl\u0131k yetkilileri verdikleri bu talimatla ve bu \u00e7al\u0131\u015fma ile su\u00e7 i\u015flemektedir. Buradan a\u00e7\u0131k\u00e7a \u015funu belirtiyoruz ki bu durumun takip\u00e7isi olaca\u011f\u0131z, hizmet alanlara bu t\u00fcrden tehdit ve \u015fantaj yoluyla giden ve tespit edilen g\u00f6revlilerle ilgili su\u00e7 duyurusunda bulunaca\u011f\u0131z\u201d<\/span><\/p>\n<\/div>\n<\/div>\n<\/div>\n<\/blockquote>\n<p>EMRAH B\u0130RG\u00dcL<\/p>\n","protected":false},"excerpt":{"rendered":"<p>Sosyal yard\u0131m alanlar\u0131n oy deposu olmad\u0131\u011f\u0131na dikkat \u00e7eken Sa\u011fl\u0131k ve Sosyal Hizmet Emek\u00e7ileri Sendikas\u0131 Mersin \u015eube E\u015f Ba\u015fkan\u0131 Y\u0131lmaz Bozkurt: \u201cAKP\u2019nin sosyal hizmetleri kendi ideolojik bak\u0131\u015f\u0131, se\u00e7im ve oy hesaplar\u0131, yani kendi \u00e7\u0131karlar\u0131 i\u00e7in \u015fekillendiriyor.\u201d dedi.<\/p>\n","protected":false},"author":2,"featured_media":0,"comment_status":"open","ping_status":"open","sticky":false,"template":"","format":"standard","meta":{"footnotes":""},"categories":[],"tags":[],"class_list":["post-2061","post","type-post","status-publish","format-standard","hentry"],"views":15,"_links":{"self":[{"href":"https:\/\/mersingazetesi.com\/index.php\/wp-json\/wp\/v2\/posts\/2061","targetHints":{"allow":["GET"]}}],"collection":[{"href":"https:\/\/mersingazetesi.com\/index.php\/wp-json\/wp\/v2\/posts"}],"about":[{"href":"https:\/\/mersingazetesi.com\/index.php\/wp-json\/wp\/v2\/types\/post"}],"author":[{"embeddable":true,"href":"https:\/\/mersingazetesi.com\/index.php\/wp-json\/wp\/v2\/users\/2"}],"replies":[{"embeddable":true,"href":"https:\/\/mersingazetesi.com\/index.php\/wp-json\/wp\/v2\/comments?post=2061"}],"version-history":[{"count":0,"href":"https:\/\/mersingazetesi.com\/index.php\/wp-json\/wp\/v2\/posts\/2061\/revisions"}],"wp:attachment":[{"href":"https:\/\/mersingazetesi.com\/index.php\/wp-json\/wp\/v2\/media?parent=2061"}],"wp:term":[{"taxonomy":"category","embeddable":true,"href":"https:\/\/mersingazetesi.com\/index.php\/wp-json\/wp\/v2\/categories?post=2061"},{"taxonomy":"post_tag","embeddable":true,"href":"https:\/\/mersingazetesi.com\/index.php\/wp-json\/wp\/v2\/tags?post=2061"}],"curies":[{"name":"wp","href":"https:\/\/api.w.org\/{rel}","templated":true}]}}