{"id":2051,"date":"2021-11-23T11:49:50","date_gmt":"2021-11-23T08:49:50","guid":{"rendered":"http:\/\/mersin.mesiad.org\/index.php\/2021\/11\/23\/mersinli-emekliler-ikinci-baharini-yasiyor\/"},"modified":"2021-11-23T11:49:50","modified_gmt":"2021-11-23T08:49:50","slug":"mersinli-emekliler-ikinci-baharini-yasiyor","status":"publish","type":"post","link":"https:\/\/mersingazetesi.com\/index.php\/2021\/11\/23\/mersinli-emekliler-ikinci-baharini-yasiyor\/","title":{"rendered":"Mersinli emekliler ikinci bahar\u0131n\u0131 ya\u015f\u0131yor"},"content":{"rendered":"<p><span style=\"font-size:16px;\"><span style=\"font-family: sans-serif; line-height: 20px; text-align: justify; background-color: rgb(242, 244, 245);\">Mersin B\u00fcy\u00fck\u015fehir Belediyesi, emekli vatanda\u015flar\u0131n kendilerini yaln\u0131z hissetmemelerine y\u00f6nelik birbirleri aras\u0131nda sosyal ba\u011f kurmak, toplumsal ya\u015fama ve gelece\u011fe y\u00f6nelik bak\u0131\u015f a\u00e7\u0131s\u0131na ivme kazand\u0131rmak ve emekli vatanda\u015flara y\u00f6nelik merkezlerde sanatsal ve k\u00fclt\u00fcrel ortam haz\u0131rlama amac\u0131yla, \u0130kinci Bahar Emekli Evi a\u00e7t\u0131.\u00a0<\/span><br style=\"box-sizing: border-box; font-family: sans-serif; font-size: 14px; line-height: 20px; text-align: justify; background-color: rgb(242, 244, 245);\" \/><br \/>\n<span style=\"font-family: sans-serif; line-height: 20px; text-align: justify; background-color: rgb(242, 244, 245);\">Yeni\u015fehir B\u00f6lge Park\u0131\u2019nda bulunan dinlenme evinde, Sohbet, dinlenme, oyun, sa\u011fl\u0131k, sanat ve k\u00fclt\u00fcr alanlar\u0131 yer al\u0131yor. 55 ya\u015f \u00fcst\u00fc emeklilerin faydalanabildi\u011fi evde, di\u015f taramas\u0131, tansiyon ve \u015feker \u00f6l\u00e7\u00fcm\u00fc gibi sa\u011fl\u0131k hizmetleri ve psiko-sosyal dan\u0131\u015fmanl\u0131k hizmetleri de veriliyor.\u00a0<\/span><br style=\"box-sizing: border-box; font-family: sans-serif; font-size: 14px; line-height: 20px; text-align: justify; background-color: rgb(242, 244, 245);\" \/><br \/>\n<br style=\"box-sizing: border-box; font-family: sans-serif; font-size: 14px; line-height: 20px; text-align: justify; background-color: rgb(242, 244, 245);\" \/><br \/>\n<span style=\"font-family: sans-serif; line-height: 20px; text-align: justify; background-color: rgb(242, 244, 245);\">&#8220;A\u00e7\u0131lmas\u0131n\u0131 sab\u0131rs\u0131zl\u0131kla bekledim&#8221;\u00a0<\/span><br style=\"box-sizing: border-box; font-family: sans-serif; font-size: 14px; line-height: 20px; text-align: justify; background-color: rgb(242, 244, 245);\" \/><br \/>\n<span style=\"font-family: sans-serif; line-height: 20px; text-align: justify; background-color: rgb(242, 244, 245);\">Tekstil i\u015finden emekli, 77 ya\u015f\u0131ndaki Kutlay Bodur \u0130kinci Bahar Emekli evinin a\u00e7\u0131lmas\u0131n\u0131 sab\u0131rs\u0131zl\u0131kla bekledi\u011fini belirterek, &#8220;Buradaki yap\u0131lan in\u015faat\u0131n ne oldu\u011funu \u00e7al\u0131\u015fanlara sordum. Ya\u015fam merkezi olaca\u011f\u0131n\u0131 s\u00f6ylediler. \u00c7ok sevindim. \u00c7\u00fcnk\u00fc \u0130stanbul\u2019da da b\u00f6yle bir yere devam ediyorum. Oradan bilgim oldu\u011fu i\u00e7in, Mersin\u2019deki eksikli\u011fin giderilmesi bak\u0131m\u0131ndan da \u00e7ok memnun oldum. Sab\u0131rs\u0131zl\u0131kla in\u015faat\u0131n bitmesini bekledim. Bittikten sonra da hemen hemen buraya ilk gelenlerden birisiyim. Yaz mevsiminin gelmi\u015f olmas\u0131yla birlikte \u00e7o\u011fu insan yaylalara ve yazl\u0131klara da\u011f\u0131ld\u0131 ama inan\u0131yorum ki sonbaharda daha g\u00fczel olacak&#8221; dedi.\u00a0<\/span><br style=\"box-sizing: border-box; font-family: sans-serif; font-size: 14px; line-height: 20px; text-align: justify; background-color: rgb(242, 244, 245);\" \/><br \/>\n<br style=\"box-sizing: border-box; font-family: sans-serif; font-size: 14px; line-height: 20px; text-align: justify; background-color: rgb(242, 244, 245);\" \/><br \/>\n<span style=\"font-family: sans-serif; line-height: 20px; text-align: justify; background-color: rgb(242, 244, 245);\">&#8220;2-3 saatimi burada ge\u00e7iriyorum&#8221;\u00a0<\/span><br style=\"box-sizing: border-box; font-family: sans-serif; font-size: 14px; line-height: 20px; text-align: justify; background-color: rgb(242, 244, 245);\" \/><br \/>\n<span style=\"font-family: sans-serif; line-height: 20px; text-align: justify; background-color: rgb(242, 244, 245);\">67 ya\u015f\u0131ndaki emekli Matematik \u00d6\u011fretmeni Alper Tokdemir ise g\u00fcn\u00fcn\u00fcn yakla\u015f\u0131k 2-3 saatini Emekli Evi\u2019nde ge\u00e7irdi\u011fini kaydederek, &#8220;Gazeteleri okuyorum, kitaplara bak\u0131yorum. Buraya s\u00fcrekli yeni kitaplar da al\u0131n\u0131yor. Burada \u00e7ay\u0131m\u0131z bedava, suyumuz bedava. B\u00f6yle g\u00fczel bir yeri biz bulamay\u0131z. Burada yeni arkada\u015fl\u0131klar edindim. \u00c7e\u015fitli yerlerden gelmi\u015fler, sohbet ediyoruz. Kiminin \u00e7ocuklar\u0131 aramad\u0131\u011f\u0131 zaman anne, baba bazen \u00fcz\u00fcl\u00fcyor. Bunlar\u0131 konu\u015fuyoruz&#8221; ifadelerini kulland\u0131.\u00a0<\/span><\/span><\/p>\n<p>\u0130HA<\/p>\n","protected":false},"excerpt":{"rendered":"<p>Mersin B\u00fcy\u00fck\u015fehir Belediyesi taraf\u0131ndan, emekli vatanda\u015flar\u0131n, emeklilik s\u00fcre\u00e7lerini daha iyi \u015fartlarda ya\u015fayabilmeleri ve kaliteli vakit ge\u00e7irebilmeleri amac\u0131yla a\u00e7\u0131lan, &#8216;\u0130kinci Bahar Emekli Evi&#8217; yo\u011fun ilgi g\u00f6r\u00fcyor.<\/p>\n","protected":false},"author":2,"featured_media":0,"comment_status":"open","ping_status":"open","sticky":false,"template":"","format":"standard","meta":{"footnotes":""},"categories":[],"tags":[],"class_list":["post-2051","post","type-post","status-publish","format-standard","hentry"],"views":21,"_links":{"self":[{"href":"https:\/\/mersingazetesi.com\/index.php\/wp-json\/wp\/v2\/posts\/2051","targetHints":{"allow":["GET"]}}],"collection":[{"href":"https:\/\/mersingazetesi.com\/index.php\/wp-json\/wp\/v2\/posts"}],"about":[{"href":"https:\/\/mersingazetesi.com\/index.php\/wp-json\/wp\/v2\/types\/post"}],"author":[{"embeddable":true,"href":"https:\/\/mersingazetesi.com\/index.php\/wp-json\/wp\/v2\/users\/2"}],"replies":[{"embeddable":true,"href":"https:\/\/mersingazetesi.com\/index.php\/wp-json\/wp\/v2\/comments?post=2051"}],"version-history":[{"count":0,"href":"https:\/\/mersingazetesi.com\/index.php\/wp-json\/wp\/v2\/posts\/2051\/revisions"}],"wp:attachment":[{"href":"https:\/\/mersingazetesi.com\/index.php\/wp-json\/wp\/v2\/media?parent=2051"}],"wp:term":[{"taxonomy":"category","embeddable":true,"href":"https:\/\/mersingazetesi.com\/index.php\/wp-json\/wp\/v2\/categories?post=2051"},{"taxonomy":"post_tag","embeddable":true,"href":"https:\/\/mersingazetesi.com\/index.php\/wp-json\/wp\/v2\/tags?post=2051"}],"curies":[{"name":"wp","href":"https:\/\/api.w.org\/{rel}","templated":true}]}}