{"id":2050,"date":"2021-11-23T11:49:50","date_gmt":"2021-11-23T08:49:50","guid":{"rendered":"http:\/\/mersin.mesiad.org\/index.php\/2021\/11\/23\/baskan-can-ulkemizi-bolmek-isteyenlere-firsat-vermeyecegiz\/"},"modified":"2021-11-23T11:49:50","modified_gmt":"2021-11-23T08:49:50","slug":"baskan-can-ulkemizi-bolmek-isteyenlere-firsat-vermeyecegiz","status":"publish","type":"post","link":"https:\/\/mersingazetesi.com\/index.php\/2021\/11\/23\/baskan-can-ulkemizi-bolmek-isteyenlere-firsat-vermeyecegiz\/","title":{"rendered":"Ba\u015fkan Can: &#8220;\u00dclkemizi b\u00f6lmek isteyenlere f\u0131rsat vermeyece\u011fiz&#8221;"},"content":{"rendered":"<p><span style=\"font-size:16px;\"><span style=\"font-family: sans-serif; line-height: 20px; text-align: justify; background-color: rgb(242, 244, 245);\">Tarsus Kaymakaml\u0131\u011f\u0131 taraf\u0131ndan \u015fehit Musa Sayan\u2019\u0131n i\u00e7in verilen iftar mevlit program\u0131na kat\u0131lan Belediye Ba\u015fkan\u0131 \u015eevket Can, b\u00fct\u00fcn \u015fehitleri rahmetle and\u0131. Sayk\u00f6y Mahallesi\u2019nde d\u00fczenlenen programda konu\u015fan Belediye Ba\u015fkan\u0131 \u015eevket Can, \u015eehitlerimiz namusumuz, gazilerimiz onurumuzdur\u201d dedi.\u00a0<\/span><br style=\"box-sizing: border-box; font-family: sans-serif; font-size: 14px; line-height: 20px; text-align: justify; background-color: rgb(242, 244, 245);\" \/><br \/>\n<span style=\"font-family: sans-serif; line-height: 20px; text-align: justify; background-color: rgb(242, 244, 245);\">Ba\u015fkan Can konu\u015fmas\u0131nda \u015funlar\u0131 dile getirdi:\u00a0<\/span><br style=\"box-sizing: border-box; font-family: sans-serif; font-size: 14px; line-height: 20px; text-align: justify; background-color: rgb(242, 244, 245);\" \/><br \/>\n<span style=\"font-family: sans-serif; line-height: 20px; text-align: justify; background-color: rgb(242, 244, 245);\">\u201cBug\u00fcn \u00fclkemizde bayra\u011f\u0131m\u0131z dalgalan\u0131yorsa, bug\u00fcn \u00fclkemizde ezanlar\u0131m\u0131z okunuyorsa \u00f6nce Cenab-\u0131 Allah\u2019\u0131n izniyle sonra \u015fehitlerimizin sayesinde oldu\u011funu s\u00f6ylemek istiyorum. Ger\u00e7ekten \u015fehitlik mertebesi inanc\u0131m\u0131z\u0131 gere\u011fi peygamberlerden sonra Cennet-i alada en b\u00fcy\u00fck makamlardan biridir. Cenab-\u0131 Allah hepimize \u015fehit olmay\u0131 nasip etsin diyorum. Biz belediye olarak 73 \u015fehit ailemize, meclisimizden karar alarak ev verdik. \u015eehitlerimiz bizim namusumuzdur, gazilerimiz bizim onurumuzdur. Bug\u00fcn \u00fclkemizde bayra\u011f\u0131m\u0131z dalgalan\u0131yorsa, ezanlar\u0131m\u0131z okunuyorsa, \u015fehitlerimizin sayesindedir. \u015eehitlerimiz olmasa bizler olmay\u0131z. \u015eehitlerimiz olmasa, ezanlar\u0131m\u0131z okunmaz, bayra\u011f\u0131m\u0131z dalgalanmaz, namusumuz olmaz, hi\u00e7bir \u015feyimiz olmaz. Suriye\u2019nin gidebilece\u011fi bir \u00fclke vard\u0131. Bizim gidebilece\u011fimiz bir \u00fclkemiz yok. Gitmeye de kalksak kabul edecek bir \u00fclke yok. Bizim de \u00fclkemizden gitmeye asla ve asla niyetimiz yok. G\u00fcn birlik g\u00fcn\u00fcd\u00fcr. G\u00fcn beraberlik g\u00fcn\u00fcd\u00fcr. G\u00fcn bayra\u011f\u0131m\u0131za, vatan\u0131m\u0131za, ezan\u0131m\u0131za, milletimize, memleketimize sahip \u00e7\u0131kma g\u00fcn\u00fcd\u00fcr. \u00c7\u00fcnk\u00fc \u00fclkemizi b\u00f6lmek isteyenler var. \u00c7\u00fcnk\u00fc huzurumuzu bozmak isteyenler var. Allah\u2019\u0131n izniyle, hepinizin duas\u0131 ve deste\u011fiyle \u00fclkemizi b\u00f6lmek isteyenlere f\u0131rsat vermeyece\u011fiz. Biz bir oldu\u011fumuz s\u00fcrece, biz birlikte oldu\u011fumuz s\u00fcrece, tek ses, tek yumruk, tek v\u00fccut oldu\u011fumuz s\u00fcrece Allah\u2019\u0131n izniyle bizim birli\u011fimizi ve beraberli\u011fimizi kimse bozamaz diyorum. \u015eehitlerimizi rahmetle, minnetle ve \u015f\u00fckranla an\u0131yorum.\u201d\u00a0<\/span><\/span><\/p>\n<p>\u0130HA<\/p>\n","protected":false},"excerpt":{"rendered":"<p>Tarsus Belediye Ba\u015fkan\u0131 \u015eevket Can, \u00fclkeyi b\u00f6lmek isteyenlere asla f\u0131rsat vermeyeceklerini s\u00f6yledi.<\/p>\n","protected":false},"author":2,"featured_media":0,"comment_status":"open","ping_status":"open","sticky":false,"template":"","format":"standard","meta":{"footnotes":""},"categories":[],"tags":[],"class_list":["post-2050","post","type-post","status-publish","format-standard","hentry"],"views":19,"_links":{"self":[{"href":"https:\/\/mersingazetesi.com\/index.php\/wp-json\/wp\/v2\/posts\/2050","targetHints":{"allow":["GET"]}}],"collection":[{"href":"https:\/\/mersingazetesi.com\/index.php\/wp-json\/wp\/v2\/posts"}],"about":[{"href":"https:\/\/mersingazetesi.com\/index.php\/wp-json\/wp\/v2\/types\/post"}],"author":[{"embeddable":true,"href":"https:\/\/mersingazetesi.com\/index.php\/wp-json\/wp\/v2\/users\/2"}],"replies":[{"embeddable":true,"href":"https:\/\/mersingazetesi.com\/index.php\/wp-json\/wp\/v2\/comments?post=2050"}],"version-history":[{"count":0,"href":"https:\/\/mersingazetesi.com\/index.php\/wp-json\/wp\/v2\/posts\/2050\/revisions"}],"wp:attachment":[{"href":"https:\/\/mersingazetesi.com\/index.php\/wp-json\/wp\/v2\/media?parent=2050"}],"wp:term":[{"taxonomy":"category","embeddable":true,"href":"https:\/\/mersingazetesi.com\/index.php\/wp-json\/wp\/v2\/categories?post=2050"},{"taxonomy":"post_tag","embeddable":true,"href":"https:\/\/mersingazetesi.com\/index.php\/wp-json\/wp\/v2\/tags?post=2050"}],"curies":[{"name":"wp","href":"https:\/\/api.w.org\/{rel}","templated":true}]}}