{"id":2024,"date":"2021-11-23T11:49:48","date_gmt":"2021-11-23T08:49:48","guid":{"rendered":"http:\/\/mersin.mesiad.org\/index.php\/2021\/11\/23\/tarsus-idman-yurdu-sampiyonlugu-kutladi\/"},"modified":"2021-11-23T11:49:48","modified_gmt":"2021-11-23T08:49:48","slug":"tarsus-idman-yurdu-sampiyonlugu-kutladi","status":"publish","type":"post","link":"https:\/\/mersingazetesi.com\/index.php\/2021\/11\/23\/tarsus-idman-yurdu-sampiyonlugu-kutladi\/","title":{"rendered":"Tarsus \u0130dman Yurdu \u015fampiyonlu\u011fu kutlad\u0131"},"content":{"rendered":"<p><span style=\"font-size:16px;\"><span style=\"font-family: sans-serif; line-height: 20px; text-align: justify; background-color: rgb(242, 244, 245);\">Play-off\u2019ta 23 May\u0131s \u00c7ar\u015famba g\u00fcn\u00fc Ankara\u2019da oynad\u0131\u011f\u0131 K\u0131z\u0131lcab\u00f6l\u00fckspor ma\u00e7\u0131n\u0131 kazanarak \u015fampiyon olan Tarsus \u0130dman Yurdu, Tarsus Belediyesi \u00f6n\u00fcnde kar\u015f\u0131land\u0131. Futbolcular, \u015fampiyonluk kupas\u0131n\u0131 Belediye Ba\u015fkan\u0131 \u015eevket Can ve Kul\u00fcp Ba\u015fkan\u0131 \u00d6nder Ege ile birlikte kald\u0131rd\u0131.\u00a0<\/span><br style=\"box-sizing: border-box; font-family: sans-serif; font-size: 14px; line-height: 20px; text-align: justify; background-color: rgb(242, 244, 245);\" \/><br \/>\n<span style=\"font-family: sans-serif; line-height: 20px; text-align: justify; background-color: rgb(242, 244, 245);\">\u015eampiyon Tarsus \u0130dman Yurdu&#8217;nda kul\u00fcp y\u00f6netimi, teknik heyet ve futbolcular, Mersin B\u00fcy\u00fck\u015fehir Belediyesi taraf\u0131ndan tahsis edilen iki \u00fcst\u00fc a\u00e7\u0131k otob\u00fcsle \u015fehir turu yaparak \u015fampiyonlu\u011fu kutlad\u0131. Tur boyunca otob\u00fcs\u00fc ara\u00e7lar\u0131yla takip eden taraftarlar \u015fampiyonluk \u015fark\u0131lar\u0131 s\u00f6yledi. Kentteki b\u00fct\u00fcn davulcular\u0131n da kat\u0131ld\u0131\u011f\u0131 sevince, Belediye Bandosu da \u00e7e\u015fitli mar\u015flarla e\u015flik etti.\u00a0<\/span><br style=\"box-sizing: border-box; font-family: sans-serif; font-size: 14px; line-height: 20px; text-align: justify; background-color: rgb(242, 244, 245);\" \/><br \/>\n<span style=\"font-family: sans-serif; line-height: 20px; text-align: justify; background-color: rgb(242, 244, 245);\">Belediye Ba\u015fkan\u0131 \u015eevket Can, bir s\u00fcre futbolcularla \u00fcst\u00fc a\u00e7\u0131k otob\u00fcsle \u015fehir turu att\u0131ktan sonra, kendisinin kulland\u0131\u011f\u0131 \u00fcst\u00fc a\u00e7\u0131k l\u00fcks ticari taksiyle Kul\u00fcp Ba\u015fkan\u0131 \u00d6nder Ege ve \u00e7ocuklar\u0131 ile birlikte tura devam etti.\u00a0<\/span><br style=\"box-sizing: border-box; font-family: sans-serif; font-size: 14px; line-height: 20px; text-align: justify; background-color: rgb(242, 244, 245);\" \/><br \/>\n<span style=\"font-family: sans-serif; line-height: 20px; text-align: justify; background-color: rgb(242, 244, 245);\">Eme\u011fi ge\u00e7enlere te\u015fekk\u00fcr eden Belediye Ba\u015fkan\u0131 \u015eevket Can, \u201cCefakar vefakar taraftarlar\u0131m\u0131zla zor bir d\u00f6nemde tak\u0131m\u0131m\u0131z\u0131n yan\u0131nda yer ald\u0131k. Play-off\u2019ta \u00e7\u0131karak hedefimize ula\u015ft\u0131k. Emeklerimiz, \u00e7abalar\u0131m\u0131z bo\u015fa gitmedi\u011fi i\u00e7in \u00e7ok mutluyuz. Bu zaferde eme\u011fi ge\u00e7en ba\u015fta cefakar taraftarlar\u0131m\u0131za, y\u00f6netime, teknik ekibe ve k\u0131ymetli oyuncular\u0131m\u0131za te\u015fekk\u00fcr ediyorum. Bug\u00fcn bu sevinci b\u00fct\u00fcn hem\u015fehrilerimizle ya\u015fad\u0131k. \u015eampiyonluk tak\u0131m\u0131m\u0131za, \u015fehrimize ve Mersinimize hay\u0131rl\u0131 u\u011furlu olsun\u201d dedi.\u00a0<\/span><\/span><\/p>\n<p>\u0130HA<\/p>\n","protected":false},"excerpt":{"rendered":"<p>TFF 3. Lig 2. Grup Play-off\u2019ta \u015fampiyonlu\u011funu ilan ederek TFF 2. Lig&#8217;e \u00e7\u0131kan Tarsus \u0130dman Yurdu Spor Kul\u00fcb\u00fc, kupas\u0131n\u0131 kald\u0131rd\u0131ktan sonra \u00fcst\u00fc a\u00e7\u0131k otob\u00fcsle \u015fehir turu att\u0131.<\/p>\n","protected":false},"author":2,"featured_media":0,"comment_status":"open","ping_status":"open","sticky":false,"template":"","format":"standard","meta":{"footnotes":""},"categories":[],"tags":[],"class_list":["post-2024","post","type-post","status-publish","format-standard","hentry"],"views":20,"_links":{"self":[{"href":"https:\/\/mersingazetesi.com\/index.php\/wp-json\/wp\/v2\/posts\/2024","targetHints":{"allow":["GET"]}}],"collection":[{"href":"https:\/\/mersingazetesi.com\/index.php\/wp-json\/wp\/v2\/posts"}],"about":[{"href":"https:\/\/mersingazetesi.com\/index.php\/wp-json\/wp\/v2\/types\/post"}],"author":[{"embeddable":true,"href":"https:\/\/mersingazetesi.com\/index.php\/wp-json\/wp\/v2\/users\/2"}],"replies":[{"embeddable":true,"href":"https:\/\/mersingazetesi.com\/index.php\/wp-json\/wp\/v2\/comments?post=2024"}],"version-history":[{"count":0,"href":"https:\/\/mersingazetesi.com\/index.php\/wp-json\/wp\/v2\/posts\/2024\/revisions"}],"wp:attachment":[{"href":"https:\/\/mersingazetesi.com\/index.php\/wp-json\/wp\/v2\/media?parent=2024"}],"wp:term":[{"taxonomy":"category","embeddable":true,"href":"https:\/\/mersingazetesi.com\/index.php\/wp-json\/wp\/v2\/categories?post=2024"},{"taxonomy":"post_tag","embeddable":true,"href":"https:\/\/mersingazetesi.com\/index.php\/wp-json\/wp\/v2\/tags?post=2024"}],"curies":[{"name":"wp","href":"https:\/\/api.w.org\/{rel}","templated":true}]}}