{"id":20046,"date":"2022-02-11T14:51:42","date_gmt":"2022-02-11T11:51:42","guid":{"rendered":"http:\/\/mersingazetesi.com\/?p=20046"},"modified":"2024-06-11T21:47:47","modified_gmt":"2024-06-11T18:47:47","slug":"disk-kesk-tmmob-ttb-ispartada-coken-yalniz-elektrik-sebekesi-degil-iktidarin-enerji-basta-olmak-uzere-kamusal-hizmetleri-ozellestirme-politikasidir-2","status":"publish","type":"post","link":"https:\/\/mersingazetesi.com\/index.php\/2022\/02\/11\/disk-kesk-tmmob-ttb-ispartada-coken-yalniz-elektrik-sebekesi-degil-iktidarin-enerji-basta-olmak-uzere-kamusal-hizmetleri-ozellestirme-politikasidir-2\/","title":{"rendered":"D\u0130SK, KESK, TMMOB, TTB: &#8220;ISPARTA\u2019DA \u00c7\u00d6KEN YALNIZ ELEKTR\u0130K \u015eEBEKES\u0130 DE\u011e\u0130L, \u0130KT\u0130DARIN ENERJ\u0130 BA\u015eTA OLMAK \u00dcZERE KAMUSAL H\u0130ZMETLER\u0130 \u00d6ZELLE\u015eT\u0130RME POL\u0130T\u0130KASIDIR!&#8221; -2"},"content":{"rendered":"<div id=\":qz\" class=\"Ar Au Ao\">\n<div id=\":qv\" class=\"Am Al editable LW-avf tS-tW tS-tY\" tabindex=\"1\" role=\"textbox\" contenteditable=\"true\" spellcheck=\"false\" aria-label=\"\u0130leti G\u00f6vdesi\" aria-multiline=\"true\">\n<div dir=\"ltr\">\n<div>SORUN \u201cKADERC\u0130 HAKKINIZI HELAL ED\u0130N\u201d ANLAYI\u015eIYLA \u00c7\u00d6Z\u00dcMLENEMEZ<\/div>\n<div><\/div>\n<div>Kesinti s\u00fcresince \u00e7ektikleri s\u0131k\u0131nt\u0131lardan \u00f6t\u00fcr\u00fc yurtta\u015flar, maddi ve manevi olarak y\u0131prand\u0131klar\u0131 gibi, \u015febekeye kesintili olarak verilen elektri\u011fin neden oldu\u011fu gerilim voltaj\u0131ndaki ani ve beklenmedik de\u011fi\u015fimler, elektrikli ve elektronik cihazlarda ar\u0131zalara, evlerinde, i\u015fyerlerinde g\u0131da maddelerinde bozulmalara neden olmu\u015ftur.<\/div>\n<div><\/div>\n<div>\u00a0Isparta\u2019da ya\u015fanan elektrik kesintilerinde, tedarik s\u00fcreklili\u011fini \u00f6ng\u00f6ren \u201cElektrik Piyasas\u0131nda Da\u011f\u0131t\u0131m ve Perakende Sat\u0131\u015f Faaliyetlerine \u0130li\u015fkin Kalite Y\u00f6netmeli\u011fi\u201d nde yer alan kesinti s\u00fcreleri ve s\u0131kl\u0131\u011f\u0131na dair e\u015fik de\u011ferler a\u015f\u0131lm\u0131\u015ft\u0131r. Ya\u015fanan kesintilerden yurtta\u015flar zarar g\u00f6rm\u00fc\u015f ve ya\u015famlar\u0131 olumsuz olarak etkilenmi\u015ftir. Y\u00f6netmelik h\u00fck\u00fcmlerine g\u00f6re vatanda\u015flar\u0131m\u0131z\u0131n zararlar\u0131n\u0131n da\u011f\u0131t\u0131m \u015firketi taraf\u0131ndan tazmin edilmesi gerekmektedir.<\/div>\n<div><\/div>\n<div>\u00a0Elektrik da\u011f\u0131t\u0131m sistemi i\u015fletmesi, b\u00f6lgesel olarak tekel konumunda ve merkezi planlama anlay\u0131\u015f\u0131 i\u00e7inde kamusal hizmeti zorunlu k\u0131lmaktad\u0131r. Bu nedenledir ki:<\/div>\n<div><\/div>\n<div>\u00d6zelle\u015ftirme uygulamalar\u0131na derhal son verilmeli,<\/div>\n<div>\u00d6zelle\u015ftirilen b\u00f6lgesel da\u011f\u0131t\u0131m \u015febekeleri ve \u015firketleri tekrar kamuya d\u00f6nmeli,<\/div>\n<div>\u00d6zelle\u015ftirilen verimli kamu santrallar\u0131 kamuya geri d\u00f6nmeli,<\/div>\n<div>TE\u0130A\u015e \u00f6zelle\u015ftirme kararlar\u0131 iptal edilmeli,<\/div>\n<div>Enerjinin kamusal bir hizmet oldu\u011fu, \u00fcretimi, iletimi ve da\u011f\u0131t\u0131m\u0131n \u00f6zel \u015firketlerin kar h\u0131rs\u0131na ve insaf\u0131na b\u0131rak\u0131lmaks\u0131z\u0131n, kamu kurulu\u015flar\u0131 eliyle, toplum \u00e7\u0131karlar\u0131 do\u011frultusunda verilmesi gere\u011fi alg\u0131s\u0131 t\u00fcm topluma mal edilmelidir.<\/div>\n<div><\/div>\n<div>En k\u0131sa zamanda:<\/div>\n<div><\/div>\n<div>Isparta\u2019da ya\u015fanan sorunlar hakk\u0131nda \u015feffaf ve do\u011fru bilgi ak\u0131\u015f\u0131n\u0131n d\u00fczenli aral\u0131klarla sa\u011flanmas\u0131,<\/div>\n<div>H\u0131zl\u0131 ihtiya\u00e7 de\u011ferlendirmesi yap\u0131larak ilgili kurumlar\u0131n harekete ge\u00e7irilmesi,<\/div>\n<div>\u0130l d\u0131\u015f\u0131ndan yard\u0131m gerektiren ba\u015fl\u0131klarda gerekli yard\u0131m ekiplerinin Isparta\u2019ya y\u00f6nlendirilmesi,<\/div>\n<div>Temel g\u0131da, i\u00e7me suyu ve \u0131s\u0131nma ihtiya\u00e7lar\u0131 konusunda kamu imkanlar\u0131 kullan\u0131larak ihtiya\u00e7 duyan kesimlere destek sa\u011flanmas\u0131,<\/div>\n<div>Sa\u011fl\u0131k hizmetlerine eri\u015fimde g\u00fc\u00e7l\u00fck ya\u015fayan kesimlerin belirlenerek sa\u011fl\u0131k ihtiya\u00e7lar\u0131n\u0131n giderilmesine y\u00f6nelik \u00e7al\u0131\u015fmalar\u0131n ba\u015flat\u0131lmas\u0131,<\/div>\n<div>Acil hizmetlere eri\u015fimin \u00f6n\u00fcndeki engellerin en h\u0131zl\u0131 \u015fekilde giderilmesi gerekmektedir.<\/div>\n<div>\u00dclkemizde gerekli altyap\u0131sal haz\u0131rl\u0131klar\u0131n yap\u0131lmamas\u0131 ve plans\u0131zl\u0131klar, 2022 y\u0131l\u0131nda bize bu dram\u0131 ya\u015fatm\u0131\u015ft\u0131r. Geldi\u011fimiz noktada; art\u0131k kamunun t\u00fcm imkanlar\u0131 kullan\u0131larak Isparta\u2019da ya\u015fanan t\u00fcm sorunlar kar\u015f\u0131s\u0131nda hesap verebilirlik mekanizmalar\u0131 i\u015fletilmeli ve yasal i\u015flemler ba\u015flat\u0131lmal\u0131d\u0131r.<\/div>\n<div><\/div>\n<div>Meydana gelen olaylarda sorumlulu\u011fu bulunan yetkililer ise gere\u011fini yaparak istifa etmelidir!<\/div>\n<div>D\u0130SK KESK TMMOB TTB<\/div>\n<\/div>\n<\/div>\n<\/div>\n","protected":false},"excerpt":{"rendered":"<p>SORUN \u201cKADERC\u0130 HAKKINIZI HELAL ED\u0130N\u201d ANLAYI\u015eIYLA \u00c7\u00d6Z\u00dcMLENEMEZ Kesinti s\u00fcresince \u00e7ektikleri s\u0131k\u0131nt\u0131lardan \u00f6t\u00fcr\u00fc yurtta\u015flar, maddi ve manevi olarak y\u0131prand\u0131klar\u0131 gibi, \u015febekeye kesintili olarak verilen elektri\u011fin neden oldu\u011fu gerilim voltaj\u0131ndaki ani ve beklenmedik de\u011fi\u015fimler, elektrikli ve elektronik cihazlarda ar\u0131zalara, evlerinde, i\u015fyerlerinde g\u0131da maddelerinde bozulmalara neden olmu\u015ftur. \u00a0Isparta\u2019da ya\u015fanan elektrik kesintilerinde, tedarik s\u00fcreklili\u011fini \u00f6ng\u00f6ren \u201cElektrik Piyasas\u0131nda Da\u011f\u0131t\u0131m ve [&hellip;]<\/p>\n","protected":false},"author":13,"featured_media":0,"comment_status":"open","ping_status":"open","sticky":false,"template":"","format":"standard","meta":{"footnotes":""},"categories":[28],"tags":[],"class_list":["post-20046","post","type-post","status-publish","format-standard","hentry","category-serdar-erkan"],"views":72,"_links":{"self":[{"href":"https:\/\/mersingazetesi.com\/index.php\/wp-json\/wp\/v2\/posts\/20046","targetHints":{"allow":["GET"]}}],"collection":[{"href":"https:\/\/mersingazetesi.com\/index.php\/wp-json\/wp\/v2\/posts"}],"about":[{"href":"https:\/\/mersingazetesi.com\/index.php\/wp-json\/wp\/v2\/types\/post"}],"author":[{"embeddable":true,"href":"https:\/\/mersingazetesi.com\/index.php\/wp-json\/wp\/v2\/users\/13"}],"replies":[{"embeddable":true,"href":"https:\/\/mersingazetesi.com\/index.php\/wp-json\/wp\/v2\/comments?post=20046"}],"version-history":[{"count":0,"href":"https:\/\/mersingazetesi.com\/index.php\/wp-json\/wp\/v2\/posts\/20046\/revisions"}],"wp:attachment":[{"href":"https:\/\/mersingazetesi.com\/index.php\/wp-json\/wp\/v2\/media?parent=20046"}],"wp:term":[{"taxonomy":"category","embeddable":true,"href":"https:\/\/mersingazetesi.com\/index.php\/wp-json\/wp\/v2\/categories?post=20046"},{"taxonomy":"post_tag","embeddable":true,"href":"https:\/\/mersingazetesi.com\/index.php\/wp-json\/wp\/v2\/tags?post=20046"}],"curies":[{"name":"wp","href":"https:\/\/api.w.org\/{rel}","templated":true}]}}