{"id":1994,"date":"2021-11-23T11:49:44","date_gmt":"2021-11-23T08:49:44","guid":{"rendered":"http:\/\/mersin.mesiad.org\/index.php\/2021\/11\/23\/ucu-acik-elektrik-kablosu-vatandasi-tedirgin-ediyor\/"},"modified":"2021-11-23T11:49:44","modified_gmt":"2021-11-23T08:49:44","slug":"ucu-acik-elektrik-kablosu-vatandasi-tedirgin-ediyor","status":"publish","type":"post","link":"https:\/\/mersingazetesi.com\/index.php\/2021\/11\/23\/ucu-acik-elektrik-kablosu-vatandasi-tedirgin-ediyor\/","title":{"rendered":"UCU A\u00c7IK ELEKTR\u0130K KABLOSU VATANDA\u015eI TED\u0130RG\u0130N ED\u0130YOR!"},"content":{"rendered":"<blockquote type=\"cite\">\n<div dir=\"ltr\">\n<p><span style=\"font-size:16px;\">D\u0131\u015far\u0131ya \u00f6nlemsiz bir \u015fekilde b\u0131rak\u0131lm\u0131\u015f elektrik kablosu insan hayat\u0131n\u0131 tehlikeye sokuyor.<\/span><\/p>\n<p><span style=\"font-size:16px;\">Kablolarda elektri\u011fin olup olmamas\u0131 y\u00f6n\u00fcnde herhangi bir bilginin olmad\u0131\u011f\u0131n\u0131 ve d\u0131\u015far\u0131da b\u0131rak\u0131lan kablonun vatanda\u015fta tedirginlik yaratt\u0131\u011f\u0131 belirtiliyor.<\/span><\/p>\n<p><span style=\"font-size:16px;\">Kabloyu d\u0131\u015far\u0131da \u00f6nlemsiz bir \u015fekilde g\u00f6ren vatanda\u015flar \u015fa\u015fk\u0131nl\u0131kla olay\u0131n \u015fokunu ya\u015f\u0131yor.<\/span><\/p>\n<p><span style=\"font-size:16px;\">Kabloda elektri\u011fin olmamas\u0131 halinde bile kablonun k\u0131sa bir \u015fekilde olmas\u0131, vatanda\u015f\u0131n aya\u011f\u0131n\u0131n tak\u0131lmamas\u0131 i\u00e7in \u00f6nlem al\u0131nmas\u0131 gerekti\u011fi belirtildi.<\/span><\/p>\n<p>\u00a0<\/p>\n<p><span style=\"font-size:16px;\">Tepkisini dile getiren vatanda\u015f: \u201cBu kabloda elektrikte olmayabilir. \u00c7ocuklar i\u00e7in de \u00e7ok k\u00f6t\u00fc bir \u00f6rnek. Ama ger\u00e7ekten vatanda\u015f\u0131 da tedirgin ediyor. Yani elektri\u011fin olmas\u0131 durumda \u00e7ok b\u00fcy\u00fck bir tehlikedir. Elektrik \u00e7arp\u0131p \u00f6ld\u00fckten sonra m\u0131 yap\u0131lmal\u0131? Bu kablonun d\u0131\u015far\u0131 oldu\u011funu bilen vatanda\u015f yolunu de\u011fi\u015ftirmek zorunda kal\u0131yor. Ger\u00e7ekten \u015fahsen ben kendim tedirgin oluyorum. Elektrik olmasa bile bu kablonun k\u0131salt\u0131lmas\u0131 toprak alt\u0131nda g\u00f6z\u00fckmemesi gerekir.\u201d ifadelerini kulland\u0131.<\/span><\/p>\n<p>\u00a0<\/p>\n<p><span style=\"font-size:16px;\">Olay\u0131n \u015fokunu ya\u015fayan ba\u015fka bir vatanda\u015f ise \u015fu ifadelere yer verdi: \u201c Ben g\u00f6r\u00fcnce ger\u00e7ekten \u015fa\u015f\u0131rd\u0131m. Burada genelde \u00f6\u011frencilerin \u00e7ok yo\u011fun oldu\u011fu bir yer. Kablonun d\u0131\u015far\u0131da olmas\u0131 bile yanl\u0131\u015f bir \u015fey. Ak\u015fam d\u0131\u015far\u0131ya gezmeye \u00e7\u0131kan \u00f6\u011frencilerin aya\u011f\u0131na tak\u0131l\u0131p k\u00f6t\u00fc bir olay ya\u015fansa onun hesab\u0131n\u0131 kim verecek. Elektri\u011fin var oldu\u011funu d\u00fc\u015f\u00fcnelim. Ya\u011fmur ya\u011f\u0131nca daha \u00e7ok tehlike yaratacak. Elektrik olmasa bile yine sorun. Kabloyu uzun b\u0131rakmalar\u0131 bile s\u0131k\u0131nt\u0131. Hangi ak\u0131l ve mant\u0131kla yapm\u0131\u015flarsa hala \u015fa\u015fk\u0131n\u0131m.\u201d<\/span><\/p>\n<\/div>\n<\/blockquote>\n<p>EMRAH B\u0130RG\u00dcL<\/p>\n","protected":false},"excerpt":{"rendered":"<p>Mersin \u00dcniversitesi Caddesi \u00fczerinde kald\u0131r\u0131m kenar\u0131nda bulunan ucu a\u00e7\u0131k elektrik kablosunun d\u0131\u015far\u0131da \u00f6nlemsiz bir \u015fekilde b\u0131rak\u0131lmas\u0131n\u0131 g\u00f6ren vatanda\u015flar tepkisini koydu.<\/p>\n","protected":false},"author":2,"featured_media":0,"comment_status":"open","ping_status":"open","sticky":false,"template":"","format":"standard","meta":{"footnotes":""},"categories":[],"tags":[],"class_list":["post-1994","post","type-post","status-publish","format-standard","hentry"],"views":58,"_links":{"self":[{"href":"https:\/\/mersingazetesi.com\/index.php\/wp-json\/wp\/v2\/posts\/1994","targetHints":{"allow":["GET"]}}],"collection":[{"href":"https:\/\/mersingazetesi.com\/index.php\/wp-json\/wp\/v2\/posts"}],"about":[{"href":"https:\/\/mersingazetesi.com\/index.php\/wp-json\/wp\/v2\/types\/post"}],"author":[{"embeddable":true,"href":"https:\/\/mersingazetesi.com\/index.php\/wp-json\/wp\/v2\/users\/2"}],"replies":[{"embeddable":true,"href":"https:\/\/mersingazetesi.com\/index.php\/wp-json\/wp\/v2\/comments?post=1994"}],"version-history":[{"count":0,"href":"https:\/\/mersingazetesi.com\/index.php\/wp-json\/wp\/v2\/posts\/1994\/revisions"}],"wp:attachment":[{"href":"https:\/\/mersingazetesi.com\/index.php\/wp-json\/wp\/v2\/media?parent=1994"}],"wp:term":[{"taxonomy":"category","embeddable":true,"href":"https:\/\/mersingazetesi.com\/index.php\/wp-json\/wp\/v2\/categories?post=1994"},{"taxonomy":"post_tag","embeddable":true,"href":"https:\/\/mersingazetesi.com\/index.php\/wp-json\/wp\/v2\/tags?post=1994"}],"curies":[{"name":"wp","href":"https:\/\/api.w.org\/{rel}","templated":true}]}}