{"id":19934,"date":"2022-02-10T14:10:44","date_gmt":"2022-02-10T11:10:44","guid":{"rendered":"http:\/\/mersingazetesi.com\/?p=19934"},"modified":"2024-06-11T21:47:47","modified_gmt":"2024-06-11T18:47:47","slug":"serdar-erkan-penceremden-disk-kesk-tmmob-ttb-ispartada-coken-yalniz-elektrik-sebekesi-degil-iktidarin-enerji-basta-olmak-uzere-kamusal-hizmetleri-ozellestirme-politikasidir-1","status":"publish","type":"post","link":"https:\/\/mersingazetesi.com\/index.php\/2022\/02\/10\/serdar-erkan-penceremden-disk-kesk-tmmob-ttb-ispartada-coken-yalniz-elektrik-sebekesi-degil-iktidarin-enerji-basta-olmak-uzere-kamusal-hizmetleri-ozellestirme-politikasidir-1\/","title":{"rendered":"SERDAR ERKAN-PENCEREMDEN: D\u0130SK, KESK, TMMOB, TTB: &#8220;ISPARTA\u2019DA \u00c7\u00d6KEN YALNIZ ELEKTR\u0130K \u015eEBEKES\u0130 DE\u011e\u0130L, \u0130KT\u0130DARIN ENERJ\u0130 BA\u015eTA OLMAK \u00dcZERE KAMUSAL H\u0130ZMETLER\u0130 \u00d6ZELLE\u015eT\u0130RME POL\u0130T\u0130KASIDIR!&#8221; -1"},"content":{"rendered":"<div id=\":ri\" class=\"Ar Au Ao\">\n<div id=\":10k\" class=\"Am Al editable LW-avf tS-tW tS-tY\" tabindex=\"1\" role=\"textbox\" contenteditable=\"true\" spellcheck=\"false\" aria-label=\"\u0130leti G\u00f6vdesi\" aria-multiline=\"true\">\n<div dir=\"ltr\">\n<div>Ge\u00e7ti\u011fimiz g\u00fcnlerde Isparta&#8217;da ya\u015fanan kar ya\u011f\u0131\u015flar\u0131 sonras\u0131nda kent geneline 3 g\u00fcn\u00fc a\u015fk\u0131n s\u00fcre boyunca elektrik verilmeyerek t\u00fcm halk\u0131n hayat\u0131n\u0131 ve sa\u011fl\u0131\u011f\u0131n\u0131 tehdit edilmesine ili\u015fkin D\u0130SK, KESK, TMMOB ve TTB taraf\u0131ndan 8 \u015eubat 2022 tarihinde ortak bas\u0131n a\u00e7\u0131klamas\u0131 yap\u0131ld\u0131.<\/div>\n<div>A\u00e7\u0131klamada;<\/div>\n<div>\u201cISPARTA\u2019DA \u00c7\u00d6KEN YALNIZ ELEKTR\u0130K \u015eEBEKES\u0130 DE\u011e\u0130L, \u0130KT\u0130DARIN ENERJ\u0130 BA\u015eTA OLMAK \u00dcZERE KAMUSAL H\u0130ZMETLER\u0130 \u00d6ZELLE\u015eT\u0130RME POL\u0130T\u0130KASIDIR!<\/div>\n<div><\/div>\n<div>G\u00dcNLERCE SO\u011eUK VE KARANLIKTA KALMAYA MAHKUM ED\u0130LEN YURTTA\u015eLARIN MADD\u0130 MANEV\u0130 ZARARLARI TAZM\u0130N ED\u0130LMEL\u0130D\u0130R!\u201d denildi.<\/div>\n<div><\/div>\n<div>Isparta\u2019da elektrik \u015febekesinde ya\u015fanan, il genelinde etkili olan ve giderilmesi g\u00fcnler alan elektrik \u015febeke ar\u0131zas\u0131, onbinlerce yurtta\u015f\u0131 saatler, g\u00fcnler boyu karanl\u0131k ve so\u011fu\u011fa mahkum ederek ma\u011fdur etmi\u015f, maddi, manevi zarara u\u011fratm\u0131\u015ft\u0131r.<\/div>\n<div><\/div>\n<div>Is\u0131nmadan hijyene, beslenmeden ileti\u015fime kadar akla gelebilecek t\u00fcm insani ihtiya\u00e7lar\u0131n temel gereksinimlerinden olan elektrik, g\u00fcn\u00fcm\u00fczde \u00f6zel sermayenin eline teslim edilmi\u015f durumdad\u0131r.<\/div>\n<div><\/div>\n<div>Kurulu g\u00fc\u00e7 ve \u00fcretimdeki pay\u0131, y\u00fczde 20\u2019nin alt\u0131na d\u00fc\u015fen kamunun ne fiyatlar\u0131 kontrol alt\u0131na alacak, ne elektrik arz\u0131nda s\u00fcreklili\u011fi sa\u011flayacak, ne de toplumsal fayday\u0131 g\u00f6zetecek bir g\u00fcc\u00fc ve kontrol mekanizmas\u0131 kalmam\u0131\u015ft\u0131r.<\/div>\n<div><\/div>\n<div>Kamu varl\u0131klar\u0131n\u0131 bir mirasyedi havas\u0131nda yok pahas\u0131na elden \u00e7\u0131karan, kamusal hizmetleri \u00f6zelle\u015ftiren, kamu elektrik \u00fcretim santrallerini ve da\u011f\u0131t\u0131m \u015firketlerini, ayr\u0131cal\u0131kl\u0131 \u00f6zel \u015firketlere devreden iktidar, y\u0131lba\u015f\u0131nda yapt\u0131\u011f\u0131 y\u00fcksek oranl\u0131 zamlarla \u00f6zel elektrik \u00fcretim ve da\u011f\u0131t\u0131m \u015firketlerinin kazan\u00e7lar\u0131n\u0131 katlamalar\u0131na da imkan vermi\u015ftir.<\/div>\n<div><\/div>\n<div>ELEKTR\u0130K KES\u0130NT\u0130LER\u0130 K\u00d6T\u00dc HAVA \u015eARTLARI GEREK\u00c7ES\u0130 \u0130LE MAZUR G\u00d6STER\u0130LEMEZ. DA\u011eITIM \u015e\u0130RKET\u0130N\u0130N G\u00d6REV VE SORUMLULUKLARI G\u00d6Z ARDI ED\u0130LMEMEL\u0130D\u0130R!<\/div>\n<div><\/div>\n<div>24 Ocak 2022 g\u00fcn\u00fc ba\u015flayan haftada, \u00fclkemizin so\u011fuk hava dalgas\u0131n\u0131n etkisine girece\u011fi, bir\u00e7ok b\u00f6lgede yo\u011fun kar ya\u011f\u0131\u015f\u0131 ve f\u0131rt\u0131nan\u0131n etkili olaca\u011f\u0131 ve ya\u015fam\u0131 etkileyece\u011fi;<\/div>\n<div><\/div>\n<div>Meteoroloji Genel M\u00fcd\u00fcrl\u00fc\u011f\u00fc ve Valilikler taraf\u0131ndan g\u00fcnler \u00f6ncesinde duyurulmu\u015ftu. Nitekim beklenen hava dalgas\u0131 etkisini g\u00f6stermi\u015f ve \u00fclke genelinde baz\u0131 b\u00f6lgelerde \u015fehir i\u00e7i ve \u015fehirleraras\u0131 karayolu ula\u015f\u0131m\u0131 ba\u015fta olmak \u00fczere, deniz ve hava yolu trafi\u011finde de saatler s\u00fcren kesintiler ya\u015fanm\u0131\u015ft\u0131r.<\/div>\n<div><\/div>\n<div>Isparta\u2019da binlerce yurtta\u015f\u0131n ma\u011fduriyeti halen devam etmektedir. Yo\u011fun kar, buzlanma ve elektrik kesintisinden dolay\u0131, COVID-19 ile ilgili hizmetler ba\u015fta olmak \u00fczere; sa\u011fl\u0131k hizmetlerindeki aksamalar\u0131n etkisini maalesef \u00f6n\u00fcm\u00fczdeki d\u00f6nemde de hissedebilece\u011fiz.<\/div>\n<div><\/div>\n<div>Isparta\u2019daki elektrik kesintileriyle ilgili bas\u0131nda \u00e7\u0131kan bir di\u011fer haber ise, Yalva\u00e7 il\u00e7esinde evinde donarak \u00f6len bir yurtta\u015f\u0131m\u0131z\u0131n oldu\u011fudur. G\u00fcn\u00fcm\u00fczde azami kamusal \u015fartlar sa\u011fland\u0131\u011f\u0131nda, bir insan\u0131n evinde donarak \u00f6lmesi pek m\u00fcmk\u00fcn de\u011fildir. E\u011fer yurtta\u015f\u0131m\u0131z\u0131n \u00f6l\u00fcm\u00fc hipotermi nedeniyle veya hipotermi d\u0131\u015f\u0131nda, sa\u011fl\u0131k hizmetlerine ula\u015famama gibi bir nedenle ise, her iki durumda tamamen kamunun sorumlulu\u011fundad\u0131r. Yurtta\u015flar\u0131n ola\u011fand\u0131\u015f\u0131 durumlardan etkilenmelerini en aza indirecek d\u00fczenlemeler, devletin yurtta\u015flara kar\u015f\u0131 en \u00f6nemli y\u00fck\u00fcml\u00fcl\u00fcklerinden biridir.<\/div>\n<div><\/div>\n<div>Bug\u00fcne kadar, hi\u00e7bir ilimizde Isparta ili genelinde ya\u015fanan boyutta ve kentsel alanlarda 48 saati a\u015fan, baz\u0131 b\u00f6lgeleri ile k\u00f6ylerinde halen devam eden elektrik kesintileri ya\u015fanmam\u0131\u015ft\u0131r.<\/div>\n<div><\/div>\n<div>\u00d6zellikle kentsel alanlarda ya\u015fanan kesintileri yo\u011fun kar ya\u011f\u0131\u015f\u0131 ve f\u0131rt\u0131na gibi mevsimsel olaylar ile a\u00e7\u0131klamak m\u00fcmk\u00fcn de\u011fildir. B\u00f6lgesel tekel olan elektrik da\u011f\u0131t\u0131m \u015firketi, i\u015fletme sorumlulu\u011funu \u00fcstlendi\u011fi da\u011f\u0131t\u0131m \u015febekesi b\u00f6lgesinde olabilecek meteorolojik olu\u015fum ve geli\u015fmeleri \u00f6nceden tahmin etmek, ola\u011fan d\u0131\u015f\u0131 do\u011fa ko\u015fullar\u0131nda uygulanacak Acil Eylem Planlar\u0131n\u0131 haz\u0131rlamak ve bu planlarda belirtilen \u00f6nlemleri uygulamakla y\u00fck\u00fcml\u00fcd\u00fcr. Isparta\u2019da ya\u015fanan s\u00fcre\u00e7, da\u011f\u0131t\u0131m \u015firketinin b\u00f6yle bir haz\u0131rl\u0131\u011f\u0131 olmad\u0131\u011f\u0131n\u0131 g\u00f6stermi\u015ftir.<\/div>\n<div><\/div>\n<div>Bundan da \u00f6te, i\u015fletme hakk\u0131n\u0131n devri y\u00f6ntemiyle 28.05.2013 tarihinde Akdeniz EDA\u015e\u2019\u0131 devralan \u00f6zel \u015firketin, devrin ger\u00e7ekle\u015fti\u011fi tarihten g\u00fcn\u00fcm\u00fcze kadar ge\u00e7en s\u00fcrede, gerekli yeni, yenileme, bak\u0131m onar\u0131n vb. t\u00fcm alt yap\u0131 yat\u0131r\u0131mlar\u0131n\u0131 yaparak ve i\u015fin y\u00fcr\u00fct\u00fcm i\u00e7in gerekli deneyimli personel istihdam\u0131n\u0131 sa\u011flayarak, bu t\u00fcr olumsuz ko\u015fullara kar\u015f\u0131 tedbirlerini alm\u0131\u015f olmas\u0131 gerekirdi.<\/div>\n<div><\/div>\n<div>Bu sorumluluk zincirinin ikinci halkas\u0131, \u00f6zelle\u015ftirilen elektrik da\u011f\u0131t\u0131m \u015firketlerinin \u00e7al\u0131\u015fmalar\u0131n\u0131n bilim ve tekni\u011fe uygun olarak yap\u0131l\u0131p-yap\u0131lmad\u0131\u011f\u0131, gerekli yat\u0131r\u0131mlar\u0131n yap\u0131l\u0131p yap\u0131lmad\u0131\u011f\u0131n\u0131 tahkik ve takiple y\u00fck\u00fcml\u00fc TEDA\u015e\u2019t\u0131r. Bu konuda TEDA\u015e\u2019\u0131n da g\u00f6revini tam olarak yerine getirmedi\u011fi anla\u015f\u0131lmaktad\u0131r.<\/div>\n<div><\/div>\n<div>Sorumluluk zincirinin en \u00fcst kademesi ise kamu y\u00f6netiminin il d\u00fczeyindeki birimleri, Enerji ve Tabii Kaynaklar Bakanl\u0131\u011f\u0131 ve siyasi iktidard\u0131r.<\/div>\n<div><\/div>\n<div>Isparta Valili\u011fi ve ildeki elektrik da\u011f\u0131t\u0131m\u0131n\u0131 sa\u011flayan Akdeniz Elektrik Da\u011f\u0131t\u0131m A\u015e\u2019nin kamuoyuna a\u00e7\u0131klamalar\u0131nda, per\u015fembe g\u00fcn\u00fc ba\u015flayan yo\u011fun kar ya\u011f\u0131\u015f\u0131 ve buzlanman\u0131n etkisiyle elektrik hatlar\u0131n\u0131n zarar g\u00f6rd\u00fc\u011f\u00fc ve \u015fehrin b\u00fcy\u00fck b\u00f6l\u00fcm\u00fcne elektrik verilmesinde sorunlar\u0131n ya\u015fand\u0131\u011f\u0131 belirtilmektedir. Ayr\u0131ca resmi kaynaklardan; kar ve buzlanma dolay\u0131s\u0131yla ula\u015f\u0131m\u0131n aksad\u0131\u011f\u0131, bug\u00fcn itibar\u0131yla Isparta\u2019da \u00fc\u00e7 g\u00fcnden uzun s\u00fcredir elektrik verilemeyen b\u00f6lgelerin oldu\u011fu, hastanelerde jenerat\u00f6rlerin devreye girdi\u011fi, evde solunum cihaz\u0131na ba\u011fl\u0131 olarak hayat\u0131n\u0131 s\u00fcrd\u00fcrebilen hastalar\u0131n hastanelere getirilerek tedavilerine devam edildi\u011fi belirtilmi\u015ftir. Ayn\u0131 zamanda, rekt\u00f6rl\u00fc\u011f\u00fcn s\u0131navlar\u0131 ertelememesinin neticesinde \u00f6\u011frencilerin b\u00fcy\u00fck sorunlar ya\u015fad\u0131\u011f\u0131 kurulu\u015flar\u0131m\u0131za gelen bilgiler aras\u0131ndad\u0131r. Yo\u011fun kar ya\u011f\u0131\u015f\u0131n\u0131n olaca\u011f\u0131 g\u00fcnler \u00f6ncesinden belli iken, yerel y\u00f6neticiler taraf\u0131ndan bu konuda da herhangi bir \u00f6nlem al\u0131nmamas\u0131 kabul edilir de\u011fildir.<\/div>\n<div>(Devam Edecek)<\/div>\n<\/div>\n<\/div>\n<\/div>\n","protected":false},"excerpt":{"rendered":"<p>Ge\u00e7ti\u011fimiz g\u00fcnlerde Isparta&#8217;da ya\u015fanan kar ya\u011f\u0131\u015flar\u0131 sonras\u0131nda kent geneline 3 g\u00fcn\u00fc a\u015fk\u0131n s\u00fcre boyunca elektrik verilmeyerek t\u00fcm halk\u0131n hayat\u0131n\u0131 ve sa\u011fl\u0131\u011f\u0131n\u0131 tehdit edilmesine ili\u015fkin D\u0130SK, KESK, TMMOB ve TTB taraf\u0131ndan 8 \u015eubat 2022 tarihinde ortak bas\u0131n a\u00e7\u0131klamas\u0131 yap\u0131ld\u0131. A\u00e7\u0131klamada; \u201cISPARTA\u2019DA \u00c7\u00d6KEN YALNIZ ELEKTR\u0130K \u015eEBEKES\u0130 DE\u011e\u0130L, \u0130KT\u0130DARIN ENERJ\u0130 BA\u015eTA OLMAK \u00dcZERE KAMUSAL H\u0130ZMETLER\u0130 \u00d6ZELLE\u015eT\u0130RME POL\u0130T\u0130KASIDIR! G\u00dcNLERCE [&hellip;]<\/p>\n","protected":false},"author":13,"featured_media":0,"comment_status":"open","ping_status":"open","sticky":false,"template":"","format":"standard","meta":{"footnotes":""},"categories":[28],"tags":[],"class_list":["post-19934","post","type-post","status-publish","format-standard","hentry","category-serdar-erkan"],"views":56,"_links":{"self":[{"href":"https:\/\/mersingazetesi.com\/index.php\/wp-json\/wp\/v2\/posts\/19934","targetHints":{"allow":["GET"]}}],"collection":[{"href":"https:\/\/mersingazetesi.com\/index.php\/wp-json\/wp\/v2\/posts"}],"about":[{"href":"https:\/\/mersingazetesi.com\/index.php\/wp-json\/wp\/v2\/types\/post"}],"author":[{"embeddable":true,"href":"https:\/\/mersingazetesi.com\/index.php\/wp-json\/wp\/v2\/users\/13"}],"replies":[{"embeddable":true,"href":"https:\/\/mersingazetesi.com\/index.php\/wp-json\/wp\/v2\/comments?post=19934"}],"version-history":[{"count":0,"href":"https:\/\/mersingazetesi.com\/index.php\/wp-json\/wp\/v2\/posts\/19934\/revisions"}],"wp:attachment":[{"href":"https:\/\/mersingazetesi.com\/index.php\/wp-json\/wp\/v2\/media?parent=19934"}],"wp:term":[{"taxonomy":"category","embeddable":true,"href":"https:\/\/mersingazetesi.com\/index.php\/wp-json\/wp\/v2\/categories?post=19934"},{"taxonomy":"post_tag","embeddable":true,"href":"https:\/\/mersingazetesi.com\/index.php\/wp-json\/wp\/v2\/tags?post=19934"}],"curies":[{"name":"wp","href":"https:\/\/api.w.org\/{rel}","templated":true}]}}