{"id":19558,"date":"2022-02-04T14:41:16","date_gmt":"2022-02-04T11:41:16","guid":{"rendered":"http:\/\/mersingazetesi.com\/?p=19558"},"modified":"2024-06-11T21:47:47","modified_gmt":"2024-06-11T18:47:47","slug":"serdar-erkan-penceremden-arslankoy-bir-ulu-cinarini-daha-kaybetti","status":"publish","type":"post","link":"https:\/\/mersingazetesi.com\/index.php\/2022\/02\/04\/serdar-erkan-penceremden-arslankoy-bir-ulu-cinarini-daha-kaybetti\/","title":{"rendered":"SERDAR ERKAN-PENCEREMDEN: ARSLANK\u00d6Y B\u0130R ULU \u00c7INARINI DAHA KAYBETT\u0130\u2026"},"content":{"rendered":"<div>\n<div>1 \u015eubat 2022 tarihinde 108 ya\u015f\u0131nda kaybetti\u011fimiz, babam\u0131n \u00f6z amca k\u0131z\u0131 Havana KO\u00c7(ERKAN) teyzemizi akrabalar\u0131 ve sevenleriyle Davultepe mezarl\u0131\u011f\u0131nda yo\u011fun ya\u011fan ya\u011fmurla sonsuzlu\u011fa u\u011furlad\u0131k.<\/div>\n<div>Kendisi canl\u0131 bir tarihti&#8230;<\/div>\n<div>Arslank\u00f6y\u2019\u00fcn kurtulu\u015fundan \u00f6nce do\u011fmu\u015ftu. 1947 y\u0131l\u0131nda Arslank\u00f6y\u2019de yap\u0131lan muhtarl\u0131k se\u00e7iminde ya\u015fanan tats\u0131z olaylar\u0131n e\u015fi Hasan Ko\u00e7 ile birlikte birinci dereceden san\u0131\u011f\u0131 ve tan\u0131\u011f\u0131 idi.<\/div>\n<div><\/div>\n<div>Konya mahkemelerinde hamile ilken idamla yarg\u0131land\u0131.<\/div>\n<div>O y\u0131l do\u011fan k\u0131z\u0131na ya\u015fad\u0131klar\u0131n\u0131n etkisi nedeniyle \u2018Hadise\u2019 ad\u0131n\u0131 koydu.<\/div>\n<div>Y\u0131llar sonra \u00f6zel sohbetlerimizde olaylar\u0131n i\u00e7i y\u00fcz\u00fcn\u00fc anlat\u0131rd\u0131.<\/div>\n<div>Siyasilerin, Cumhuriyet Devrimlerinden rahats\u0131zl\u0131k duyanlar\u0131n, ikinci D\u00fcnya sava\u015f\u0131n\u0131n zorlu ve zaman\u0131n ola\u011fan\u00fcst\u00fc ko\u015fullar\u0131ndan kaynakl\u0131 s\u0131k\u0131nt\u0131lar\u0131 ve baz\u0131 ki\u015fisel husumetleri vard\u0131.<\/div>\n<div>Bu nedenle, d\u0131\u015f d\u00fcnyaya kapal\u0131 k\u00fc\u00e7\u00fck bir k\u00f6yde ya\u015fananlar\u0131 ger\u00e7ek ekseninden sapt\u0131rarak kendi siyasi \u00e7\u0131karlar\u0131na kullanmalar\u0131na hep tepki g\u00f6sterirdi.<\/div>\n<div>Bug\u00fcnk\u00fc iktidar\u0131n uygulamalar\u0131n\u0131 da ele\u015ftirirdi. Bizleri de \u00a0biraz korkak (light) bulurdu.<\/div>\n<div>Son y\u0131llarda TV haberlerini hi\u00e7 ka\u00e7\u0131rmaz, a\u011f\u0131r i\u015fiten kula\u011f\u0131 ile dikkatle takip ederdi.<\/div>\n<div>Yine son y\u0131llar\u0131nda Covid\u2019den kendini \u00e7ok dikkatle korudu.<\/div>\n<div>Ancak ya\u015fl\u0131l\u0131\u011fa ba\u011fl\u0131 sa\u011fl\u0131k sorunlar\u0131 nedeniyle yorgun ve ya\u015fl\u0131 v\u00fccudu daha fazla dayanamad\u0131.<\/div>\n<div>Arslank\u00f6y\u2019\u00fcn zorlu do\u011fa \u015fartlar\u0131nda y\u0131llarca kendi k\u00f6y evinde son 7-8 y\u0131la kadar yaln\u0131z ya\u015fayabilecek, zihin ve v\u00fccut sa\u011fl\u0131\u011f\u0131yla, direngen, g\u00fc\u00e7l\u00fc, m\u00fccadeleci, sevecen ve espirili y\u00f6r\u00fck kad\u0131n\u0131n son temsilcilerindendi.<\/div>\n<div>Art\u0131k sevgili e\u015fi Hasan Ko\u00e7 amcaya kavu\u015ftu.<\/div>\n<div>Y\u0131ld\u0131zlar yolda\u015f\u0131n, mekan\u0131 cennet olsun Havana teyzem\u2026<\/div>\n<div>Arslank\u00f6yl\u00fcler ve bizler seni hi\u00e7 unutmayaca\u011f\u0131z<img loading=\"lazy\" decoding=\"async\" class=\" wp-image-19570 alignleft\" src=\"http:\/\/mersingazetesi.com\/wp-content\/uploads\/2022\/02\/Image-5.jpg\" alt=\"\" width=\"699\" height=\"525\" \/>\u2026<\/div>\n<\/div>\n<div><\/div>\n","protected":false},"excerpt":{"rendered":"<p>1 \u015eubat 2022 tarihinde 108 ya\u015f\u0131nda kaybetti\u011fimiz, babam\u0131n \u00f6z amca k\u0131z\u0131 Havana KO\u00c7(ERKAN) teyzemizi akrabalar\u0131 ve sevenleriyle Davultepe mezarl\u0131\u011f\u0131nda yo\u011fun ya\u011fan ya\u011fmurla sonsuzlu\u011fa u\u011furlad\u0131k. Kendisi canl\u0131 bir tarihti&#8230; Arslank\u00f6y\u2019\u00fcn kurtulu\u015fundan \u00f6nce do\u011fmu\u015ftu. 1947 y\u0131l\u0131nda Arslank\u00f6y\u2019de yap\u0131lan muhtarl\u0131k se\u00e7iminde ya\u015fanan tats\u0131z olaylar\u0131n e\u015fi Hasan Ko\u00e7 ile birlikte birinci dereceden san\u0131\u011f\u0131 ve tan\u0131\u011f\u0131 idi. Konya mahkemelerinde hamile [&hellip;]<\/p>\n","protected":false},"author":13,"featured_media":0,"comment_status":"open","ping_status":"open","sticky":false,"template":"","format":"standard","meta":{"footnotes":""},"categories":[28],"tags":[],"class_list":["post-19558","post","type-post","status-publish","format-standard","hentry","category-serdar-erkan"],"views":70,"_links":{"self":[{"href":"https:\/\/mersingazetesi.com\/index.php\/wp-json\/wp\/v2\/posts\/19558","targetHints":{"allow":["GET"]}}],"collection":[{"href":"https:\/\/mersingazetesi.com\/index.php\/wp-json\/wp\/v2\/posts"}],"about":[{"href":"https:\/\/mersingazetesi.com\/index.php\/wp-json\/wp\/v2\/types\/post"}],"author":[{"embeddable":true,"href":"https:\/\/mersingazetesi.com\/index.php\/wp-json\/wp\/v2\/users\/13"}],"replies":[{"embeddable":true,"href":"https:\/\/mersingazetesi.com\/index.php\/wp-json\/wp\/v2\/comments?post=19558"}],"version-history":[{"count":0,"href":"https:\/\/mersingazetesi.com\/index.php\/wp-json\/wp\/v2\/posts\/19558\/revisions"}],"wp:attachment":[{"href":"https:\/\/mersingazetesi.com\/index.php\/wp-json\/wp\/v2\/media?parent=19558"}],"wp:term":[{"taxonomy":"category","embeddable":true,"href":"https:\/\/mersingazetesi.com\/index.php\/wp-json\/wp\/v2\/categories?post=19558"},{"taxonomy":"post_tag","embeddable":true,"href":"https:\/\/mersingazetesi.com\/index.php\/wp-json\/wp\/v2\/tags?post=19558"}],"curies":[{"name":"wp","href":"https:\/\/api.w.org\/{rel}","templated":true}]}}