{"id":1930,"date":"2021-11-23T11:49:39","date_gmt":"2021-11-23T08:49:39","guid":{"rendered":"http:\/\/mersin.mesiad.org\/index.php\/2021\/11\/23\/ucurtma-ucurarak-akkuyuya-dikkat-cektiler\/"},"modified":"2021-11-23T11:49:39","modified_gmt":"2021-11-23T08:49:39","slug":"ucurtma-ucurarak-akkuyuya-dikkat-cektiler","status":"publish","type":"post","link":"https:\/\/mersingazetesi.com\/index.php\/2021\/11\/23\/ucurtma-ucurarak-akkuyuya-dikkat-cektiler\/","title":{"rendered":"U\u00e7urtma u\u00e7urarak Akkuyu&#8217;ya dikkat \u00e7ektiler"},"content":{"rendered":"<blockquote type=\"cite\">\n<div dir=\"ltr\">\n<p><span style=\"font-size:16px;\">Mersin N\u00fckleer Kar\u015f\u0131t\u0131 Platformu (NKP) \u00fcyeleri, \u201cAkkuyu\u2019ya n\u00fckleer santral istemiyoruz. Akkuyu \u00c7ernobil olmas\u0131n!\u201d dedi.<\/span><\/p>\n<p><span style=\"font-size:16px;\">\u00c7ernobil n\u00fckleer facias\u0131n\u0131n 32\u2019nci y\u0131l d\u00f6n\u00fcm\u00fcnde Bar\u0131\u015f Meydan\u0131\u2019nda bas\u0131n a\u00e7\u0131klamas\u0131 yanan NKP \u00fcyeleri, \u201cAkkuyu Fuku\u015fima olmas\u0131n\u201d yaz\u0131l\u0131 pankart a\u00e7t\u0131.<\/span><\/p>\n<p><span style=\"font-size:16px;\">\u201cAkkuyu \u00c7ernobil olmas\u0131n\u201d, \u201cN\u00fckleere inat ya\u015fas\u0131n hayat\u201d ve \u201cN\u00fckleer santral istemiyoruz&#8221; sloganlar\u0131 atan \u00e7evreciler, n\u00fckleer santral eylemlerine ili\u015fkin yap\u0131lan t\u00fcm engellemelere ra\u011fmen\u00a0Mersinlilere \u0131srarla n\u00fckleer santralin zararl\u0131 oldu\u011funu s\u00f6yleceklerini aktard\u0131.<\/span><\/p>\n<p><span style=\"font-size:16px;\">\u00c7evre bulunan vatanda\u015flar da u\u00e7urtma u\u00e7urarak sa\u011fl\u0131kl\u0131 \u00e7evre vurgusu yapan NKP \u00fcyelerine destek verdi.<\/span><\/p>\n<\/div>\n<\/blockquote>\n<p>EMRAH B\u0130RG\u00dcL<\/p>\n","protected":false},"excerpt":{"rendered":"<p>\u00c7ernobil n\u00fckleer facias\u0131n\u0131n y\u0131l d\u00f6n\u00fcm\u00fcnde u\u00e7urtma u\u00e7uran \u00e7evreciler: &#8220;Akkuyu \u00c7ernobil olmas\u0131n!\u201d dedi.<\/p>\n","protected":false},"author":2,"featured_media":0,"comment_status":"open","ping_status":"open","sticky":false,"template":"","format":"standard","meta":{"footnotes":""},"categories":[],"tags":[],"class_list":["post-1930","post","type-post","status-publish","format-standard","hentry"],"views":25,"_links":{"self":[{"href":"https:\/\/mersingazetesi.com\/index.php\/wp-json\/wp\/v2\/posts\/1930","targetHints":{"allow":["GET"]}}],"collection":[{"href":"https:\/\/mersingazetesi.com\/index.php\/wp-json\/wp\/v2\/posts"}],"about":[{"href":"https:\/\/mersingazetesi.com\/index.php\/wp-json\/wp\/v2\/types\/post"}],"author":[{"embeddable":true,"href":"https:\/\/mersingazetesi.com\/index.php\/wp-json\/wp\/v2\/users\/2"}],"replies":[{"embeddable":true,"href":"https:\/\/mersingazetesi.com\/index.php\/wp-json\/wp\/v2\/comments?post=1930"}],"version-history":[{"count":0,"href":"https:\/\/mersingazetesi.com\/index.php\/wp-json\/wp\/v2\/posts\/1930\/revisions"}],"wp:attachment":[{"href":"https:\/\/mersingazetesi.com\/index.php\/wp-json\/wp\/v2\/media?parent=1930"}],"wp:term":[{"taxonomy":"category","embeddable":true,"href":"https:\/\/mersingazetesi.com\/index.php\/wp-json\/wp\/v2\/categories?post=1930"},{"taxonomy":"post_tag","embeddable":true,"href":"https:\/\/mersingazetesi.com\/index.php\/wp-json\/wp\/v2\/tags?post=1930"}],"curies":[{"name":"wp","href":"https:\/\/api.w.org\/{rel}","templated":true}]}}