{"id":18818,"date":"2022-01-25T14:58:27","date_gmt":"2022-01-25T11:58:27","guid":{"rendered":"http:\/\/mersingazetesi.com\/?p=18818"},"modified":"2024-06-11T21:47:48","modified_gmt":"2024-06-11T18:47:48","slug":"serdar-erkan-penceremden-adalet-bekleyen-faili-mechul-aydinlarimiz","status":"publish","type":"post","link":"https:\/\/mersingazetesi.com\/index.php\/2022\/01\/25\/serdar-erkan-penceremden-adalet-bekleyen-faili-mechul-aydinlarimiz\/","title":{"rendered":"SERDAR ERKAN-PENCEREMDEN: ADALET BEKLEYEN \u2018FA\u0130L\u0130 ME\u00c7HUL\u2018 AYDINLARIMIZ\u2026"},"content":{"rendered":"<p>24 Ocak 1993 tarihinde katledilen U\u011fur Mumcu\u2019yu ile ard\u0131llar\u0131 di\u011fer failli me\u00e7hulleri,\u00a0\u00a0\u00a0Mumcu\u2019nun 29. \u00d6l\u00fcm\u00a0\u00a0y\u0131ld\u00f6n\u00fcm\u00fcnde , rahmetli Mersinli Sanat\u00e7\u0131 Mehmet Kabak\u2019\u0131n tasar\u0131m\u0131n\u0131 yapt\u0131\u011f\u0131 ve\u00a0\u00a0Atat\u00fcrk park\u0131 i\u00e7indeki an\u0131t\u0131 \u00f6n\u00fcnde sevenleriyle birlikte and\u0131k.<\/p>\n<p>Mersin \u0130mece Grubunu olu\u015fturan ADD, \u00c7YDD, E\u011e\u0130T\u0130M-\u0130\u015e, YEKD ve YKKED Mersin \u015eubelerinin birlikte d\u00fczenledikleri etkinli\u011fe CHP \u0130l ba\u015fkanl\u0131\u011f\u0131 ve \u00fcyeleri de kat\u0131ld\u0131lar. Konu\u015fmalarda, i\u00e7inde bulundu\u011fumuz Adalet ve Demokrasi haftas\u0131nda, H\u0131rant Dink ve t\u00fcm faili me\u00e7huller i\u00e7in adalet istediler.<\/p>\n<p>BOP RESMEN \u0130LAN ED\u0130L\u0130YOR<\/p>\n<p>Asl\u0131nda, B\u00fcy\u00fck Ortado\u011fu Projesi (BOP) 11 Eyl\u00fcl sald\u0131r\u0131lar\u0131ndan sonra,\u00a0\u00a0ABD\u2019de M\u00fcsl\u00fcman D\u00fcnya\u2019n\u0131n yeniden yap\u0131land\u0131r\u0131lmas\u0131 i\u00e7in o\u011ful Bush y\u00f6netimi taraf\u0131ndan\u00a0\u00a0ekonomik, siyasi ve askeri y\u00f6nleriyle \u2018b\u00fct\u00fcn olarak\u2019 uygulamas\u0131na ge\u00e7ilmi\u015ftir. Nihai amac\u0131, Condelezza Rice taraf\u0131ndan a\u00e7\u0131klanm\u0131\u015f, T\u00fcrkiye ve \u0130ran\u2019\u0131nda i\u00e7inde bulundu\u011fu 22 \u00dclkenin SINIRLARININ VE REJ\u0130MLER\u0130N\u0130N\u00a0\u00a0de\u011fi\u015ftirilece\u011fi a\u00e7\u0131k\u00e7a ilan edilmi\u015ftir.<\/p>\n<p>Asl\u0131nda BOP, 24 Ocak 1980 kararlar\u0131yla, T\u00fcrkiye\u2019de ilk olarak\u00a0\u00a0ekonomik y\u00f6n\u00fc ile ba\u015flat\u0131lm\u0131\u015ft\u0131.<\/p>\n<p>BOP ile tek laik M\u00fcsl\u00fcman \u00fclke olan T\u00fcrkiye\u2019nin; \u00fcretmeyen, sadece bat\u0131n\u0131n ucuz emek ve hammadde kayna\u011f\u0131 ve yar\u0131 s\u00f6m\u00fcrge ve ba\u011f\u0131ml\u0131 hale getirilmesi ama\u00e7land\u0131.<\/p>\n<p>BOP , T\u00fcrkiye i\u00e7in bir bak\u0131ma 1836 Balta Liman\u0131 imtiyaz anla\u015fmas\u0131yla ba\u015flat\u0131lan, Kap\u00fct\u00fclasyon ve D\u00fcy\u00fcn-u Umumiye ile s\u00fcrd\u00fcr\u00fclen 1919\u2019da kesintiye u\u011frat\u0131lan s\u00fcrecin gerekirse zora dayal\u0131 olarak tekrar ba\u015flat\u0131lmas\u0131yd\u0131.<\/p>\n<p>12 Eyl\u00fcl 1980\u2019de, 24 Ocak kararlar\u0131, NATO\u2019cu Askeri Darbe ile desteklenmi\u015f.<\/p>\n<p>B\u00f6ylelikle, T\u00fcrkiye ekonomisinin, tam ba\u011f\u0131ms\u0131zl\u0131k\u00e7\u0131, kendi kendine yetmeye \u00e7al\u0131\u015fan kamucu planlama\u00a0\u00a0ve sosyal devlet anlay\u0131\u015f\u0131n\u0131n yerine, \u201cAltta kalan\u0131n can\u0131 \u00e7\u0131ks\u0131n\u201d neoliberal anlay\u0131\u015f\u0131n\u0131n hayata ge\u00e7irilerek bat\u0131 emperyalizmine ba\u011f\u0131ml\u0131 ekonomi\u2019nin ilk ad\u0131mlar\u0131 at\u0131lm\u0131\u015ft\u0131.<\/p>\n<p>Buna paralel olarak 12 Eyl\u00fcl darbesiyle siyasi partilerde taban\u0131n, \u00f6rg\u00fctl\u00fc\u00a0\u00a0sendikalar\u0131n ve meslek odalar\u0131n\u0131n yeni ekonomik d\u00fczene kar\u015f\u0131 seslerini k\u0131sacak hukuki d\u00fczenlemeler yap\u0131ld\u0131.<\/p>\n<p>B\u00f6ylelikle NATO\u2019nun \u201cYe\u015fil Ku\u015fak Projesi\u201d gere\u011fi, yap\u0131lan darbelerle, y\u00fcr\u00fct\u00fclen T\u00fcrkiye\u2019de d\u0131\u015fa\u00a0\u00a0ba\u011f\u0131ml\u0131 neoliberal politikalara kar\u015f\u0131 y\u00fckselen toplumsal muhalefeti bast\u0131ran 12 Eyl\u00fcl darbesi sonras\u0131nda, ba\u015fta Y\u00d6K d\u00fczeni ve din dersleri zorunlulu\u011fu getiren 12 Eyl\u00fcl darbe anayasas\u0131 hayata ge\u00e7irildi.<\/p>\n<p>BOP, BA\u011eIMSIZ, \u00dcN\u0130TER, LA\u0130K DEMOKRAT\u0130K CUMHUR\u0130YETE KAR\u015eIDIR<\/p>\n<p>12 Eyl\u00fcl darbe rejiminden \u00e7\u0131k\u0131l\u0131rken, IMF\u2019de g\u00f6rev yapm\u0131\u015f Turgut \u00d6zal\u2019\u0131n patlat\u0131larak, 6 Kas\u0131m 1983 se\u00e7imleriyle\u00a0\u00a0h\u00fck\u00fcmet olmas\u0131n\u0131n ve ba\u015fta FET\u00d6 olmak \u00fczere tarikatlar\u0131n devlet i\u00e7inde yap\u0131lanmalar\u0131n\u0131n \u00f6n\u00fc a\u00e7\u0131ld\u0131.<\/p>\n<p>Ancak, T\u00fcrkiye\u2019deki t\u00fcm AB\u2019yi emperyalist Atat\u00fcrk\u00e7\u00fc, sol, sosyalist ayd\u0131nlar ve partiler, bu politika ve d\u00fczenlemelerin halk\u0131 ezece\u011fini, ba\u011f\u0131ml\u0131 hale getirece\u011fini g\u00f6rd\u00fcler.<\/p>\n<p>Atat\u00fcrk\u2019\u00fcn \u00fcniter, laik, kamucu ve sosyal devlet politikalar\u0131ndan uzakla\u015ft\u0131racaklar\u0131n\u0131 ifade ederek toplumu ayd\u0131nlatmaya \u00e7al\u0131\u015ft\u0131lar.<\/p>\n<p>Bu nedenle, Muammer Aksoy, ve arkada\u015flar\u0131 Atat\u00fcrk ve Devrim ve ilkelerinden sapan, Bat\u0131 emperyalizminin bug\u00fcnk\u00fc B\u00fcy\u00fck Ortado\u011fu Projesi (BOP) giden anlay\u0131\u015fa kar\u015f\u0131,\u00a0\u00a0\u00f6rg\u00fctl\u00fc m\u00fccadele i\u00e7in 19 May\u0131s 1989\u2019da Atat\u00fcrk\u00e7\u00fc D\u00fc\u015f\u00fcnce Derne\u011fini\u00a0\u00a0(ADD) kurdular. Ancak Muammer Aksoy, 31 May\u0131s 1990 da\u00a0\u00a0(ve di\u011fer arkada\u015flar\u0131) katledilerek bunun bedelini \u00f6dedi. Arkas\u0131ndan 1990\u2019 larda\u00a0\u00a0\u00c7etin Eme\u00e7, Bahriye \u00dc\u00e7ok, E\u015fref Bitlis, gibi kar\u015f\u0131 \u00e7\u0131kanlar ile Musa Anter, Gaffar Okan gibi ,bar\u0131\u015f ve diyalog isteyen ayd\u0131nlar birer birer faili me\u00e7hullerde katledilmeye ba\u015fland\u0131.<\/p>\n<p>Birinci dalga faili me\u00e7huller, nedense\u00a0\u00a0AKP\u2019nin iktidara\u00a0\u00a0geldi\u011fi ,2002\u2018nin sonlar\u0131nda,\u00a0\u00a012 Aral\u0131k 2002 tarihinde Necip Hablemito\u011flu\u2019nun katledilmesiyle son buldu.<\/p>\n<p>BOP S\u0130YASAL \u0130SLAMCI, K\u0130ML\u0130K\u00c7\u0130, AYRI\u015eTIRICI, KUTUPLA\u015eTIRICI K\u0130\u015e\u0130 VE \u0130DEOLOJ\u0130LER\u0130 DESTEKLER<\/p>\n<p>\u0130kinci dalga faili me\u00e7hul cinayetler, BOP\u2019un resmen ilan\u0131ndan sonra, 17 Ocak 2007 tarihinde H\u0131rant Dink\u2019in katledilmesiyle ba\u015flad\u0131.<\/p>\n<p>28 Kas\u0131m 2015 tarihinde Diyarbak\u0131r Baro Ba\u015fkan\u0131 bar\u0131\u015f ve diyalog isteyen Tahir El\u00e7i\u2019nin katledilmesiyle devam etti.<\/p>\n<p>\u00d6te yandan, T\u00fcrkiye\u2019de ilk faili me\u00e7hul cinayet ve olaylar 1952\u2019de NATO\u2019ya girmemizle ba\u015flam\u0131\u015ft\u0131r.<\/p>\n<p>TSK i\u00e7inde kurulan kontrgerilla, 1960\u2018lardan beri \u00f6ld\u00fcr\u00fclen gen\u00e7lik \u00f6rg\u00fct ve sendika liderlerinin\u00a0\u00a0katledilmesi, 1 May\u0131s 1977 olay\u0131 ile Mara\u015f, \u00c7orum olaylar ile bir \u00e7ok suikastle birlikte an\u0131lm\u0131\u015ft\u0131r.<\/p>\n<p>Bu s\u00fcre\u00e7,\u00a0\u00a028 \u015eubat 1997\u2019de Kontrgerilla\u2019n\u0131n la\u011fvedilmesi ile resmen sonlansa da TSK i\u00e7ine ve askeri okullara al\u0131nan FET\u00d6\u2019c\u00fc gladio yap\u0131lanmas\u0131yla yasad\u0131\u015f\u0131 yap\u0131lanma ile devam etmi\u015ftir.<\/p>\n<p>12 Eyl\u00fcl 2010 referandumunda mezardakilere bile oy kulland\u0131r\u0131larak, yarg\u0131 ve TSK Ergenekon, Balyoz, Casusluk davalar\u0131yla, Atat\u00fcrk\u00e7\u00fc asker ve yarg\u0131 b\u00fcrokrasisi tasfiye edilerek ter\u00f6rist FET\u00d6\u2019n\u00fcn emrine\u00a0\u00a0ge\u00e7mi\u015ftir.<\/p>\n<p>Bu durum 15 Temmuz 2016 FET\u00d6 darbesine kadar s\u00fcrm\u00fc\u015ft\u00fcr.<\/p>\n<p>15 Temmuz FET\u00d6 darbesi sonras\u0131 CBK\u2019lerle yap\u0131lanma ile askeri gelenek ve hiyerar\u015fi bozulmu\u015f ve parti devletinin kontrol\u00fcne ge\u00e7mi\u015ftir.<\/p>\n<p>NEDEN \u00d6LD\u00dcR\u00dcLD\u00dcLER?<\/p>\n<p>1990\u2019lardan beri faili me\u00e7hul olaylardan katledilenler, farkl\u0131 kimlik, ideoloji ve k\u00f6kenden olsalarda katledilme ama\u00e7lar\u0131 ayn\u0131d\u0131r:<\/p>\n<p>\u201cBOP\u2019a engel olacak s\u00f6ylem ve duru\u015f sahibi olmalar\u0131d\u0131r.\u201d<\/p>\n<p>Bu durum,\u00a0\u00a0\u00fc\u00e7 grupta ele al\u0131n\u0131rsa, birinci grupta Atat\u00fcrk\u00e7\u00fc\/Kemalist ideolojiye sahip olup kitleleri etkileme derecesi y\u00fcksek ayd\u0131nlar, (Muammer Aksoy, \u00c7etin Eme\u00e7, Bahriye \u00dc\u00e7ok, A. Taner K\u0131\u015flal\u0131, Necip Hablemito\u011flu vb\u2026)<\/p>\n<p>\u0130kinci grupta, toplumu birbirine ba\u011flayan, ayr\u0131\u015fmaya \/\u00e7at\u0131\u015fmay\u0131 engel engelleyebilecek halka olan bar\u0131\u015f\u00e7\u0131 ayd\u0131nlar (Musa Anter, H\u0131rant Dink, Tahir El\u00e7i).<\/p>\n<p>\u00dc\u00e7\u00fcnc\u00fc grupta da, T\u00fcrkiye Cumhuriyeti\u2019ni halkla b\u00fct\u00fcnle\u015ftiren, \u015fefkatli Devletin b\u00fcrokratlar\u0131 (Adnan Kahveci, Ali Gaffar Okan, Recep Yaz\u0131c\u0131o\u011flu).<\/p>\n<p>Ancak \u00e7evremizdeki, Irak, Suriye ve Afganistan\u2019da ya\u015fananlardan sonra her etnik k\u00f6kenden ve mezhepten Anadolu halk\u0131 tarihten s\u00fcz\u00fcl\u00fcp gelen e\u015fsiz sezgisiyle oynanan oyunun fark\u0131na varm\u0131\u015ft\u0131r.<\/p>\n<p>Bu nedenle Atat\u00fcrk\u2019e ve U\u011fur Mumcu, Ahmet Taner K\u0131\u015flal\u0131 gibi Kemalist kuvvac\u0131 ayd\u0131nlara olan sevgi ve \u00f6zlem her ge\u00e7en g\u00fcn artmaktad\u0131r.<\/p>\n<p>\u00dclkemizin ba\u015f\u0131na yeni \u00e7oraplar \u00f6rmeye haz\u0131rlanan emperyalizmin \u00f6n\u00fcndeki en b\u00fcy\u00fck engel de halk\u0131n i\u00e7inde kabaran bu bilin\u00e7 ve sevgidir.<\/p>\n<p>Bu nedenle, bu bilin\u00e7 ve sevgi birg\u00fcn \u00f6rg\u00fctlenip iktidar oldu\u011funda, \u00fclkemize adalet gelecek, faili me\u00e7huller hep ayd\u0131nlanacak ve katledilen ayd\u0131nlar\u0131m\u0131z\u0131n ruhlar\u0131 huzur bulacakt\u0131r\u2026<\/p>\n","protected":false},"excerpt":{"rendered":"<p>24 Ocak 1993 tarihinde katledilen U\u011fur Mumcu\u2019yu ile ard\u0131llar\u0131 di\u011fer failli me\u00e7hulleri,\u00a0\u00a0\u00a0Mumcu\u2019nun 29. \u00d6l\u00fcm\u00a0\u00a0y\u0131ld\u00f6n\u00fcm\u00fcnde , rahmetli Mersinli Sanat\u00e7\u0131 Mehmet Kabak\u2019\u0131n tasar\u0131m\u0131n\u0131 yapt\u0131\u011f\u0131 ve\u00a0\u00a0Atat\u00fcrk park\u0131 i\u00e7indeki an\u0131t\u0131 \u00f6n\u00fcnde sevenleriyle birlikte and\u0131k. Mersin \u0130mece Grubunu olu\u015fturan ADD, \u00c7YDD, E\u011e\u0130T\u0130M-\u0130\u015e, YEKD ve YKKED Mersin \u015eubelerinin birlikte d\u00fczenledikleri etkinli\u011fe CHP \u0130l ba\u015fkanl\u0131\u011f\u0131 ve \u00fcyeleri de kat\u0131ld\u0131lar. Konu\u015fmalarda, i\u00e7inde bulundu\u011fumuz [&hellip;]<\/p>\n","protected":false},"author":13,"featured_media":0,"comment_status":"open","ping_status":"open","sticky":false,"template":"","format":"standard","meta":{"footnotes":""},"categories":[28],"tags":[],"class_list":["post-18818","post","type-post","status-publish","format-standard","hentry","category-serdar-erkan"],"views":101,"_links":{"self":[{"href":"https:\/\/mersingazetesi.com\/index.php\/wp-json\/wp\/v2\/posts\/18818","targetHints":{"allow":["GET"]}}],"collection":[{"href":"https:\/\/mersingazetesi.com\/index.php\/wp-json\/wp\/v2\/posts"}],"about":[{"href":"https:\/\/mersingazetesi.com\/index.php\/wp-json\/wp\/v2\/types\/post"}],"author":[{"embeddable":true,"href":"https:\/\/mersingazetesi.com\/index.php\/wp-json\/wp\/v2\/users\/13"}],"replies":[{"embeddable":true,"href":"https:\/\/mersingazetesi.com\/index.php\/wp-json\/wp\/v2\/comments?post=18818"}],"version-history":[{"count":0,"href":"https:\/\/mersingazetesi.com\/index.php\/wp-json\/wp\/v2\/posts\/18818\/revisions"}],"wp:attachment":[{"href":"https:\/\/mersingazetesi.com\/index.php\/wp-json\/wp\/v2\/media?parent=18818"}],"wp:term":[{"taxonomy":"category","embeddable":true,"href":"https:\/\/mersingazetesi.com\/index.php\/wp-json\/wp\/v2\/categories?post=18818"},{"taxonomy":"post_tag","embeddable":true,"href":"https:\/\/mersingazetesi.com\/index.php\/wp-json\/wp\/v2\/tags?post=18818"}],"curies":[{"name":"wp","href":"https:\/\/api.w.org\/{rel}","templated":true}]}}