{"id":17816,"date":"2022-01-11T15:08:09","date_gmt":"2022-01-11T12:08:09","guid":{"rendered":"http:\/\/mersingazetesi.com\/?p=17816"},"modified":"2024-06-11T21:47:48","modified_gmt":"2024-06-11T18:47:48","slug":"serdar-erkan-penceremden-muhalefeti-bekleyen-buyuk-sinav","status":"publish","type":"post","link":"https:\/\/mersingazetesi.com\/index.php\/2022\/01\/11\/serdar-erkan-penceremden-muhalefeti-bekleyen-buyuk-sinav\/","title":{"rendered":"SERDAR ERKAN-PENCEREMDEN: MUHALEFET\u0130 BEKLEYEN B\u00dcY\u00dcK SINAV!"},"content":{"rendered":"<div dir=\"ltr\">Y\u0131llardan beri, i\u00e7 ve d\u0131\u015f stratejik analiz ve de\u011ferlendirmelerinin yaz\u0131lar\u0131n\u0131 ilgiyle izledi\u011fim, Cumhuriyet Gazetesi\u2019nden Ergin Y\u0131ld\u0131zo\u011flu\u2019nun 3 Ocak 2022 g\u00fcnk\u00fc k\u00f6\u015fe yaz\u0131s\u0131nda yazm\u0131\u015f oldu\u011fu \u2018Umut Var, Tehlike de\u2019 yaz\u0131s\u0131 \u00f6n\u00fcm\u00fczde, AKP sonras\u0131 \u00fclkemizi bekleyen tehlikeye dikkat \u00e7eken \u00e7ok \u00f6nemli bir analizdi.<\/div>\n<div dir=\"ltr\">Muhalefetin, Mersin\u2019de yakla\u015f\u0131k bir ay i\u00e7inde yapt\u0131\u011f\u0131 ilk iki g\u00f6rkemli miting, AKP iktidar\u0131n\u0131n sand\u0131kta g\u00f6nderilece\u011fi umudunu g\u00fc\u00e7lendirmi\u015ftir. Ancak, bende umut kadar, tehlikelerin de \u00f6ng\u00f6r\u00fclerek \u00f6nlem al\u0131nmas\u0131 gerekti\u011fi g\u00f6r\u00fc\u015f\u00fcndeyim.<\/div>\n<div dir=\"ltr\">Son geli\u015fmeler g\u00f6steriyor ki, \u00f6n\u00fcm\u00fczdeki se\u00e7imlere y\u00f6nelik Cumhur ittifaki \u00a0\u00fc\u00e7 y\u00f6nde haz\u0131rl\u0131k ve tahkimat yap\u0131yor.<\/div>\n<div dir=\"ltr\">Birincisi; i\u00e7 veya d\u0131\u015f kutupla\u015fma ve gerginlik ortam\u0131nda muhalefeti sokak \u00e7at\u0131\u015fmalar\u0131na ve provakasyonlar\u0131na zorlayarak, se\u00e7imleri iptal edebilmek veya ertelemek,<\/div>\n<div dir=\"ltr\">ikincisi; \u00a0iktidar\u0131 her ne olursa olsun b\u0131rakmamak i\u00e7in se\u00e7im d\u00fczleminde kazanabilecek, bask\u0131n se\u00e7im dahil her t\u00fcrl\u00fc giri\u015fimi yapacak \u00a0planlama ve uygulama(\u0130BB\u2019ye ter\u00f6ristlerin al\u0131nd\u0131\u011f\u0131n\u0131 iddia ederek y\u0131pratmak),<\/div>\n<div dir=\"ltr\">\u00fc\u00e7\u00fcnc\u00fcs\u00fc ise; sand\u0131kta \u00a0kaybetti\u011fi anda gelecek iktidara \u00a0kald\u0131ramayaca\u011f\u0131 ve sonraki ilk se\u00e7imlerde kaybedece\u011fi ekonomik y\u00fck veya enkaz b\u0131rakmak ve ilk se\u00e7imde iktidar\u0131 geri almak(son \u00e7\u0131kan yasa ile Mersin liman\u0131 dahil bir \u00e7ok liman\u0131n\u0131n 49 y\u0131ll\u0131\u011f\u0131na ihalesiz verilmesi, yarg\u0131 ve devlet b\u00fcrokrasisine h\u0131zlanan partizanca atamalar).<\/div>\n<div dir=\"ltr\"><\/div>\n<div dir=\"ltr\">KURTULU\u015e SAVA\u015eI SONRASI EKONOM\u0130K TABLO G\u0130B\u0130<\/div>\n<div dir=\"ltr\"><\/div>\n<div dir=\"ltr\">Ergin Y\u0131ld\u0131zo\u011flu\u2019nun dikkat \u00e7ekti\u011fi, benimde \u00fc\u00e7\u00fcnc\u00fc s\u0131rada belirtti\u011fim \u00a0planlama ve haz\u0131rl\u0131klar\u0131n getirece\u011fi ortamda, olas\u0131 tehlikelere dikkat \u00e7ekmektedir.<\/div>\n<div dir=\"ltr\">Zaten, i\u00e7i bo\u015falt\u0131lm\u0131\u015f devlet kasas\u0131 ile \u00e7ok zor durumda olan ekonominin k\u0131r\u0131lganl\u0131\u011f\u0131 ile \u00fclkemizin ekonomik ve siyasal \u00a0krizden \u00e7\u0131k\u0131\u015f\u0131 ger\u00e7ekten \u00e7ok zorlu olaca\u011f\u0131 bellidir.<\/div>\n<div dir=\"ltr\">Ergin Y\u0131ld\u0131zo\u011flu yaz\u0131s\u0131nda bu durumu \u00a0\u201cE\u011fer muhalefet partileri se\u00e7imleri kazan\u0131rsa onlar\u0131 \u00e7ok tehlikeli iki hata olas\u0131l\u0131\u011f\u0131 bekliyor olacak. Birincisi, devir alacaklar\u0131 ekonomik enkaza ili\u015fkindir.<\/div>\n<div dir=\"ltr\">\u0130kincisi de toplumsal bar\u0131\u015f ad\u0131na, \u2018b\u0131rak\u0131n ge\u00e7mi\u015fte olanlar, ge\u00e7mi\u015fte kals\u0131n\u2019 tutumunu benimserse g\u00fcndeme gelecektir.<\/div>\n<div dir=\"ltr\">Yeni h\u00fck\u00fcmet, y\u00fcksek enflasyon, uluslararas\u0131 mali sermayenin g\u00fcvenini kaybetmi\u015f bir T\u00fcrk Liras\u0131, t\u00fckenmi\u015f d\u00f6viz rezervleri, derinle\u015fen yoksullu\u011fun y\u0131kt\u0131\u011f\u0131 bir toplumsal talep, ta\u015f\u0131nmas\u0131 olanaks\u0131zla\u015fm\u0131\u015f t\u00fcketici kredileri ve \u00f6zel sekt\u00f6r bor\u00e7lar\u0131, derin krizde bir in\u015faat sekt\u00f6r\u00fc, sanayi ve ticaret karlar\u0131n\u0131 kemiren s\u00fcrd\u00fcr\u00fclemez bir rant ekonomisi ile kar\u015f\u0131la\u015facakt\u0131r.<\/div>\n<div dir=\"ltr\">Bu sayd\u0131klar\u0131m\u0131n hepsi \u00fclkenin s\u0131n\u0131flar matrisi i\u00e7inde kar\u015f\u0131l\u0131klar\u0131 var. Bu kesimler, kendi \u00e7\u0131karlar\u0131 do\u011frultusunda hemen yeni h\u00fck\u00fcmete bask\u0131 yapmaya ba\u015flayacaklar.<\/div>\n<div dir=\"ltr\">Yeni h\u00fck\u00fcmet, e\u011fer neoliberalizmin etkisi alt\u0131ndaki i\u015f \u00e7evrelerinin, ekonomistlerin pe\u015finden giderse alaca\u011f\u0131 \u00f6nlemler(faizleri h\u0131zla y\u00fckseltmek, ekonomiyi k\u00fc\u00e7\u00fclterek enflasyonu d\u00fc\u015f\u00fcrmeye \u00e7al\u0131\u015fmak gibi) se\u00e7menin deste\u011fini h\u0131zla eritecek, umulan istikrar\u0131 getiremeyecektir.<\/div>\n<div dir=\"ltr\">Yeni h\u00fck\u00fcmet, \u2018b\u0131rak\u0131n ge\u00e7mi\u015fte olanlar, ge\u00e7mi\u015fte kals\u0131n\u2019 tutumunu benimser, bug\u00fcnk\u00fc rejimin 20 y\u0131ld\u0131r devlet ve toplum i\u00e7inde in\u015fa etti\u011fi yap\u0131lanmay\u0131 g\u00f6rmezden gelirse, bu yap\u0131lanma k\u0131sa s\u00fcrede elini kolunu ba\u011flamakla kalmayacak, ekonomik toparlanma i\u00e7in gereken kaynaklara ula\u015fmas\u0131n\u0131 da engelleyecektir. Dahas\u0131, ekonomi ve toplumsal kriz derinle\u015fmeye devam ederken, muhalefet blokunun bile\u015fenleri aras\u0131nda, kar\u015f\u0131l\u0131kl\u0131 su\u00e7lamalar, pasta b\u00f6l\u00fc\u015fme kavgalar\u0131, ideolojik farkl\u0131l\u0131klar \u00f6ne \u00e7\u0131kacak, \u2019bak\u0131n y\u00f6netemiyorlar\u2019 sav\u0131 h\u0131zla inan\u0131rl\u0131l\u0131k kazanacakt\u0131r.<\/div>\n<div dir=\"ltr\">Bu olas\u0131l\u0131klar ger\u00e7ekle\u015fmeye ba\u015flarsa, Siyasal \u0130slam bu kez se\u00e7im kaybetmi\u015f olman\u0131n deneyimiyle eski g\u00fcc\u00fcn\u00fc yeniden kazanabilecek, ge\u00e7mi\u015ften ders ald\u0131\u011f\u0131 iddias\u0131yla (ve tabi yine liberal enelijansiyas\u0131n\u0131n katk\u0131s\u0131yla) b\u00fcy\u00fck sermaye ile ili\u015fkilerini tamir ederek yeniden iktidara gelebilecektir.<\/div>\n<div dir=\"ltr\">Siyasal \u0130slam\u2019\u0131n \u2018ikinci geli\u015fi\u2019 \u00e7ok daha sertle\u015fmi\u015f toplumsal \u00e7eli\u015fkiler ve uluslararas\u0131 ili\u015fkiler ortam\u0131nda ger\u00e7ekle\u015fece\u011finden, \u00fclke gittik\u00e7e h\u0131zlanan bir s\u00fcre\u00e7 olarak \u2018fa\u015fizm burgac\u0131nda y\u0131k\u0131ma do\u011fru s\u00fcr\u00fcklenmekten kurtulamayacakt\u0131r.\u2019 demektedir.<\/div>\n<div dir=\"ltr\"><\/div>\n<div dir=\"ltr\">\u015eAHSIM EKONOM\u0130S\u0130 VE MERS\u0130N L\u0130MANI<\/div>\n<div dir=\"ltr\"><\/div>\n<div dir=\"ltr\">Ergin Y\u0131ld\u0131zo\u011flu\u2019nun analizi son derece ger\u00e7ek\u00e7i yorumlara dayanmaktad\u0131r. \u0130laveten 20 y\u0131lda ekonomide olu\u015fan yap\u0131lanma, \u00fclkemizde neoliberalizmin vaadedilen kendi \u00a0kurallar\u0131na bile uymayan, hoyrat bir \u2018\u015fahs\u0131m ekonomisi\u2019 nin derinle\u015ftirdi\u011fi zorluklar\u0131 da vard\u0131r.<\/div>\n<div dir=\"ltr\">Liberal ekonominin temel sav\u0131 olan \u2018tam rekabet hukuku\u2019 halen i\u015flememektedir. Saraya yak\u0131n ve i\u00e7li d\u0131\u015fl\u0131 olan \u015firketler ve \u00a0lobiler\u2019 ezici \u00fcst\u00fcnl\u00fckleri ile piyasaya yeni \u015firketlerin ve akt\u00f6rlerin girmesini engellemektedir. \u0130laveten lobilere verilen ilave imtiyazlarla adeta Osmanl\u0131\u2019n\u0131n son d\u00f6nemindeki kap\u00fct\u00fclasyon mant\u0131\u011f\u0131 i\u015flemektedir.<\/div>\n<div dir=\"ltr\">Bunun son \u00f6rne\u011fi Mersin Konteyner Liman\u0131\u2019n\u0131n ba\u015f\u0131na gelenlerdir.<\/div>\n<div dir=\"ltr\">10. Stratejik Programda kesin ifadelerle yer ald\u0131\u011f\u0131 halde, 11. Programda mu\u011flak ifadelerle \u00e7\u0131kar\u0131lan, Mersin ana konteyner liman\u0131, \u015fahs\u0131m ekonomisinin bile\u015fenleri lobilerin bask\u0131s\u0131yla \u00e7\u0131kar\u0131lm\u0131\u015f, \u00fcstelik mevcut liman i\u015fletmesinin lehine, Atat\u00fcrk park\u0131n\u0131n i\u00e7inde Mersin\u2019lilerin \u2018sa\u011fl\u0131\u011f\u0131n\u0131 , Atat\u00fcrk Park\u0131\u2019n\u0131n denizini ve kent belle\u011fini kirletecek\u2019 ilave iskele yap\u0131m\u0131 ile \u00a0kapasite art\u0131\u015f\u0131n\u0131 B\u00fcy\u00fck\u015fehir Belediyesi ve Mersinlilerin \u00a0anayasal haklar\u0131 olan itirazlar\u0131na ra\u011fmen, adeta zorla dayat\u0131lmaktad\u0131r.<\/div>\n<div dir=\"ltr\">\u00dcst\u00fcne \u00fcstl\u00fck, ge\u00e7ti\u011fimiz hafta yasala\u015fan bir kanunla, mevcut liman i\u015fletmeci \u015firketlerine bir imtiyaz veya kap\u00fct\u00fclasyon daha verildi.<\/div>\n<div dir=\"ltr\">Mersin milletvekillerinin, mevcut liman i\u015fletmecilerinin i\u015fletme s\u00fcresini 49 y\u0131ll\u0131\u011f\u0131na ihalesiz uzatan, TBMM\u2019deki yasa teklifine kar\u015f\u0131 k\u00fcrs\u00fcde g\u00fcndeme getirdikleri a\u00e7\u0131klamalar \u00e7ok \u00f6nemliydi.<\/div>\n<div dir=\"ltr\">Ancak TBMM\u2019de say\u0131sal \u00fcst\u00fcnl\u00fc\u011fe sahip AKP iktidar\u0131, \u015fahs\u0131m ekonomisinin lobilerinin isteklerini ger\u00e7ekle\u015ftirmede teredd\u00fct etmedi. \u0130nsan inanam\u0131yor..!<\/div>\n<div dir=\"ltr\">Kurtulu\u015f Sava\u015f\u0131\u2019n\u0131 vermi\u015f, ekonomisini yoktan var ederken b\u00fcy\u00fck bedeller \u00f6demi\u015f bir \u00fclkede, limanlar gibi ihracat\u0131m\u0131z\u0131n temel yap\u0131lar\u0131, \u015firket ve lobilere nas\u0131l b\u00f6yle pe\u015fke\u015f \u00e7ekilebilir?<\/div>\n<div dir=\"ltr\"><\/div>\n<div dir=\"ltr\">M\u0130LLET \u0130TT\u0130FAKI VE MUHALEFETE D\u00dc\u015eEN<\/div>\n<div dir=\"ltr\"><\/div>\n<div dir=\"ltr\">Alt\u0131 Partinin TBMM deki ortak \u00e7al\u0131\u015fmalar\u0131, sadece AKP sonras\u0131 Siyasal Modellemeleri \u00fczerinde yo\u011funla\u015fmakta kalmamal\u0131 , Kurtulu\u015f Sava\u015f\u0131\u2019ndan sonraki birinci ve ikinci meclisin anlay\u0131\u015f ve ruhuyla ekonomik kurtulu\u015f ve krizden \u00e7\u0131k\u0131\u015f\u0131da planlanarak Bu at\u0131lacak ad\u0131mlar\u0131 somutla\u015ft\u0131rarak mutlaka planlamal\u0131d\u0131r.<\/div>\n<div dir=\"ltr\"><\/div>\n<div dir=\"ltr\">Ki\u015fisel \u00f6nerim, acil m\u00fcdahale i\u00e7in dar kapsaml\u0131 ekonomik ve sosyal konseyin toplanmas\u0131 sonras\u0131nda, ge\u00e7mi\u015fte Lozan g\u00f6r\u00fc\u015fmeleri aras\u0131nda yap\u0131lan \u2018\u0130zmir \u0130ktisat Kongresi\u2019 (\u0130\u0130K) gibi daha geni\u015f kat\u0131l\u0131ml\u0131 \u00a0bir iktisat kongresinin toplanmas\u0131d\u0131r. B\u00f6ylelikle, \u00a0ekonomik zorluk ve \u00e7\u00f6z\u00fcmlerin daha geni\u015f tabanda tart\u0131\u015f\u0131lmas\u0131d\u0131r. Bu kongrede yeni ekonomik d\u00fczenin in\u015fas\u0131na ili\u015fkin kararlar ilgili t\u00fcm akt\u00f6rlerin kat\u0131l\u0131m ve katk\u0131s\u0131 ile al\u0131nmal\u0131d\u0131r.<\/div>\n<div dir=\"ltr\">\u0130KK\u2019de oldu\u011fu gibi, mutlaka t\u00fcm sendikalar ve meslek odalar\u0131 dahil \u00a0\u2018bu kongreye ekonominin t\u00fcm bile\u015fenleri davet edilerek\u2019 \u00a0kat\u0131lmalar\u0131 ve g\u00f6r\u00fc\u015flerinin ifade edilmeleri sa\u011flanmal\u0131d\u0131r.<\/div>\n<div dir=\"ltr\">Aral\u0131k ay\u0131n\u0131n son g\u00fcnlerinde TMMOB taraf\u0131ndan ger\u00e7ekle\u015ftirilen Sanayi Kongresi\u2019nde g\u00fcndeme getirilen saptamalar g\u00f6steriyorki 20 \u00a0y\u0131lda olu\u015fan sa\u011fl\u0131ks\u0131z \u00a0\u015fahs\u0131m yap\u0131lanmas\u0131 \u00a0dikkate al\u0131narak, \u015fimdiden muhalefet \u00a0taraf\u0131ndan, ekonomide, ilk 7 g\u00fcnde, ilk 30 g\u00fcnde, ilk 100 g\u00fcnde ilk 300 g\u00fcnde birlikte at ad\u0131mlar\u0131n \u00fczerinde titizlikle \u00e7al\u0131\u015f\u0131lmal\u0131d\u0131r. Belirlenecek \u00a0t\u00fcm ad\u0131mlar kamuoyuna ortak imza ile ilan. edilmeli \u00a0ve bu ad\u0131mlar Edirne\u2019den \u2018Hakkari\u2019nin \u015eemdinli kazas\u0131n\u0131n \u00d6rdekli K\u00f6y\u00fcne kadar t\u00fcm \u2019 yurtta\u015flar\u0131n \u00a0duymas\u0131 sa\u011flanmal\u0131d\u0131r.<\/div>\n<div dir=\"ltr\">Se\u00e7im sonras\u0131na b\u0131rak\u0131lan her \u00f6nemli konu , ErginY\u0131ld\u0131zo\u011flu\u2019nun yaz\u0131s\u0131ndaki tehlikenin ger\u00e7ekle\u015fmesi olas\u0131l\u0131\u011f\u0131n\u0131 art\u0131rabilecektir.<\/div>\n","protected":false},"excerpt":{"rendered":"<p>Y\u0131llardan beri, i\u00e7 ve d\u0131\u015f stratejik analiz ve de\u011ferlendirmelerinin yaz\u0131lar\u0131n\u0131 ilgiyle izledi\u011fim, Cumhuriyet Gazetesi\u2019nden Ergin Y\u0131ld\u0131zo\u011flu\u2019nun 3 Ocak 2022 g\u00fcnk\u00fc k\u00f6\u015fe yaz\u0131s\u0131nda yazm\u0131\u015f oldu\u011fu \u2018Umut Var, Tehlike de\u2019 yaz\u0131s\u0131 \u00f6n\u00fcm\u00fczde, AKP sonras\u0131 \u00fclkemizi bekleyen tehlikeye dikkat \u00e7eken \u00e7ok \u00f6nemli bir analizdi. Muhalefetin, Mersin\u2019de yakla\u015f\u0131k bir ay i\u00e7inde yapt\u0131\u011f\u0131 ilk iki g\u00f6rkemli miting, AKP iktidar\u0131n\u0131n sand\u0131kta [&hellip;]<\/p>\n","protected":false},"author":13,"featured_media":0,"comment_status":"open","ping_status":"open","sticky":false,"template":"","format":"standard","meta":{"footnotes":""},"categories":[28],"tags":[],"class_list":["post-17816","post","type-post","status-publish","format-standard","hentry","category-serdar-erkan"],"views":35,"_links":{"self":[{"href":"https:\/\/mersingazetesi.com\/index.php\/wp-json\/wp\/v2\/posts\/17816","targetHints":{"allow":["GET"]}}],"collection":[{"href":"https:\/\/mersingazetesi.com\/index.php\/wp-json\/wp\/v2\/posts"}],"about":[{"href":"https:\/\/mersingazetesi.com\/index.php\/wp-json\/wp\/v2\/types\/post"}],"author":[{"embeddable":true,"href":"https:\/\/mersingazetesi.com\/index.php\/wp-json\/wp\/v2\/users\/13"}],"replies":[{"embeddable":true,"href":"https:\/\/mersingazetesi.com\/index.php\/wp-json\/wp\/v2\/comments?post=17816"}],"version-history":[{"count":0,"href":"https:\/\/mersingazetesi.com\/index.php\/wp-json\/wp\/v2\/posts\/17816\/revisions"}],"wp:attachment":[{"href":"https:\/\/mersingazetesi.com\/index.php\/wp-json\/wp\/v2\/media?parent=17816"}],"wp:term":[{"taxonomy":"category","embeddable":true,"href":"https:\/\/mersingazetesi.com\/index.php\/wp-json\/wp\/v2\/categories?post=17816"},{"taxonomy":"post_tag","embeddable":true,"href":"https:\/\/mersingazetesi.com\/index.php\/wp-json\/wp\/v2\/tags?post=17816"}],"curies":[{"name":"wp","href":"https:\/\/api.w.org\/{rel}","templated":true}]}}