{"id":1761,"date":"2021-11-23T11:49:23","date_gmt":"2021-11-23T08:49:23","guid":{"rendered":"http:\/\/mersin.mesiad.org\/index.php\/2021\/11\/23\/avukatlar-gununde-adalete-sitem\/"},"modified":"2021-11-23T11:49:23","modified_gmt":"2021-11-23T08:49:23","slug":"avukatlar-gununde-adalete-sitem","status":"publish","type":"post","link":"https:\/\/mersingazetesi.com\/index.php\/2021\/11\/23\/avukatlar-gununde-adalete-sitem\/","title":{"rendered":"AVUKATLAR G\u00dcN\u00dcNDE ADALETE S\u0130TEM!"},"content":{"rendered":"<blockquote type=\"cite\">\n<div dir=\"ltr\">\n<div id=\"m_-8258452099167976082gmail-:4\">\n<div id=\"m_-8258452099167976082gmail-:2\">\n<table cellpadding=\"0\" style=\"width:1675px;\">\n<tbody>\n<tr>\n<td>\n<div id=\"m_-8258452099167976082gmail-:13a\">\n<div id=\"m_-8258452099167976082gmail-:12b\">\n<div id=\"m_-8258452099167976082gmail-:12g\">\n<div dir=\"auto\">\n<blockquote type=\"cite\">\n<div dir=\"ltr\">\n<p><span style=\"font-size:16px;\">Cumhuriyet meydan\u0131nda\u00a0 Mersin Baro Ba\u015fkan\u0131\u00a0Ali Er\u00a0ve avukatlar\u0131 taraf\u0131ndan 5 Nisan avukatlar g\u00fcn\u00fc kutland\u0131.<\/span><\/p>\n<p><span style=\"font-size:16px;\">Meydanda Baro Ba\u015fkan\u0131 Ali Er \u00f6nc\u00fcl\u00fc\u011f\u00fcnde ger\u00e7ekle\u015fen kutlama t\u00f6reninde ilk olarak 1 dakikal\u0131k sayg\u0131 duru\u015fu yap\u0131ld\u0131, ard\u0131ndan \u0130stiklal Mar\u015f\u0131 okundu.<\/span><\/p>\n<p><span style=\"font-size:16px;\">Avukatlar g\u00fcn\u00fc ad\u0131na Baro Ba\u015fkan\u0131 Av. Ali Er ve Av. Bilgin Ye\u015filbo\u011faz konu\u015fma ger\u00e7ekle\u015ftirdi. Ali Er k\u0131sa bir konu\u015fma yaparak hukuk ad\u0131na pek bir \u015fey yap\u0131lmad\u0131\u011f\u0131na de\u011finirken, Ye\u015filbo\u011faz ise avukatlar\u0131n \u00e7ekti\u011fi s\u0131k\u0131nt\u0131lar\u0131 dile getirdi.<\/span><\/p>\n<blockquote style=\"font-size: 13px; line-height: 20.8px;\" type=\"cite\">\n<div dir=\"ltr\">\n<div id=\"m_-8258452099167976082gmail-:4\">\n<div id=\"m_-8258452099167976082gmail-:2\">\n<table cellpadding=\"0\" style=\"width: 1675px;\">\n<tbody>\n<tr>\n<td>\n<div id=\"m_-8258452099167976082gmail-:13a\">\n<div id=\"m_-8258452099167976082gmail-:12b\">\n<div id=\"m_-8258452099167976082gmail-:12g\">\n<div dir=\"auto\">\n<blockquote type=\"cite\">\n<div dir=\"ltr\">\n<p><span style=\"font-size:16px;\">S\u0131k\u0131nt\u0131lar\u0131n\u0131n derinine inen Ye\u015filbo\u011faz, mesleki sorunlar\u0131n\u0131n g\u00fcnden g\u00fcne art\u0131\u011f\u0131n\u0131 dile getirerek Ola\u011fan\u00fcst\u00fc Hal ve \u00e7\u0131kar\u0131lan KHK&#8217;larla bir\u00e7ok temel hak ve \u00f6zg\u00fcrl\u00fckle birlikte ba\u011f\u0131ms\u0131z savunman\u0131n da hak ve yetkilerinin k\u0131s\u0131tland\u0131\u011f\u0131n\u0131n alt\u0131n\u0131 \u00e7izdi.<\/span><\/p>\n<\/p><\/div>\n<\/blockquote><\/div>\n<\/p><\/div>\n<\/p><\/div>\n<\/p><\/div>\n<\/td>\n<\/tr>\n<\/tbody>\n<\/table><\/div>\n<\/p><\/div>\n<\/p><\/div>\n<\/blockquote>\n<div>\n<div dir=\"ltr\">\n<div>\n<div>\u00a0<\/div>\n<\/p><\/div>\n<\/p><\/div>\n<\/p><\/div>\n<p>\u00a0<\/p>\n<p><span style=\"font-size:16px;\">YE\u015e\u0130LBO\u011eAZ: \u201cB\u0130REYLER\u0130N HUKUK G\u00dcVENL\u0130\u011e\u0130NDEN S\u00d6Z ED\u0130LEMEZ\u201d<\/span><\/p>\n<p>\u00a0<\/p>\n<p><span style=\"font-size:16px;\">Bir Avukatlar G\u00fcn\u00fcn\u00fc daha, a\u011f\u0131r mesleki, siyasal ve toplumsal sorunlar i\u00e7inde kar\u015f\u0131lad\u0131\u011f\u0131n\u0131 belirten Ye\u015filbo\u011faz, Avukatlar; her zaman hak arama \u00f6zg\u00fcrl\u00fc\u011f\u00fcn\u00fcn, savunma hakk\u0131n\u0131n ve hukuk devletinin en temel g\u00fcvencesi oldu\u011funu kaydetti. S\u00f6zlerine devam eden Ye\u015filbo\u011faz, toplumun bir arada ya\u015famas\u0131n\u0131 sa\u011flayan en temel de\u011ferin adalet oldu\u011funu adaletin temel unsurun da avukat ve avukatl\u0131k mesle\u011fi oldu\u011funu ifade etti. Ye\u015filbo\u011faz: \u201cBiz avukatlar, bireylerin hak ve adalet sorununu, mesle\u011fimizin temel sorunlar\u0131ndan, toplumun demokrasi ve \u00f6zg\u00fcrl\u00fck sorununu ise avukat\u0131n \u00f6zg\u00fcrl\u00fc\u011f\u00fcnden ayr\u0131 d\u00fc\u015f\u00fcnm\u00fcyoruz. Adil ve demokratik bir toplumda ancak avukatlar\u0131n ba\u011f\u0131ms\u0131zl\u0131\u011f\u0131 ve \u00f6zg\u00fcrl\u00fc\u011f\u00fcnden s\u00f6z edilebilece\u011fi gibi, bireylerin kolayca avukata ula\u015famad\u0131\u011f\u0131, avukat\u0131n da tam bir ba\u011f\u0131ms\u0131zl\u0131k ve \u00f6zg\u00fcrl\u00fck i\u00e7inde ve etkili \u015fekilde mesle\u011fini icra edemedi\u011fi bir toplumda, adil yarg\u0131lanma hakk\u0131ndan ve bireylerin hukuk g\u00fcvenli\u011finden s\u00f6z edilemez.\u201d \u015feklinde konu\u015ftu.<\/span><\/p>\n<p>\u00a0<\/p>\n<p><span style=\"font-size:16px;\">YE\u015e\u0130LBO\u011eAZ: \u201cBA\u011eIMSIZ SAVUNMANIN DA HAK VE YETK\u0130LER\u0130 KISITLANMI\u015eTIR&#8221;<\/span><\/p>\n<p>\u00a0<\/p>\n<p><span style=\"font-size:16px;\">Ye\u015filbo\u011faz: \u201c5 Nisan Avukatlar G\u00fcn\u00fc nedeniyle bir yandan toplumun ya\u015fad\u0131\u011f\u0131 kimi sorunlara, \u00f6te yandan mesleki baz\u0131 sorunlar\u0131m\u0131za ili\u015fkin g\u00f6r\u00fc\u015flerimizi bu vesileyle kamuoyuyla payla\u015fmak istiyoruz.\u201d \u015feklinde dikkat \u00e7ekerek y\u0131llard\u0131r dile getirdikleri ve ayn\u0131 zamanda hak arama \u00f6zg\u00fcrl\u00fc\u011f\u00fcn\u00fcn \u00f6n\u00fcnde engel olu\u015fturan mesleki sorunlar\u0131n\u0131n b\u00fct\u00fcn a\u011f\u0131rl\u0131\u011f\u0131yla s\u00fcrmekte oldu\u011funu hatta g\u00fcnden g\u00fcne art\u0131\u011f\u0131n\u0131 dile getirdi. Ye\u015filbo\u011faz: \u201c \u00d6teden beri mesle\u011fimize ve meslek faaliyetlerimize ili\u015fkin en ciddi sorun, adli ve idari makamlar\u0131n avukatlara y\u00f6nelik tutum ve davran\u0131\u015flar\u0131, avukatlara y\u00f6nelik bask\u0131lar, engellemeler ve ceza soru\u015fturmalar iken, 15 Temmuz sonras\u0131nda \u00fclkede ilan edilen Ola\u011fan\u00fcst\u00fc Hal\u00a0 ve \u00e7\u0131kar\u0131lan KHK&#8217;larla bir\u00e7ok temel hak ve \u00f6zg\u00fcrl\u00fckle birlikte ba\u011f\u0131ms\u0131z savunman\u0131n da hak ve yetkileri k\u0131s\u0131tlanm\u0131\u015ft\u0131r.\u201d ifadelerini kulland\u0131.<\/span><\/p>\n<p>\u00a0<\/p>\n<p><span style=\"font-size:16px;\">YE\u015e\u0130LBO\u011eAZ: \u201cOHAL \u0130LE \u0130LG\u0130S\u0130 OLMAYAN KONULAR D\u00dcZENLENMEKTED\u0130R\u201d<\/span><\/p>\n<p>\u00a0<\/p>\n<p><span style=\"font-size:16px;\">Ye\u015filbo\u011faz: \u201cOHAL d\u00f6nemlerinde, ancak\u00a0 ola\u011fan\u00fcst\u00fc halin \u2018gerekli k\u0131ld\u0131\u011f\u0131 konularda\u2019 KHK \u00e7\u0131kar\u0131labilecekken bu prensip \u00e7i\u011fnenmekte; OHAL KHK\u2019leriyle, OHAL ile ilgisi olmayan konular d\u00fczenlenmektedir. OHAL d\u00f6neminde\u00a0 \u015fimdiye kadar 570 avukat tutuklanm\u0131\u015f, 1480 avukat hakk\u0131nda da sorus\u0327turma ac\u0327\u0131lm\u0131\u015ft\u0131r. Bu d\u00f6nemde Avukatlar, her g\u00fcn yeni bir hak ihlali ve mesle\u011fe d\u00f6n\u00fck sald\u0131r\u0131yla kar\u015f\u0131 kar\u015f\u0131ya gelmektedirler. OHAL ile, cezaevlerinde tutuklu bulunan ki\u015filerle avukatlar\u0131n\u0131n yapt\u0131\u011f\u0131 g\u00f6r\u00fc\u015fmelerde gizlilik kural\u0131 kald\u0131r\u0131labilece\u011fi, g\u00f6r\u00fc\u015fmeye ilgili personelin bizzat kat\u0131labilece\u011fi ve g\u00f6r\u00fc\u015fmelerin kay\u0131t alt\u0131na al\u0131nabilece\u011fi, g\u00f6r\u00fc\u015fmenin idarenin inisiyatifi do\u011frultusunda kesilebilece\u011fi ve tutuklu hakk\u0131nda tutanak d\u00fczenlenerek avukat\u0131n\u0131n yasaklanmas\u0131 ve barodan m\u00fcdafii istenebilece\u011fi h\u00fckme ba\u011flanm\u0131\u015ft\u0131r.\u201d dedi.<\/span><\/p>\n<p>\u00a0<\/p>\n<p><span style=\"font-size:16px;\">YE\u015e\u0130LBO\u011eAZ: \u201cB\u00dcY\u00dcK B\u0130R TEHD\u0130T OLU\u015eTURMAKTADIR\u201d<\/span><\/p>\n<p>\u00a0<\/p>\n<p><span style=\"font-size:16px;\">Avukat\u0131n tutuklu ile g\u00f6r\u00fc\u015fmesinde yan\u0131nda getirdi\u011fi belgelere el konulabilmesi ve g\u00f6r\u00fc\u015fe ili\u015fkin s\u00fcre s\u0131n\u0131rlamas\u0131na gidilebilmesi OHAL\u2019in meslek \u00fczerindeki olumsuz etkiler yaratt\u0131\u011f\u0131n\u0131 belirten Ye\u015filbo\u011faz: \u201cTutuklu hakk\u0131nda tutanak tutulmas\u0131 halinde Cumhuriyet Savc\u0131l\u0131\u011f\u0131n\u0131n istemi ve Sulh Ceza Hakimli\u011finin karar\u0131 ile tutuklunun avukatlar\u0131yla g\u00f6r\u00fc\u015fmesi yasaklanabilecektir. Tutukluya avukat temini bu halde Baro taraf\u0131ndan ger\u00e7ekle\u015ftirilecektir. Bu ko\u015fullar\u0131n t\u00fcm\u00fc adil yarg\u0131lanma ve adil ba\u011f\u0131ms\u0131z savunma hakk\u0131na tamamen ayk\u0131r\u0131l\u0131k te\u015fkil etmektedir. OHAL d\u00f6neminde bakt\u0131klar\u0131 davalar \u00fczerinden san\u0131kla ili\u015fkilendirilen, mesleki faaliyetleri yasaklanan, savc\u0131n\u0131n yaz\u0131l\u0131 emriyle ofislerinde arama yap\u0131labilen, mal varl\u0131\u011f\u0131na el konulan avukatlar\u0131n say\u0131s\u0131 artmaktad\u0131r. T\u00fcm bunlar savunma hakk\u0131na y\u00f6nelik b\u00fcy\u00fck bir sald\u0131r\u0131 ve b\u00fcy\u00fck bir tehdit olu\u015fturmaktad\u0131r.\u201d \u015feklinde kaydetti.<\/span><\/p>\n<p>\u00a0<\/p>\n<p><span style=\"font-family: sans-serif, Arial, Verdana, 'Trebuchet MS'; line-height: 1.6em; font-size: 16px;\">YE\u015e\u0130LBO\u011eAZ: \u201cSTAJYER AVUKATLARIN H\u0130\u00c7B\u0130R MADD\u0130 G\u00dcVENCES\u0130 BULUNMAMAKTADIR\u201d<\/span><\/p>\n<p>\u00a0<\/p>\n<p><span style=\"font-size:16px;\">K\u0131sa zamanda ola\u011fan\u00fcst\u00fc hal uygulamalar\u0131na son verilmesine dikkat \u00e7eken Ye\u015filbo\u011faz, evrensel hukuk prensipleri, uluslararas\u0131 s\u00f6zle\u015fmelerle ve anayasa g\u00fcvence alt\u0131na al\u0131nan temel hak ve \u00f6zg\u00fcrl\u00fckler korunmas\u0131 gerekti\u011fini vurgulad\u0131.<\/span><\/p>\n<p><span style=\"font-size:16px;\">Ard\u0131ndan Hukuk Fak\u00fcltesi mezunlar\u0131\u00a0 konusuna de\u011finen Ye\u015filbo\u011faz: \u201cMevcut avukat say\u0131s\u0131n\u0131n fazlal\u0131\u011f\u0131 \u00f6nemli bir sorunken, 100 \u00fcn \u00fczerinde hukuk fak\u00fcltesinden,60 binin \u00fczerindeki hukuk fak\u00fcltesi \u00f6\u011frencisi \u00f6n\u00fcm\u00fczdeki 5 y\u0131lda hukuk fak\u00fcltelerinden mezun olacak ve bu durum \u00f6n\u00fcm\u00fczdeki 5 y\u0131lda avukat say\u0131s\u0131n\u0131n y\u00fczde 60\u2019\u0131n \u00fczerinde artmas\u0131na neden olacakt\u0131r. Hukuk Fak\u00fcltelerinin say\u0131s\u0131 art\u0131r\u0131l\u0131rken mevcut nitelikli \u00f6\u011fretim \u00fcyesi say\u0131s\u0131 hesaba kat\u0131lmamaktad\u0131r. Fak\u00fclte say\u0131s\u0131 \u00e7ok fazlad\u0131r ancak buralarda e\u011fitim veren, yeti\u015fmi\u015f, nitelikli \u00f6\u011fretim \u00fcyesi say\u0131s\u0131 azd\u0131r. Profes\u00f6r\u00fc bile olmayan, 4-5 ki\u015filik kadrolar\u0131 olan fak\u00fclteler \u00f6\u011frencilerin niteli\u011fini d\u00fc\u015f\u00fcrmektedir. Stajyer avukatlar katip gibi \u00e7al\u0131\u015ft\u0131r\u0131lmakta, stajyer avukatlar\u0131n hi\u00e7bir maddi g\u00fcvencesi bulunmamaktad\u0131r.\u201d ifadelerini kulland\u0131.<\/span><\/p>\n<p>\u00a0<\/p>\n<p><span style=\"font-size:16px;\">YE\u015e\u0130LBO\u011eAZ: \u201cAVUKATLIK MESLE\u011e\u0130NDE HIZLI B\u0130R TEKELLE\u015eME OLUYOR\u201d<\/span><\/p>\n<p>\u00a0<\/p>\n<p><span style=\"font-size:16px;\">Avukatl\u0131k mesle\u011finin alan\u0131 her g\u00fcn biraz daha darald\u0131\u011f\u0131na dikkat \u00e7eken Ye\u015filbo\u011faz: \u201cMeslekta\u015flar\u0131m\u0131z CMK, Adli yard\u0131m derken, \u015fimdilerde de uzla\u015ft\u0131rma ve arabuluculuk kurumlar\u0131 aras\u0131na s\u0131k\u0131\u015ft\u0131r\u0131lmaya \u00e7al\u0131\u015f\u0131lmaktad\u0131r.\u201d dedi. Avukatl\u0131k mesle\u011finde h\u0131zl\u0131 bir tekelle\u015fme s\u00fcreci ya\u015fand\u0131\u011f\u0131n\u0131 ifade eden Ye\u015filbo\u011faz: \u201c\u00d6zellikle b\u00fcy\u00fck \u015fehirlerde az say\u0131da avukat, \u00e7ok say\u0131da meslekta\u015f\u0131n\u0131 \u00fccretli ve SGK\u2019l\u0131 olarak kendisine ba\u011fl\u0131\u00a0 olarak \u00e7al\u0131\u015ft\u0131rmaktad\u0131r. Oysa ki avukatl\u0131k mesle\u011fi, bireysel eme\u011fe dayal\u0131d\u0131r ve m\u00fcvekkil ile avukat aras\u0131ndaki kar\u015f\u0131l\u0131kl\u0131 g\u00fcven zemininde yap\u0131lmaktad\u0131r. Toplumun b\u00fcy\u00fck k\u0131sm\u0131nda g\u00f6r\u00fclen yoksulla\u015fma ve adalete olan g\u00fcvenin yitirilmesi hukuki i\u015flerde avukatla temsil oran\u0131n\u0131 d\u00fc\u015f\u00fcrmektedir.\u201d \u015feklinde konu\u015ftu.<\/span><\/p>\n<p>\u00a0<\/p>\n<p><span style=\"font-size:16px;\">YE\u015e\u0130LBO\u011eAZ: \u201cAVUKATLIK MESLE\u011e\u0130N\u0130N DE\u011eERS\u0130ZLE\u015eT\u0130R\u0130LD\u0130\u011e\u0130 \u00dcLKELERDE HUKUK S\u0130STEM\u0130N\u0130N ZAYIFLADI\u011eI G\u00d6STERGES\u0130D\u0130R\u201d<\/span><\/p>\n<p>\u00a0<\/p>\n<p><span style=\"font-size:16px;\">Ye\u015filbo\u011faz, son zamanlarda yarg\u0131 ba\u011f\u0131ms\u0131zl\u0131\u011f\u0131 ve ifade \u00f6zg\u00fcrl\u00fc\u011f\u00fc alan\u0131nda ya\u015fanan geli\u015fmeler, T\u00fcrkiye\u2019nin demokratik bir hukuk devleti olma yolundaki iddias\u0131na darbe vurdu\u011funu kaydederek \u201cSavunma hakk\u0131, adil yarg\u0131lanma hakk\u0131n\u0131n ba\u015flang\u0131c\u0131 ve temelidir. Avukatlar\u0131 ba\u011f\u0131ms\u0131z olmayan devletlerin hukuka sayg\u0131y\u0131 korumas\u0131, adalet duygusunun topluma yay\u0131lmas\u0131n\u0131 sa\u011flamas\u0131 ve yurttas\u0327\u0131na gu\u0308ven vermesi olanaks\u0131zd\u0131r. Avukatl\u0131k mesle\u011finin, sadece demokratik rejimlerde ger\u00e7ek varl\u0131\u011f\u0131n\u0131 su\u0308rdu\u0308rebildig\u0306i; avukatlar\u0131n \u00f6zg\u00fcr ve g\u00fcvenli oldu\u011fu \u00f6l\u00e7\u00fcde devleti ve hukuksal sistemi g\u00fc\u00e7lendirdi\u011fi a\u00e7\u0131kt\u0131r. Avukatl\u0131k mesle\u011finin de\u011fersizle\u015ftirildi\u011fi \u00fclkelerde hukuk sisteminin zay\u0131flad\u0131\u011f\u0131 ve yurtta\u015flar\u0131n devlete olan g\u00fcvenlerinin ortadan kalkaca\u011f\u0131 toplumsal bir ger\u00e7ekliktir.\u201d diyerek son c\u00fcmlelerini tamamlad\u0131.<\/span><\/p>\n<\/p><\/div>\n<\/blockquote><\/div>\n<\/p><\/div>\n<\/p><\/div>\n<\/p><\/div>\n<\/td>\n<\/tr>\n<\/tbody>\n<\/table>\n<div style=\"clear:both;\">\u00a0<\/div>\n<\/div>\n<\/div>\n<\/div>\n<\/blockquote>\n<p>EMRAH B\u0130RG\u00dcL<\/p>\n","protected":false},"excerpt":{"rendered":"<p>Mersin avukatlar g\u00fcn\u00fcn\u00fcn kutlamas\u0131 i\u00e7in Cumhuriyet meydan\u0131nda Baro Ba\u015fkan\u0131 Ali Er \u00f6nc\u00fcl\u00fc\u011f\u00fcnde bir araya geldi. Avukatlar t\u00f6ren \u00f6ncesi g\u00fcnlerini kutlad\u0131, ard\u0131ndan konu\u015fmas\u0131n\u0131 ger\u00e7ekle\u015ftiren Av. Bilgin Ye\u015filbo\u011faz, OHAL \u00e7er\u00e7evesindeki hukukun s\u0131k\u0131nt\u0131lar\u0131na de\u011findi.<\/p>\n","protected":false},"author":2,"featured_media":0,"comment_status":"open","ping_status":"open","sticky":false,"template":"","format":"standard","meta":{"footnotes":""},"categories":[],"tags":[],"class_list":["post-1761","post","type-post","status-publish","format-standard","hentry"],"views":26,"_links":{"self":[{"href":"https:\/\/mersingazetesi.com\/index.php\/wp-json\/wp\/v2\/posts\/1761","targetHints":{"allow":["GET"]}}],"collection":[{"href":"https:\/\/mersingazetesi.com\/index.php\/wp-json\/wp\/v2\/posts"}],"about":[{"href":"https:\/\/mersingazetesi.com\/index.php\/wp-json\/wp\/v2\/types\/post"}],"author":[{"embeddable":true,"href":"https:\/\/mersingazetesi.com\/index.php\/wp-json\/wp\/v2\/users\/2"}],"replies":[{"embeddable":true,"href":"https:\/\/mersingazetesi.com\/index.php\/wp-json\/wp\/v2\/comments?post=1761"}],"version-history":[{"count":0,"href":"https:\/\/mersingazetesi.com\/index.php\/wp-json\/wp\/v2\/posts\/1761\/revisions"}],"wp:attachment":[{"href":"https:\/\/mersingazetesi.com\/index.php\/wp-json\/wp\/v2\/media?parent=1761"}],"wp:term":[{"taxonomy":"category","embeddable":true,"href":"https:\/\/mersingazetesi.com\/index.php\/wp-json\/wp\/v2\/categories?post=1761"},{"taxonomy":"post_tag","embeddable":true,"href":"https:\/\/mersingazetesi.com\/index.php\/wp-json\/wp\/v2\/tags?post=1761"}],"curies":[{"name":"wp","href":"https:\/\/api.w.org\/{rel}","templated":true}]}}