{"id":1715,"date":"2021-11-23T11:49:16","date_gmt":"2021-11-23T08:49:16","guid":{"rendered":"http:\/\/mersin.mesiad.org\/index.php\/2021\/11\/23\/bilincsiz-calisma-olumsuz-sonuclar-doguruyor\/"},"modified":"2021-11-23T11:49:16","modified_gmt":"2021-11-23T08:49:16","slug":"bilincsiz-calisma-olumsuz-sonuclar-doguruyor","status":"publish","type":"post","link":"https:\/\/mersingazetesi.com\/index.php\/2021\/11\/23\/bilincsiz-calisma-olumsuz-sonuclar-doguruyor\/","title":{"rendered":"B\u0130L\u0130N\u00c7S\u0130Z \u00c7ALI\u015eMA OLUMSUZ SONU\u00c7LAR DO\u011eURUYOR"},"content":{"rendered":"<blockquote type=\"cite\">\n<div>\n<div>\n<blockquote>\n<div dir=\"ltr\">\n<p><span style=\"font-size:16px;\">Mersin Toroslar b\u00f6lgesinde kald\u0131r\u0131ma \u00e7\u0131kmak i\u00e7in engelli vatanda\u015flara yap\u0131lan kald\u0131r\u0131ma \u00e7\u0131kma yolunu g\u00f6renler \u015foke oldu.<\/span><\/p>\n<p>\u00a0<\/p>\n<p><span style=\"font-size:16px;\">Kald\u0131r\u0131ma \u00e7\u0131kmak i\u00e7in sar\u0131 b\u00f6lgeli yerin g\u00f6rme engelli vatanda\u015flara ait oldu\u011fu unutularak kullan\u0131ma kapat\u0131lm\u0131\u015f vaziyette duruyor.<\/span><\/p>\n<p><span style=\"font-size:16px;\">Kald\u0131r\u0131m yolunun ara\u00e7lar taraf\u0131ndan kullan\u0131lmamas\u0131 i\u00e7in geni\u015f olan aray\u0131 daraltmak yerine g\u00f6rme engelli vatanda\u015flar\u0131n yoluna duvar yap\u0131larak engelli vatanda\u015flar ma\u011fdur edildi.<\/span><\/p>\n<p>\u00a0<\/p>\n<p><span style=\"font-size:16px;\">Sosyal medyada payla\u015f\u0131lan foto\u011frafa vatanda\u015ftan \u015f\u00f6yle yorumlar geldi: \u201c \u2018Kald\u0131r\u0131mda engelliler i\u00e7in ayr\u0131lan b\u00f6l\u00fcme \u00f6nlem almalar\u0131 gerekir. , \u2018Bunu yapanlara pes diyorum\u2019 , \u2018Bir \u00f6nlem bir hata getirirmi\u015f anla\u015f\u0131ld\u0131\u011f\u0131 \u00fczere belediye ekibini kutluyorum\u2019, \u2018Bunu yapan hangi kafayla yapm\u0131\u015f\u2019\u201d<\/span><\/p>\n<\/div>\n<\/blockquote>\n<\/div>\n<\/div>\n<\/blockquote>\n<p>EMRAH B\u0130RG\u00dcL<\/p>\n","protected":false},"excerpt":{"rendered":"<p>Kald\u0131r\u0131ma \u00e7\u0131kma yolunu daraltmak yerine g\u00f6rme engelli vatanda\u015flara ayr\u0131lm\u0131\u015f olan sar\u0131 b\u00f6l\u00fcm\u00fcn ortas\u0131na k\u0131sa bir \u00e7it yap\u0131larak bu durum kar\u015f\u0131s\u0131nda vatanda\u015f da tepki verdi.<\/p>\n","protected":false},"author":2,"featured_media":0,"comment_status":"open","ping_status":"open","sticky":false,"template":"","format":"standard","meta":{"footnotes":""},"categories":[],"tags":[],"class_list":["post-1715","post","type-post","status-publish","format-standard","hentry"],"views":26,"_links":{"self":[{"href":"https:\/\/mersingazetesi.com\/index.php\/wp-json\/wp\/v2\/posts\/1715","targetHints":{"allow":["GET"]}}],"collection":[{"href":"https:\/\/mersingazetesi.com\/index.php\/wp-json\/wp\/v2\/posts"}],"about":[{"href":"https:\/\/mersingazetesi.com\/index.php\/wp-json\/wp\/v2\/types\/post"}],"author":[{"embeddable":true,"href":"https:\/\/mersingazetesi.com\/index.php\/wp-json\/wp\/v2\/users\/2"}],"replies":[{"embeddable":true,"href":"https:\/\/mersingazetesi.com\/index.php\/wp-json\/wp\/v2\/comments?post=1715"}],"version-history":[{"count":0,"href":"https:\/\/mersingazetesi.com\/index.php\/wp-json\/wp\/v2\/posts\/1715\/revisions"}],"wp:attachment":[{"href":"https:\/\/mersingazetesi.com\/index.php\/wp-json\/wp\/v2\/media?parent=1715"}],"wp:term":[{"taxonomy":"category","embeddable":true,"href":"https:\/\/mersingazetesi.com\/index.php\/wp-json\/wp\/v2\/categories?post=1715"},{"taxonomy":"post_tag","embeddable":true,"href":"https:\/\/mersingazetesi.com\/index.php\/wp-json\/wp\/v2\/tags?post=1715"}],"curies":[{"name":"wp","href":"https:\/\/api.w.org\/{rel}","templated":true}]}}