{"id":1685,"date":"2021-11-23T11:49:14","date_gmt":"2021-11-23T08:49:14","guid":{"rendered":"http:\/\/mersin.mesiad.org\/index.php\/2021\/11\/23\/okul-yolu-cukur-dolu\/"},"modified":"2021-11-23T11:49:14","modified_gmt":"2021-11-23T08:49:14","slug":"okul-yolu-cukur-dolu","status":"publish","type":"post","link":"https:\/\/mersingazetesi.com\/index.php\/2021\/11\/23\/okul-yolu-cukur-dolu\/","title":{"rendered":"OKUL YOLU \u00c7UKUR DOLU!"},"content":{"rendered":"<blockquote type=\"cite\">\n<div dir=\"ltr\">\n<div id=\"m_2834045505943519341gmail-:13f\">\n<div id=\"m_2834045505943519341gmail-:13a\">\n<div dir=\"ltr\">\n<p><span style=\"font-size:16px;\">\u00c7o\u011fu \u00f6\u011frenci\u00a0servisinin kulland\u0131\u011f\u0131\u00a03. \u00e7evre yolunda yer alan\u00a0Do\u011fa Koleji yolu, \u00e7ok k\u00f6t\u00fc bir izlenim veriyor. Yolun hem yap\u0131lmam\u0131\u015f hem de i\u00e7inde bulunan \u00e7ukurlar\u0131n\u0131n doldurulmamas\u0131 konusunda \u00f6\u011frenci velileri tepkilerini dile getiriyor.<\/span><\/p>\n<p><span style=\"font-size:16px;\">Berbat olan yollar hem okul servis \u015fof\u00f6rlerine hem de vatanda\u015f i\u00e7in zor anlar ya\u015fat\u0131yor. Yolda bulunan \u00e7ukurlarla girinti \u00e7\u0131k\u0131nt\u0131n\u0131n olmas\u0131 kar\u015f\u0131s\u0131nda bir an \u00f6nce yolun yap\u0131lmas\u0131 isteniyor.<\/span><\/p>\n<\/div>\n<\/div>\n<\/div>\n<\/div>\n<\/blockquote>\n<p>EMRAH B\u0130RG\u00dcL<\/p>\n","protected":false},"excerpt":{"rendered":"<p>\u00d6\u011frenci velileri, 3. \u00e7evre yolunda bulunan Do\u011fa Koleji yolunun k\u00f6t\u00fc oldu\u011funu ve \u00f6\u011frencilere, servis \u015fof\u00f6rlerine ya\u015fat\u0131lan zor anlar\u0131n bir an \u00f6nce halledilmesi gerekti\u011fini \u00f6ne s\u00fcrd\u00fc.<\/p>\n","protected":false},"author":2,"featured_media":0,"comment_status":"open","ping_status":"open","sticky":false,"template":"","format":"standard","meta":{"footnotes":""},"categories":[],"tags":[],"class_list":["post-1685","post","type-post","status-publish","format-standard","hentry"],"views":23,"_links":{"self":[{"href":"https:\/\/mersingazetesi.com\/index.php\/wp-json\/wp\/v2\/posts\/1685","targetHints":{"allow":["GET"]}}],"collection":[{"href":"https:\/\/mersingazetesi.com\/index.php\/wp-json\/wp\/v2\/posts"}],"about":[{"href":"https:\/\/mersingazetesi.com\/index.php\/wp-json\/wp\/v2\/types\/post"}],"author":[{"embeddable":true,"href":"https:\/\/mersingazetesi.com\/index.php\/wp-json\/wp\/v2\/users\/2"}],"replies":[{"embeddable":true,"href":"https:\/\/mersingazetesi.com\/index.php\/wp-json\/wp\/v2\/comments?post=1685"}],"version-history":[{"count":0,"href":"https:\/\/mersingazetesi.com\/index.php\/wp-json\/wp\/v2\/posts\/1685\/revisions"}],"wp:attachment":[{"href":"https:\/\/mersingazetesi.com\/index.php\/wp-json\/wp\/v2\/media?parent=1685"}],"wp:term":[{"taxonomy":"category","embeddable":true,"href":"https:\/\/mersingazetesi.com\/index.php\/wp-json\/wp\/v2\/categories?post=1685"},{"taxonomy":"post_tag","embeddable":true,"href":"https:\/\/mersingazetesi.com\/index.php\/wp-json\/wp\/v2\/tags?post=1685"}],"curies":[{"name":"wp","href":"https:\/\/api.w.org\/{rel}","templated":true}]}}