{"id":1673,"date":"2021-11-23T11:49:12","date_gmt":"2021-11-23T08:49:12","guid":{"rendered":"http:\/\/mersin.mesiad.org\/index.php\/2021\/11\/23\/roman-kultur-sanat-ve-mesleki-egitim-merkezi-acildi\/"},"modified":"2021-11-23T11:49:12","modified_gmt":"2021-11-23T08:49:12","slug":"roman-kultur-sanat-ve-mesleki-egitim-merkezi-acildi","status":"publish","type":"post","link":"https:\/\/mersingazetesi.com\/index.php\/2021\/11\/23\/roman-kultur-sanat-ve-mesleki-egitim-merkezi-acildi\/","title":{"rendered":"\u2018Roman K\u00fclt\u00fcr Sanat ve Mesleki E\u011fitim Merkezi\u2019 a\u00e7\u0131ld\u0131"},"content":{"rendered":"<div>\n<div>\n<div>\n<div>\n<div>\n<div>\n<div>\n<div>\n<div>\n<div>\n<div>\n<div id=\":4\">\n<div id=\":2\">\n<div>\n<div role=\"main\">\n<table cellpadding=\"0\" role=\"presentation\" style=\"width:1630px;\">\n<tbody>\n<tr>\n<td>\n<div>\n<div>\n<div>\n<div role=\"list\">\n<div role=\"listitem\" style=\"clear:both;\" tabindex=\"-1\">\n<div>\n<div>\n<div id=\":ky\">\n<div>\n<div>\n<div style=\"clear:both;\">\n<div id=\":l1\">\n<div data-legacy-message-id=\"1625324b0e4ee300\" data-message-id=\"1625324b0e4ee300\">\n<div style=\"margin-left:44px;\">\n<div id=\":l0\">\n<div id=\":kz\">\n<div dir=\"auto\">\n<blockquote type=\"cite\">\n<div dir=\"ltr\">\n<p><span style=\"font-size:16px;\">Vali Ali \u0130hsan Su, \u2018SODES G\u00fcd\u00fcml\u00fc Projeleri\u2019 kapsam\u0131ndaki \u2018Roman K\u00fclt\u00fcr Sanat ve Mesleki E\u011fitim Merkezi\u2019nin a\u00e7\u0131l\u0131\u015f\u0131n\u0131 yapt\u0131<\/span><\/p>\n<p><span style=\"font-size:16px;\">Merkezin a\u00e7\u0131l\u0131\u015f konu\u015fmas\u0131n\u0131 Vali Ali \u0130hsan Su ger\u00e7ekle\u015ftirerek yap\u0131lan merkezin hay\u0131rlara vesile olmas\u0131 temennisinde bulunarak Kalk\u0131nma Bakan\u0131 L\u00fctfi Elvan&#8217;\u0131n da projeye destek verdi\u011fini belirtti.<\/span><\/p>\n<p>\u00a0<\/p>\n<p><span style=\"font-size:16px;\">Vali Ali \u0130hsan Su, Akdeniz Kaymakam\u0131 Muhittin Pamuk ile e\u015fi S\u00fcl\u00fcn Pamuk\u2019un da kat\u0131ld\u0131\u011f\u0131 ve temsili kurdelenin kesilerek a\u00e7\u0131l\u0131\u015f\u0131n\u0131n ger\u00e7ekle\u015ftirildi\u011fi merkezde bulunan giyim, kuaf\u00f6rl\u00fck, \u00e7ocuk bak\u0131m, ah\u015fap boyama ve seramik kurslar\u0131n\u0131 gezdi.<\/span><\/p>\n<div>\n<div aria-label=\"Geni\u015fletilen i\u00e7eri\u011fi gizleyin\" data-tooltip=\"Geni\u015fletilen i\u00e7eri\u011fi gizleyin\" id=\":kl\" role=\"button\" style=\"clear:both;\" tabindex=\"0\"><span style=\"font-size:16px;\"><img decoding=\"async\" src=\"https:\/\/ssl.gstatic.com\/ui\/v1\/icons\/mail\/images\/cleardot.gif\" style=\"height:8px;width:20px;\" \/><\/span><\/div>\n<\/p><\/div>\n<div>\n<p>\u00a0<\/p>\n<p><span style=\"font-size:16px;\">Roman Vatanda\u015flar\u0131n Sorun ve Taleplerini Dinledi<\/span><\/p>\n<p>\u00a0<\/p>\n<p><span style=\"font-size:16px;\">Kurs ziyaretini s\u0131n\u0131f\u0131n\u0131 ziyaret eden Vali Su, aralar\u0131nda her ya\u015ftan vatanda\u015f\u0131n bulundu\u011fu kursiyerlerle bir s\u00fcre sohbet etti.<\/span><\/p>\n<p><span style=\"font-size:16px;\">Ard\u0131ndan Kaymakam Pamuk , T\u00fcrkiye Romanlar Konfederasyonu (Rom-Kon) Mersin \u0130l Ba\u015fkan\u0131 Talip Mo\u011foltekin ve Turgut Reis Mahalle Muhtar\u0131 Ahmet \u0130ldeniz ile birlikte, a\u011f\u0131rl\u0131kl\u0131 olarak Roman vatanda\u015flar\u0131n ikamet etti\u011fi mahalle esnaf\u0131n\u0131 ziyaret ederek diyaloglar kuruldu.<\/span><\/p>\n<p><span style=\"font-size:16px;\">Roman vatanda\u015flarla bulu\u015fan Vali Su, Cengiz Topel Caddesi \u00fczerinde faaliyet g\u00f6steren M\u00fczisyenler Kahvehanesinde, yap\u0131lan sohbetle birlikte onlar\u0131n da sorun ve taleplerini dinleyerek mahalleden ayr\u0131ld\u0131<\/span><\/p>\n<\/p><\/div>\n<\/p><\/div>\n<\/blockquote><\/div>\n<\/p><\/div>\n<\/p><\/div>\n<\/p><\/div>\n<\/p><\/div>\n<table role=\"presentation\">\n<tbody>\n<tr>\n<td style=\"width:44px;\"><span style=\"font-size:16px;\"><img decoding=\"async\" data-hovercard-id=\"emrahbirgul3@gmail.com\" id=\":0_17\" jid=\"emrahbirgul3@gmail.com\" name=\":0\" src=\"https:\/\/plus.google.com\/u\/0\/_\/focus\/photos\/public\/AIbEiAIAAABDCPeUiPeusODBBCILdmNhcmRfcGhvdG8qKDE0Zjk0ZjZkYjZhNmFiMDljNjYzN2MxYTc0MzFlMDdkZGFiZGVhMmUwAaUP4i0N3VdeU0Y-GYBVPYul-Zf6?sz=32\" style=\"width:32px;height:32px;\" \/><\/span><\/td>\n<td style=\"width:1564px;\">\n<div>\u00a0<\/div>\n<\/td>\n<\/tr>\n<\/tbody>\n<\/table><\/div>\n<\/p><\/div>\n<\/p><\/div>\n<\/p><\/div>\n<\/p><\/div>\n<\/p><\/div>\n<\/p><\/div>\n<\/p><\/div>\n<\/p><\/div>\n<\/p><\/div>\n<\/p><\/div>\n<\/p><\/div>\n<\/td>\n<\/tr>\n<\/tbody>\n<\/table>\n<div style=\"clear:both;\">\u00a0<\/div>\n<\/div>\n<\/div>\n<\/div>\n<\/div>\n<\/div>\n<\/div>\n<\/div>\n<\/div>\n<\/div>\n<\/div>\n<\/div>\n<\/div>\n<\/div>\n<\/div>\n<\/div>\n<p>AHMET Y\u0130\u011e\u0130T<\/p>\n","protected":false},"excerpt":{"rendered":"<p>\u2018SODES G\u00fcd\u00fcml\u00fc Projeleri\u2019 kapsam\u0131ndaki \u2018Roman K\u00fclt\u00fcr Sanat ve Mesleki E\u011fitim Merkezi\u2019nin a\u00e7\u0131l\u0131\u015f\u0131n\u0131 yapan Vali Ali \u0130hsan Su, merkezde bulunan giyim, kuaf\u00f6rl\u00fck, \u00e7ocuk bak\u0131m, ah\u015fap boyama ve seramik kurslar\u0131n\u0131 tek tek gezerek e\u011fitim faaliyetleri hakk\u0131nda bilgi ald\u0131.<\/p>\n","protected":false},"author":2,"featured_media":0,"comment_status":"open","ping_status":"open","sticky":false,"template":"","format":"standard","meta":{"footnotes":""},"categories":[],"tags":[],"class_list":["post-1673","post","type-post","status-publish","format-standard","hentry"],"views":23,"_links":{"self":[{"href":"https:\/\/mersingazetesi.com\/index.php\/wp-json\/wp\/v2\/posts\/1673","targetHints":{"allow":["GET"]}}],"collection":[{"href":"https:\/\/mersingazetesi.com\/index.php\/wp-json\/wp\/v2\/posts"}],"about":[{"href":"https:\/\/mersingazetesi.com\/index.php\/wp-json\/wp\/v2\/types\/post"}],"author":[{"embeddable":true,"href":"https:\/\/mersingazetesi.com\/index.php\/wp-json\/wp\/v2\/users\/2"}],"replies":[{"embeddable":true,"href":"https:\/\/mersingazetesi.com\/index.php\/wp-json\/wp\/v2\/comments?post=1673"}],"version-history":[{"count":0,"href":"https:\/\/mersingazetesi.com\/index.php\/wp-json\/wp\/v2\/posts\/1673\/revisions"}],"wp:attachment":[{"href":"https:\/\/mersingazetesi.com\/index.php\/wp-json\/wp\/v2\/media?parent=1673"}],"wp:term":[{"taxonomy":"category","embeddable":true,"href":"https:\/\/mersingazetesi.com\/index.php\/wp-json\/wp\/v2\/categories?post=1673"},{"taxonomy":"post_tag","embeddable":true,"href":"https:\/\/mersingazetesi.com\/index.php\/wp-json\/wp\/v2\/tags?post=1673"}],"curies":[{"name":"wp","href":"https:\/\/api.w.org\/{rel}","templated":true}]}}