{"id":142858,"date":"2026-09-06T15:05:09","date_gmt":"2026-09-06T12:05:09","guid":{"rendered":"https:\/\/mersingazetesi.com\/?p=142858"},"modified":"2026-09-06T15:05:09","modified_gmt":"2026-09-06T12:05:09","slug":"kgkda-sakaryadan-londraya-uzanan-yogun-bulusma-trafigi","status":"publish","type":"post","link":"https:\/\/mersingazetesi.com\/index.php\/2026\/09\/06\/kgkda-sakaryadan-londraya-uzanan-yogun-bulusma-trafigi\/","title":{"rendered":"KGK\u2019da Sakarya\u2019dan Londra\u2019ya uzanan yo\u011fun bulu\u015fma trafi\u011fi"},"content":{"rendered":"<div class=\"elementor-element elementor-element-7985af5 elementor-widget elementor-widget-theme-post-content\" data-id=\"7985af5\" data-element_type=\"widget\" data-e-type=\"widget\" data-widget_type=\"theme-post-content.default\">\n<div class=\"elementor-widget-container\">\n<p>88 \u00fclke ve 81 ilde temsilcileri bulunan K\u00fcresel Gazeteciler Konseyi (KGK), Eyl\u00fcl, Ekim ve Kas\u0131m\u2019da yurt i\u00e7i ve yurtd\u0131\u015f\u0131nda farkl\u0131 bulu\u015fmalara, \u00e7al\u0131\u015ftaylara, sergi ve \u00f6d\u00fcl t\u00f6renlerine imza atacak.<\/p>\n<p>KGK Y\u00f6netim Kurulu, ilk olarak Eyl\u00fcl ay\u0131 ola\u011fan toplant\u0131s\u0131 i\u00e7in 11-13 Eyl\u00fcl tarihlerinde Sakarya\u2019da bir araya gelecek. Sakarya\u2019n\u0131n ard\u0131ndan s\u0131ras\u0131yla K\u0131r\u015fehir, Afyonkarahisar, Londra ve Alanya\u2019da ger\u00e7ekle\u015ftirilecek bulu\u015fmalarla 2026 y\u0131l\u0131 etkinlik takvimi tamamlanm\u0131\u015f olacak.<\/p>\n<p><strong>SAKARYA\u2019DA YK TOPLANTISI<\/strong><\/p>\n<p>Sakarya KGK il temsilcisi ve KGK Dijital Medya Meclis Ba\u015fkan\u0131 G\u00fcven Hasba\u015f\u2019\u0131n ev sahipli\u011finde Sakarya\u2019da bir araya gelecek olan KGK y\u00f6netim kurulu \u00fcyeleri, konseyin etkinlikleri ve payda\u015f\u0131 oldu\u011fu projelerin yan\u0131s\u0131ra sekt\u00f6r\u00fcn g\u00fcndeminde olan konular\u0131 masaya yat\u0131racaklar. Ayr\u0131ca, Sakarya\u2019n\u0131n \u00fcst d\u00fczey y\u00f6neticileri ve gazetecileriyle bir araya gelecekler.<\/p>\n<p><strong>KIR\u015eEH\u0130R\u2019DE AH\u0130L\u0130K BAYRAMI<\/strong><\/p>\n<p>Konseyin Sakarya\u2019dan sonraki dura\u011f\u0131 Ne\u015fet Erta\u015f\u2019\u0131n memleketi ve ahiler \u015fehri K\u0131r\u015fehir olacak. K\u0131r\u015fehir KGK il temsilicisi Murat S\u00fcrmeli\u2019nin ev sahipli\u011finde 14-17 Eyl\u00fcl tarihleri aras\u0131nda ger\u00e7ekle\u015ftirilecek etkinlik kapsam\u0131nda \u015fehre gelen KGK \u00fcyeleri K\u0131r\u015fehir Valili\u011fi\u2019nin d\u00fczenledi\u011fi Ahilik Haftas\u0131 kutlamalar\u0131na kat\u0131lacak. K\u0131r\u015fehir\u2019in tarihini ve k\u00fclt\u00fcr\u00fcn\u00fc de tan\u0131yacak olan KGK \u00fcyeleri Kaman il\u00e7esi gezisi de yapacaklar.<\/p>\n<p><strong>AFYON\u2019DA YEREL MEDYA BULU\u015eMASI<\/strong><\/p>\n<p>KGK Yerel Medya Meclisi, il temsilcilerinin de kat\u0131l\u0131m\u0131yla 19-21 Eyl\u00fcl tarihleri aras\u0131nda zaferler \u015fehri Afyonkarahisar\u2019da bulu\u015farak isti\u015fare toplant\u0131s\u0131 yapacak. Afyonkarahisar KGK \u0130l Temsilcisi Mehmet Emin G\u00fczbey\u2019in ev sahipli\u011finde ger\u00e7ekle\u015ftirilecek olan bulu\u015fmada, \u015fehirde tarihi, turistik, gastronomik ve k\u00fclt\u00fcrel turlar da yap\u0131lacak ve \u00fcst d\u00fczey y\u00f6neticiler ziyaret edilecek. Ayr\u0131ca, yerel medya temsilcileri, sekt\u00f6r\u00fcn sorunlar\u0131 ve \u00e7\u00f6z\u00fcm yollar\u0131 \u00fczerine s\u00fcre s\u0131n\u0131r\u0131 olmayan bir toplant\u0131da bir araya gelerek isti\u015fare edecekler. Al\u0131nan kararlar ve \u00f6neriler yay\u0131nlanacak olan ortak bildiri ile kamuoyuna duyurulacak.<\/p>\n<p><strong>LONDRA\u2019DA DOSTLUK BULU\u015eMASI<\/strong><\/p>\n<p>Ge\u00e7en y\u0131l ABD\u2019nin New York kentinde 1. Uluslararas\u0131 Medya Dostluk \u00d6d\u00fclleri t\u00f6reni ve sergisini ger\u00e7ekle\u015ftiren K\u00fcresel Gazeteciler Konseyi, bu y\u0131l ikincisini 29 Eyl\u00fcl ile 2 Ekim tarihleri aras\u0131nda \u0130ngiltere\u2019nin ba\u015fkenti Londra\u2019da yapacak. TC Londra B\u00fcy\u00fckel\u00e7ili\u011fi himayesinde ve Birle\u015fik Krall\u0131k KGK Temsilcisi Vatan \u00d6z\u2019\u00fcn ev sahipli\u011finde ger\u00e7ekle\u015ftirilecek etkinlik \u00e7er\u00e7evesinde, \u00fcnl\u00fc Arrundel House\u2019da T\u00fcrk ve \u0130ngiliz gazetecilerin \u00f6d\u00fcllendirilece\u011fi bir \u00f6d\u00fcl t\u00f6reni yap\u0131lacak ve T\u00fcrk bas\u0131n\u0131nda \u0130ngiltere man\u015fetleri ve tarihi diplomatik belgeler konulu bir dok\u00fcmanter sergi de a\u00e7\u0131lacak. KGK heyeti Londra\u2019da \u00f6nemli temaslarda da bulunacak. Londra\u2019da faaliyet g\u00f6steren T\u00fcrk STK\u2019lar\u0131yla g\u00f6r\u00fc\u015fecek olan KGK heyeti, \u0130ngiliz parlamento binas\u0131nda T\u00fcrk ve M\u00fcsl\u00fcman k\u00f6kenli parlamenterler ile baron ve baronesleri de ziyaret edecek.<\/p>\n<p><strong>6. K\u00dcRESEL MEDYA BULU\u015eMASI<\/strong><\/p>\n<p>Bu y\u0131l yine Alanya\u2019da 6\u2019nc\u0131s\u0131 d\u00fczenlenecek olan K\u00fcresel Medya Bulu\u015fmas\u0131 bu y\u0131l\u0131n son etkinli\u011fi olacak. 6-10 Kas\u0131m tarihleri aras\u0131nda Alanya\u2019da KGK il ve \u00fclke temsilcileri ile se\u00e7ilmi\u015f meclis \u00fcyelerinin kat\u0131l\u0131m\u0131yla ger\u00e7ekle\u015fecek olan bulu\u015fma kapsam\u0131nda, medya konulu \u00e7e\u015fitli panel ve \u00e7al\u0131\u015ftaylar\u0131n yan\u0131s\u0131ra, konseyin payda\u015f\u0131 oldu\u011fu toplumsal \u015fiddetle m\u00fccadelede sosyal arabuluculuk projesi konulu bir \u00e7al\u0131\u015ftay da yap\u0131lacak. T\u00fcm T\u00fcrkiye\u2019nin yan\u0131s\u0131ra, yakla\u015f\u0131k 30 \u00fclkeden gazetecilerin ve devlet adamlar\u0131n\u0131n kat\u0131lmas\u0131n\u0131n beklendi\u011fi bulu\u015fma, 6. K\u00fcresel Ba\u015far\u0131 \u00d6d\u00fclleri ve \u0130smail Gasp\u0131ral\u0131 \u00d6d\u00fclleri t\u00f6reni ile sona erecek.<\/p>\n<\/div>\n<\/div>\n<div class=\"elementor-element elementor-element-1193b70 elementor-widget elementor-widget-spacer\" data-id=\"1193b70\" data-element_type=\"widget\" data-e-type=\"widget\" data-widget_type=\"spacer.default\">\n<div class=\"elementor-widget-container\">\n<div class=\"elementor-spacer\"><\/div>\n<\/div>\n<\/div>\n","protected":false},"excerpt":{"rendered":"<p>88 \u00fclke ve 81 ilde temsilcileri bulunan K\u00fcresel Gazeteciler Konseyi (KGK), Eyl\u00fcl, Ekim ve Kas\u0131m\u2019da yurt i\u00e7i ve yurtd\u0131\u015f\u0131nda farkl\u0131 bulu\u015fmalara, \u00e7al\u0131\u015ftaylara, sergi ve \u00f6d\u00fcl t\u00f6renlerine imza atacak. KGK Y\u00f6netim Kurulu, ilk olarak Eyl\u00fcl ay\u0131 ola\u011fan toplant\u0131s\u0131 i\u00e7in 11-13 Eyl\u00fcl tarihlerinde Sakarya\u2019da bir araya gelecek. Sakarya\u2019n\u0131n ard\u0131ndan s\u0131ras\u0131yla K\u0131r\u015fehir, Afyonkarahisar, Londra ve Alanya\u2019da ger\u00e7ekle\u015ftirilecek bulu\u015fmalarla [&hellip;]<\/p>\n","protected":false},"author":2,"featured_media":142859,"comment_status":"open","ping_status":"open","sticky":false,"template":"","format":"standard","meta":{"footnotes":""},"categories":[1],"tags":[],"class_list":["post-142858","post","type-post","status-publish","format-standard","has-post-thumbnail","hentry","category-gundem"],"views":66,"_links":{"self":[{"href":"https:\/\/mersingazetesi.com\/index.php\/wp-json\/wp\/v2\/posts\/142858","targetHints":{"allow":["GET"]}}],"collection":[{"href":"https:\/\/mersingazetesi.com\/index.php\/wp-json\/wp\/v2\/posts"}],"about":[{"href":"https:\/\/mersingazetesi.com\/index.php\/wp-json\/wp\/v2\/types\/post"}],"author":[{"embeddable":true,"href":"https:\/\/mersingazetesi.com\/index.php\/wp-json\/wp\/v2\/users\/2"}],"replies":[{"embeddable":true,"href":"https:\/\/mersingazetesi.com\/index.php\/wp-json\/wp\/v2\/comments?post=142858"}],"version-history":[{"count":1,"href":"https:\/\/mersingazetesi.com\/index.php\/wp-json\/wp\/v2\/posts\/142858\/revisions"}],"predecessor-version":[{"id":142860,"href":"https:\/\/mersingazetesi.com\/index.php\/wp-json\/wp\/v2\/posts\/142858\/revisions\/142860"}],"wp:featuredmedia":[{"embeddable":true,"href":"https:\/\/mersingazetesi.com\/index.php\/wp-json\/wp\/v2\/media\/142859"}],"wp:attachment":[{"href":"https:\/\/mersingazetesi.com\/index.php\/wp-json\/wp\/v2\/media?parent=142858"}],"wp:term":[{"taxonomy":"category","embeddable":true,"href":"https:\/\/mersingazetesi.com\/index.php\/wp-json\/wp\/v2\/categories?post=142858"},{"taxonomy":"post_tag","embeddable":true,"href":"https:\/\/mersingazetesi.com\/index.php\/wp-json\/wp\/v2\/tags?post=142858"}],"curies":[{"name":"wp","href":"https:\/\/api.w.org\/{rel}","templated":true}]}}