{"id":142849,"date":"2026-09-06T13:29:18","date_gmt":"2026-09-06T10:29:18","guid":{"rendered":"https:\/\/mersingazetesi.com\/?p=142849"},"modified":"2026-09-06T13:30:34","modified_gmt":"2026-09-06T10:30:34","slug":"miy-store-acildi-mersin-idman-yurdu-yeniden-ayaga-kalkacak","status":"publish","type":"post","link":"https:\/\/mersingazetesi.com\/index.php\/2026\/09\/06\/miy-store-acildi-mersin-idman-yurdu-yeniden-ayaga-kalkacak\/","title":{"rendered":"M\u0130Y STORE A\u00c7ILDI: &#8220;MERS\u0130N \u0130DMAN YURDU YEN\u0130DEN AYA\u011eA KALKACAK&#8221;"},"content":{"rendered":"<p>Yeni Mersin \u0130dman Yurdu\u2019nun taraftarlarla bulu\u015faca\u011f\u0131 M\u0130Y Store\u2019un a\u00e7\u0131l\u0131\u015f t\u00f6reni ger\u00e7ekle\u015ftirildi. T\u00f6rene Mersin Milletvekili Mehmet Emin Ekmen, AK Parti Mersin Milletvekili \u00a0Ali K\u0131ratl\u0131, Mersin B\u00fcy\u00fck\u015fehir Belediyesi Meclis \u00dcyesi Mahmut D\u00f6nmez ve \u00e7ok say\u0131da taraftar kat\u0131ld\u0131.<\/p>\n<p>&#8220;MAHCUB\u0130YETE SON VEREN ADIM&#8221;<\/p>\n<p>A\u00e7\u0131l\u0131\u015fta konu\u015fan Milletvekili Mehmet Emin Ekmen, Mersin \u0130dman Yurdu\u2019nun kentin en \u00f6nemli markalar\u0131ndan biri oldu\u011funu hat\u0131rlatarak, &#8220;\u0130mk\u00e2ns\u0131zl\u0131klar nedeniyle sahalara \u00e7\u0131kamad\u0131. Baz\u0131 meselelerde birilerinin sorumluluk almas\u0131 gerekir&#8221; dedi.<\/p>\n<p>Yakla\u015f\u0131k bir y\u0131ld\u0131r ya\u015fanan bu mahcubiyeti sona erdirecek ad\u0131m\u0131 atan Murat Alt\u0131ndere ve Y\u00f6netimi\u2019ne te\u015fekk\u00fcr eden Ekmen, &#8220;Emekleri ve cesaretleri i\u00e7in tebrik ediyorum&#8221; ifadelerini kulland\u0131.<\/p>\n<p>&#8220;\u00c7OK KISA S\u00dcREDE S\u00dcPER L\u0130G HEDEF\u0130&#8221;<\/p>\n<p>Ekmen, kul\u00fcb\u00fcn \u00e7ok k\u0131sa s\u00fcrede \u015fanl\u0131 g\u00fcnlerine kavu\u015faca\u011f\u0131na ve S\u00fcper Lig\u2019de m\u00fccadele edecek g\u00fc\u00e7l\u00fc bir yap\u0131ya ula\u015faca\u011f\u0131na inand\u0131\u011f\u0131n\u0131 belirtti. Bu s\u00fcre\u00e7te samimi \u00e7aba g\u00f6steren AK Parti Mersin Milletvekili \u00a0Ali K\u0131ratl\u0131\u2019ya da te\u015fekk\u00fcr etti.\u00a0M\u0130Y Store\u2019un kul\u00fcb\u00fcn renklerini, armas\u0131n\u0131 ve ruhunu ta\u015f\u0131yan \u00fcr\u00fcnleri taraftarlarla bulu\u015fturmas\u0131n\u0131 dileyen Ekmen, ma\u011fazan\u0131n kul\u00fcbe ve \u015fehre hay\u0131rl\u0131 olmas\u0131n\u0131 temenni etti. Ekmen a\u00e7\u0131klamas\u0131n\u0131 \u015fu s\u00f6zlerle tamamlad\u0131:<br \/>\n&#8220;Mersin \u0130dman Yurdumuzun ve taraftarlar\u0131m\u0131z\u0131n her zaman yan\u0131nda olmaya, bu \u015fehrin ortak de\u011ferine sahip \u00e7\u0131kmaya devam edece\u011fiz. Mersin \u0130dman Yurdu yeniden aya\u011fa kalkacak, Mersin yeniden gurur duyacak.&#8221;<\/p>\n","protected":false},"excerpt":{"rendered":"<p>Yeni Mersin \u0130dman Yurdu\u2019nun taraftarlarla bulu\u015faca\u011f\u0131 M\u0130Y Store\u2019un a\u00e7\u0131l\u0131\u015f t\u00f6reni ger\u00e7ekle\u015ftirildi. T\u00f6rene Mersin Milletvekili Mehmet Emin Ekmen, AK Parti Mersin Milletvekili \u00a0Ali K\u0131ratl\u0131, Mersin B\u00fcy\u00fck\u015fehir Belediyesi Meclis \u00dcyesi Mahmut D\u00f6nmez ve \u00e7ok say\u0131da taraftar kat\u0131ld\u0131. &#8220;MAHCUB\u0130YETE SON VEREN ADIM&#8221; A\u00e7\u0131l\u0131\u015fta konu\u015fan Milletvekili Mehmet Emin Ekmen, Mersin \u0130dman Yurdu\u2019nun kentin en \u00f6nemli markalar\u0131ndan biri oldu\u011funu hat\u0131rlatarak, [&hellip;]<\/p>\n","protected":false},"author":2,"featured_media":142850,"comment_status":"open","ping_status":"open","sticky":false,"template":"","format":"standard","meta":{"footnotes":""},"categories":[6],"tags":[],"class_list":["post-142849","post","type-post","status-publish","format-standard","has-post-thumbnail","hentry","category-spor"],"views":110,"_links":{"self":[{"href":"https:\/\/mersingazetesi.com\/index.php\/wp-json\/wp\/v2\/posts\/142849","targetHints":{"allow":["GET"]}}],"collection":[{"href":"https:\/\/mersingazetesi.com\/index.php\/wp-json\/wp\/v2\/posts"}],"about":[{"href":"https:\/\/mersingazetesi.com\/index.php\/wp-json\/wp\/v2\/types\/post"}],"author":[{"embeddable":true,"href":"https:\/\/mersingazetesi.com\/index.php\/wp-json\/wp\/v2\/users\/2"}],"replies":[{"embeddable":true,"href":"https:\/\/mersingazetesi.com\/index.php\/wp-json\/wp\/v2\/comments?post=142849"}],"version-history":[{"count":4,"href":"https:\/\/mersingazetesi.com\/index.php\/wp-json\/wp\/v2\/posts\/142849\/revisions"}],"predecessor-version":[{"id":142854,"href":"https:\/\/mersingazetesi.com\/index.php\/wp-json\/wp\/v2\/posts\/142849\/revisions\/142854"}],"wp:featuredmedia":[{"embeddable":true,"href":"https:\/\/mersingazetesi.com\/index.php\/wp-json\/wp\/v2\/media\/142850"}],"wp:attachment":[{"href":"https:\/\/mersingazetesi.com\/index.php\/wp-json\/wp\/v2\/media?parent=142849"}],"wp:term":[{"taxonomy":"category","embeddable":true,"href":"https:\/\/mersingazetesi.com\/index.php\/wp-json\/wp\/v2\/categories?post=142849"},{"taxonomy":"post_tag","embeddable":true,"href":"https:\/\/mersingazetesi.com\/index.php\/wp-json\/wp\/v2\/tags?post=142849"}],"curies":[{"name":"wp","href":"https:\/\/api.w.org\/{rel}","templated":true}]}}