{"id":142847,"date":"2026-09-06T13:21:42","date_gmt":"2026-09-06T10:21:42","guid":{"rendered":"https:\/\/mersingazetesi.com\/?p=142847"},"modified":"2026-09-06T13:21:42","modified_gmt":"2026-09-06T10:21:42","slug":"tcddnin-6-milyar-tllik-borcu-meclis-gundeminde","status":"publish","type":"post","link":"https:\/\/mersingazetesi.com\/index.php\/2026\/09\/06\/tcddnin-6-milyar-tllik-borcu-meclis-gundeminde\/","title":{"rendered":"TCDD\u2019N\u0130N 6 M\u0130LYAR TL\u2019L\u0130K BORCU MECL\u0130S G\u00dcNDEM\u0130NDE"},"content":{"rendered":"<div dir=\"auto\">Yeni Parti Mersin Milletvekili Talat Din\u00e7er, T\u00fcrkiye Cumhuriyeti Devlet Demiryollar\u0131\u2019n\u0131n (TCDD) artan bor\u00e7 y\u00fck\u00fcn\u00fc ve kurumun gelece\u011fine ili\u015fkin soru i\u015faretlerini TBMM g\u00fcndemine ta\u015f\u0131d\u0131.<\/div>\n<div dir=\"auto\">Din\u00e7er, TCDD\u2019nin 2016 y\u0131l\u0131nda yeniden yap\u0131land\u0131r\u0131larak iki ayr\u0131 yap\u0131ya ayr\u0131lmas\u0131 s\u0131ras\u0131nda yap\u0131lan \u201cBu d\u00fczenleme \u00f6zelle\u015ftirmenin ilk ad\u0131m\u0131 olacak\u201d uyar\u0131lar\u0131n\u0131 hat\u0131rlatarak, o d\u00f6nemde reddedilen kayg\u0131lar\u0131n bug\u00fcn yeniden g\u00fcndeme geldi\u011fini belirtti.<\/div>\n<div dir=\"auto\">HAZ\u0130NE\u2019YE BOR\u00c7 1,6 M\u0130LYARDAN 6 M\u0130LYAR TL\u2019YE \u00c7IKTI<\/div>\n<div dir=\"auto\">TCDD\u2019nin Hazine\u2019ye olan borcunun yakla\u015f\u0131k 1,6 milyar TL\u2019den 6 milyar TL seviyesine y\u00fckseldi\u011fine dikkat \u00e7eken Din\u00e7er, kurumun neden bu kadar bor\u00e7land\u0131\u011f\u0131n\u0131n ve bor\u00e7 art\u0131\u015f\u0131n\u0131n sorumlular\u0131n\u0131n kamuoyuna a\u00e7\u0131klanmas\u0131 gerekti\u011fini ifade etti.<\/div>\n<div dir=\"auto\">Din\u00e7er, \u201cTCDD bilin\u00e7li olarak bor\u00e7 bata\u011f\u0131na m\u0131 s\u00fcr\u00fckleniyor?\u201d sorusunu y\u00f6nelterek, kurumun mali yap\u0131s\u0131n\u0131n neden y\u0131llard\u0131r d\u00fczeltilemedi\u011finin de a\u00e7\u0131kl\u0131\u011fa kavu\u015fturulmas\u0131n\u0131 istedi.<\/div>\n<div dir=\"auto\">\u201cTCDD \u00d6ZELLE\u015eT\u0130RMEYE M\u0130 HAZIRLANIYOR?\u201d<\/div>\n<div dir=\"auto\">Din\u00e7er, Ula\u015ft\u0131rma ve Altyap\u0131 Bakan\u0131 Abd\u00fclkadir Uralo\u011flu\u2019na verdi\u011fi yaz\u0131l\u0131 soru \u00f6nergesinde h\u00fck\u00fcmetin TCDD i\u00e7in \u00f6zelle\u015ftirme, \u015firketle\u015ftirme veya \u00f6zel sekt\u00f6re devir plan\u0131 bulunup bulunmad\u0131\u011f\u0131n\u0131 sordu.<\/div>\n<div dir=\"auto\">Ayr\u0131ca TCDD\u2019nin \u201czarar ediyor, kamuya y\u00fck oluyor\u201d denilerek \u00f6zelle\u015ftirilmeye haz\u0131rlan\u0131p haz\u0131rlanmad\u0131\u011f\u0131n\u0131n ve kamuoyundan gizlenen bir \u00f6zelle\u015ftirme haz\u0131rl\u0131\u011f\u0131 bulunup bulunmad\u0131\u011f\u0131n\u0131n a\u00e7\u0131klanmas\u0131n\u0131 istedi.<\/div>\n<div dir=\"auto\">\u201cDEM\u0130RYOLLARI STRATEJ\u0130K B\u0130R KAMU H\u0130ZMET\u0130D\u0130R\u201d<\/div>\n<div dir=\"auto\">Din\u00e7er, demiryollar\u0131n\u0131n yaln\u0131zca ekonomik bir i\u015fletme olmad\u0131\u011f\u0131n\u0131, ayn\u0131 zamanda stratejik bir kamu hizmeti oldu\u011funu vurgulad\u0131.<\/div>\n<div dir=\"auto\">TCDD\u2019deki mali sorunlar\u0131n \u00e7\u00f6z\u00fcm\u00fcn\u00fcn \u00f6zelle\u015ftirme olup olmad\u0131\u011f\u0131n\u0131n sorgulanmas\u0131 gerekti\u011fini belirten Din\u00e7er, liyakatli y\u00f6netim, etkin yat\u0131r\u0131m planlamas\u0131 ve kamusal i\u015fletmecilik anlay\u0131\u015f\u0131yla kurumun g\u00fc\u00e7lendirilmesi gerekti\u011fini ifade etti.<\/div>\n<div dir=\"auto\">Din\u00e7er, TCDD\u2019nin bor\u00e7 y\u00fck\u00fcn\u00fcn, mali sorunlar\u0131n\u0131n ve gelece\u011fine ili\u015fkin politikalar\u0131n b\u00fct\u00fcn y\u00f6nleriyle ara\u015ft\u0131r\u0131lmas\u0131 amac\u0131yla TBMM\u2019de Meclis Ara\u015ft\u0131rma Komisyonu kurulmas\u0131n\u0131 istedi.<\/div>\n","protected":false},"excerpt":{"rendered":"<p>Yeni Parti Mersin Milletvekili Talat Din\u00e7er, T\u00fcrkiye Cumhuriyeti Devlet Demiryollar\u0131\u2019n\u0131n (TCDD) artan bor\u00e7 y\u00fck\u00fcn\u00fc ve kurumun gelece\u011fine ili\u015fkin soru i\u015faretlerini TBMM g\u00fcndemine ta\u015f\u0131d\u0131. Din\u00e7er, TCDD\u2019nin 2016 y\u0131l\u0131nda yeniden yap\u0131land\u0131r\u0131larak iki ayr\u0131 yap\u0131ya ayr\u0131lmas\u0131 s\u0131ras\u0131nda yap\u0131lan \u201cBu d\u00fczenleme \u00f6zelle\u015ftirmenin ilk ad\u0131m\u0131 olacak\u201d uyar\u0131lar\u0131n\u0131 hat\u0131rlatarak, o d\u00f6nemde reddedilen kayg\u0131lar\u0131n bug\u00fcn yeniden g\u00fcndeme geldi\u011fini belirtti. HAZ\u0130NE\u2019YE BOR\u00c7 1,6 [&hellip;]<\/p>\n","protected":false},"author":2,"featured_media":132704,"comment_status":"open","ping_status":"open","sticky":false,"template":"","format":"standard","meta":{"footnotes":""},"categories":[1],"tags":[],"class_list":["post-142847","post","type-post","status-publish","format-standard","has-post-thumbnail","hentry","category-gundem"],"views":60,"_links":{"self":[{"href":"https:\/\/mersingazetesi.com\/index.php\/wp-json\/wp\/v2\/posts\/142847","targetHints":{"allow":["GET"]}}],"collection":[{"href":"https:\/\/mersingazetesi.com\/index.php\/wp-json\/wp\/v2\/posts"}],"about":[{"href":"https:\/\/mersingazetesi.com\/index.php\/wp-json\/wp\/v2\/types\/post"}],"author":[{"embeddable":true,"href":"https:\/\/mersingazetesi.com\/index.php\/wp-json\/wp\/v2\/users\/2"}],"replies":[{"embeddable":true,"href":"https:\/\/mersingazetesi.com\/index.php\/wp-json\/wp\/v2\/comments?post=142847"}],"version-history":[{"count":1,"href":"https:\/\/mersingazetesi.com\/index.php\/wp-json\/wp\/v2\/posts\/142847\/revisions"}],"predecessor-version":[{"id":142848,"href":"https:\/\/mersingazetesi.com\/index.php\/wp-json\/wp\/v2\/posts\/142847\/revisions\/142848"}],"wp:featuredmedia":[{"embeddable":true,"href":"https:\/\/mersingazetesi.com\/index.php\/wp-json\/wp\/v2\/media\/132704"}],"wp:attachment":[{"href":"https:\/\/mersingazetesi.com\/index.php\/wp-json\/wp\/v2\/media?parent=142847"}],"wp:term":[{"taxonomy":"category","embeddable":true,"href":"https:\/\/mersingazetesi.com\/index.php\/wp-json\/wp\/v2\/categories?post=142847"},{"taxonomy":"post_tag","embeddable":true,"href":"https:\/\/mersingazetesi.com\/index.php\/wp-json\/wp\/v2\/tags?post=142847"}],"curies":[{"name":"wp","href":"https:\/\/api.w.org\/{rel}","templated":true}]}}